{"id":91294,"date":"2026-08-31T17:10:04","date_gmt":"2026-08-31T20:10:04","guid":{"rendered":"https:\/\/maxradio923.com.ar\/index.php\/2026\/08\/31\/black-eyed-peas-vuelve-a-la-argentina-precio-fecha-y-como-comprar-entradas-para-el-movistar-arena\/"},"modified":"2026-08-31T17:10:04","modified_gmt":"2026-08-31T20:10:04","slug":"black-eyed-peas-vuelve-a-la-argentina-precio-fecha-y-como-comprar-entradas-para-el-movistar-arena","status":"publish","type":"post","link":"https:\/\/maxradio923.com.ar\/index.php\/2026\/08\/31\/black-eyed-peas-vuelve-a-la-argentina-precio-fecha-y-como-comprar-entradas-para-el-movistar-arena\/","title":{"rendered":"Black Eyed Peas vuelve a la Argentina: precio, fecha y c\u00f3mo comprar entradas para el Movistar Arena"},"content":{"rendered":"<p><\/p>\n<div>\n<p class=\"com-paragraph --s\"><strong>Black Eyed Peas<\/strong> volver\u00e1 a la Argentina despu\u00e9s de <strong>16 a\u00f1os<\/strong>. La banda integrada por <strong>will.i.am, apl.de.ap y Taboo<\/strong> se presentar\u00e1 el <strong>viernes 4 de septiembre<\/strong> en el <strong>Movistar Arena<\/strong> como parte de su <strong>Summer Tour 2026<\/strong>.<\/p>\n<p class=\"com-paragraph --s\">El recital permitir\u00e1 recorrer una discograf\u00eda que alcanz\u00f3 proyecci\u00f3n global con \u00e1lbumes como <em>Elephunk<\/em>, <em>Monkey Business<\/em> y <em>The E.N.D.<\/em>, adem\u00e1s del material editado por el grupo durante su etapa m\u00e1s reciente.<\/p>\n<p class=\"com-paragraph --s\">El concierto porte\u00f1o se incorpora a un a\u00f1o de intensa actividad internacional. Durante junio y julio, el Summer Tour pas\u00f3 por Noruega, Suecia, Finlandia, Estonia, Polonia, Lituania, Dinamarca, Francia, Croacia, B\u00e9lgica y otros destinos europeos.<\/p>\n<p><h4 class=\"font-primary font-w-bold text-subheading-md text-left container-center-100 mb-8\"><span>Cu\u00e1ndo y d\u00f3nde toca Black Eyed Peas en Buenos Aires<\/span><\/h4>\n<\/p>\n<p><h4 class=\"font-primary font-w-bold text-subheading-md text-left container-center-100 mb-8\"><span>Precios de entradas para Black Eyed Peas en Movistar Arena<\/span><\/h4>\n<\/p>\n<p class=\"com-paragraph --s\">Las localidades disponibles parten de <strong>$135.000<\/strong>, seg\u00fan sector y disponibilidad.<\/p>\n<p><h4 class=\"font-primary font-w-bold text-subheading-md text-left container-center-100 mb-8\"><span>C\u00f3mo comprar entradas para Black Eyed Peas<\/span><\/h4>\n<\/p>\n<p><h4 class=\"font-primary font-w-bold text-subheading-md text-left container-center-100 mb-8\"><span>Qu\u00e9 canciones puede incluir el show<\/span><\/h4>\n<\/p>\n<p class=\"com-paragraph --s\">El repertorio permite recorrer algunas de las canciones que marcaron las distintas etapas de Black Eyed Peas. <em>Elephunk<\/em>, publicado en 2003, incluy\u00f3 \u201cWhere Is the Love?\u201d, \u201cShut Up\u201d y \u201cLet\u2019s Get It Started\u201d.<\/p>\n<p class=\"com-paragraph --s\">Luego lleg\u00f3 <em>Monkey Business<\/em>, con canciones como \u201cDon\u2019t Phunk with My Heart\u201d y \u201cPump It\u201d, y en 2009 apareci\u00f3 <em>The E.N.D.<\/em>, que contiene \u201cBoom Boom Pow\u201d e \u201cI Gotta Feeling\u201d. A esa etapa se sum\u00f3 <em>The Beginning<\/em>, editado en 2010, con \u201cThe Time (Dirty Bit)\u201d y \u201cJust Can\u2019t Get Enough\u201d.<\/p>\n<p><h4 class=\"font-primary font-w-bold text-subheading-md text-left container-center-100 mb-8\"><span>La gira Summer Tour 2026<\/span><\/h4>\n<\/p>\n<p class=\"com-paragraph --s\">Black Eyed Peas pas\u00f3 buena parte de junio y julio recorriendo festivales y arenas europeas. Entre las escalas oficiales aparecen Trondheim, Stavanger, Ume\u00e5, Helsinki, Tallin, Varsovia, Kaunas, N\u00eemes, Zagreb y Li\u00e8ge.<\/p>\n<p class=\"com-paragraph --s\">Buenos Aires integra la continuidad internacional del calendario del grupo durante el segundo semestre.<\/p>\n<p><h4 class=\"font-primary font-w-bold text-subheading-md text-left container-center-100 mb-8\"><span>La historia de Black Eyed Peas con el p\u00fablico argentino<\/span><\/h4>\n<\/p>\n<p class=\"com-paragraph --s\">La funci\u00f3n marcar\u00e1 el regreso del grupo a la Argentina despu\u00e9s de <strong>16 a\u00f1os<\/strong>. La visita anterior se produjo durante la etapa en la que la banda recorr\u00eda internacionalmente los discos <em>The E.N.D.<\/em> y <em>The Beginning<\/em>.<\/p>\n<p class=\"com-paragraph --s\">El nuevo concierto encuentra al grupo en una formaci\u00f3n encabezada por will.i.am, apl.de.ap y Taboo y con un repertorio que abarca m\u00e1s de dos d\u00e9cadas de \u00e9xitos.<\/p>\n<section class=\"container-center-100 mb-40 border border-bottom border-thin border-neutral-light-700\">\n<hr\/>\n<\/section>\n<\/div>\n<p><script id=\"facebookpixel\" defer=\"\" type=\"text\/javascript\">\n        !function(f,b,e,v,n,t,s)\n        {if(f.fbq)return;n=f.fbq=function(){n.callMethod?\n        n.callMethod.apply(n,arguments):n.queue.push(arguments)};\n        if(!f._fbq)f._fbq=n;n.push=n;n.loaded=!0;n.version='2.0';\n        n.queue=[];t=b.createElement(e);t.async=!0;\n        t.src=v;s=b.getElementsByTagName(e)[0];\n        s.parentNode.insertBefore(t,s)}(window, document,'script',\n        '\n        fbq('init', '492459597522335');\n        fbq('track', 'PageView');\n    <\/script><\/p>\n","protected":false},"excerpt":{"rendered":"<p>Black Eyed Peas volver\u00e1 a la Argentina despu\u00e9s de 16 a\u00f1os. La banda integrada por will.i.am, apl.de.ap y Taboo se presentar\u00e1 el viernes 4 de septiembre en el Movistar Arena como parte de su Summer Tour 2026. El recital permitir\u00e1 recorrer una discograf\u00eda que alcanz\u00f3 proyecci\u00f3n global con \u00e1lbumes como Elephunk, Monkey Business y The [&hellip;]<\/p>\n","protected":false},"author":2,"featured_media":91295,"comment_status":"","ping_status":"","sticky":false,"template":"","format":"standard","meta":{"footnotes":""},"categories":[14],"tags":[],"_links":{"self":[{"href":"https:\/\/maxradio923.com.ar\/index.php\/wp-json\/wp\/v2\/posts\/91294"}],"collection":[{"href":"https:\/\/maxradio923.com.ar\/index.php\/wp-json\/wp\/v2\/posts"}],"about":[{"href":"https:\/\/maxradio923.com.ar\/index.php\/wp-json\/wp\/v2\/types\/post"}],"author":[{"embeddable":true,"href":"https:\/\/maxradio923.com.ar\/index.php\/wp-json\/wp\/v2\/users\/2"}],"replies":[{"embeddable":true,"href":"https:\/\/maxradio923.com.ar\/index.php\/wp-json\/wp\/v2\/comments?post=91294"}],"version-history":[{"count":0,"href":"https:\/\/maxradio923.com.ar\/index.php\/wp-json\/wp\/v2\/posts\/91294\/revisions"}],"wp:featuredmedia":[{"embeddable":true,"href":"https:\/\/maxradio923.com.ar\/index.php\/wp-json\/wp\/v2\/media\/91295"}],"wp:attachment":[{"href":"https:\/\/maxradio923.com.ar\/index.php\/wp-json\/wp\/v2\/media?parent=91294"}],"wp:term":[{"taxonomy":"category","embeddable":true,"href":"https:\/\/maxradio923.com.ar\/index.php\/wp-json\/wp\/v2\/categories?post=91294"},{"taxonomy":"post_tag","embeddable":true,"href":"https:\/\/maxradio923.com.ar\/index.php\/wp-json\/wp\/v2\/tags?post=91294"}],"curies":[{"name":"wp","href":"https:\/\/api.w.org\/{rel}","templated":true}]}}