{"id":91288,"date":"2026-08-31T13:42:15","date_gmt":"2026-08-31T16:42:15","guid":{"rendered":"https:\/\/maxradio923.com.ar\/index.php\/2026\/08\/31\/gobierno-y-produccion-organizan-un-conversatorio-virtual-con-cancilleria-en-el-marco-de-argoliva\/"},"modified":"2026-08-31T13:42:15","modified_gmt":"2026-08-31T16:42:15","slug":"gobierno-y-produccion-organizan-un-conversatorio-virtual-con-cancilleria-en-el-marco-de-argoliva","status":"publish","type":"post","link":"https:\/\/maxradio923.com.ar\/index.php\/2026\/08\/31\/gobierno-y-produccion-organizan-un-conversatorio-virtual-con-cancilleria-en-el-marco-de-argoliva\/","title":{"rendered":"Gobierno y Producci\u00f3n organizan un conversatorio virtual con Canciller\u00eda en el marco de ArgOliva"},"content":{"rendered":"<p><\/p>\n<div>\n<p>En el marco del 15\u00b0 Encuentro Oliv\u00edcola Internacional ArgOliva 2026, la Provincia realizar\u00e1 una capacitaci\u00f3n virtual enfocada en el impacto del acuerdo Mercosur &#8211; Uni\u00f3n Europea. La actividad se desarrollar\u00e1 este mi\u00e9rcoles 2 de septiembre a las 10:00 a trav\u00e9s de la plataforma Google Meet.<\/p>\n<p>La iniciativa est\u00e1 organizada por la Direcci\u00f3n de Integraci\u00f3n y Desarrollo Regional, dependiente de la Secretar\u00eda de Relaciones Institucionales del Ministerio de Gobierno en conjunto con la Direcci\u00f3n de Comercio Exterior, de la Secretar\u00eda de Desarrollo Econ\u00f3mico del Ministerio de Producci\u00f3n, Trabajo e Innovaci\u00f3n. La jornada contar\u00e1 con la exposici\u00f3n de especialistas de Canciller\u00eda de la Naci\u00f3n.<\/p>\n<p>Durante el conversatorio se analizar\u00e1n las oportunidades comerciales para las econom\u00edas regionales.<\/p>\n<p>La convocatoria es abierta a todo p\u00fablico, para participar, las personas interesadas deben registrarse previamente completando el formulario de inscripci\u00f3n aqu\u00ed. <\/p>\n<p> Asimismo, el d\u00eda de la jornada se debe ingresar a Google Meet a trav\u00e9s del siguiente enlace aqu\u00ed.<\/p>\n<\/p><\/div>\n<p><script async defer crossorigin=\"anonymous\" src=\"https:\/\/connect.facebook.net\/es_ES\/sdk.js#xfbml=1&#038;version=v3.3\"><\/script><\/p>\n","protected":false},"excerpt":{"rendered":"<p>En el marco del 15\u00b0 Encuentro Oliv\u00edcola Internacional ArgOliva 2026, la Provincia realizar\u00e1 una capacitaci\u00f3n virtual enfocada en el impacto del acuerdo Mercosur &#8211; Uni\u00f3n Europea. La actividad se desarrollar\u00e1 este mi\u00e9rcoles 2 de septiembre a las 10:00 a trav\u00e9s de la plataforma Google Meet. La iniciativa est\u00e1 organizada por la Direcci\u00f3n de Integraci\u00f3n y [&hellip;]<\/p>\n","protected":false},"author":2,"featured_media":91289,"comment_status":"","ping_status":"","sticky":false,"template":"","format":"standard","meta":{"footnotes":""},"categories":[8],"tags":[],"_links":{"self":[{"href":"https:\/\/maxradio923.com.ar\/index.php\/wp-json\/wp\/v2\/posts\/91288"}],"collection":[{"href":"https:\/\/maxradio923.com.ar\/index.php\/wp-json\/wp\/v2\/posts"}],"about":[{"href":"https:\/\/maxradio923.com.ar\/index.php\/wp-json\/wp\/v2\/types\/post"}],"author":[{"embeddable":true,"href":"https:\/\/maxradio923.com.ar\/index.php\/wp-json\/wp\/v2\/users\/2"}],"replies":[{"embeddable":true,"href":"https:\/\/maxradio923.com.ar\/index.php\/wp-json\/wp\/v2\/comments?post=91288"}],"version-history":[{"count":0,"href":"https:\/\/maxradio923.com.ar\/index.php\/wp-json\/wp\/v2\/posts\/91288\/revisions"}],"wp:featuredmedia":[{"embeddable":true,"href":"https:\/\/maxradio923.com.ar\/index.php\/wp-json\/wp\/v2\/media\/91289"}],"wp:attachment":[{"href":"https:\/\/maxradio923.com.ar\/index.php\/wp-json\/wp\/v2\/media?parent=91288"}],"wp:term":[{"taxonomy":"category","embeddable":true,"href":"https:\/\/maxradio923.com.ar\/index.php\/wp-json\/wp\/v2\/categories?post=91288"},{"taxonomy":"post_tag","embeddable":true,"href":"https:\/\/maxradio923.com.ar\/index.php\/wp-json\/wp\/v2\/tags?post=91288"}],"curies":[{"name":"wp","href":"https:\/\/api.w.org\/{rel}","templated":true}]}}