{"id":91286,"date":"2026-08-31T13:14:13","date_gmt":"2026-08-31T16:14:13","guid":{"rendered":"https:\/\/maxradio923.com.ar\/index.php\/2026\/08\/31\/una-semana-de-avances-que-se-traducen-en-beneficios-para-los-sanjuaninos\/"},"modified":"2026-08-31T13:14:13","modified_gmt":"2026-08-31T16:14:13","slug":"una-semana-de-avances-que-se-traducen-en-beneficios-para-los-sanjuaninos","status":"publish","type":"post","link":"https:\/\/maxradio923.com.ar\/index.php\/2026\/08\/31\/una-semana-de-avances-que-se-traducen-en-beneficios-para-los-sanjuaninos\/","title":{"rendered":"Una semana de avances que se traducen en beneficios para los sanjuaninos"},"content":{"rendered":"<p><\/p>\n<div>\n<p class=\"PDq2pG_selectionAnchorContainer\" data-start=\"425\" data-end=\"648\">La semana dej\u00f3 nuevas acciones de gesti\u00f3n que apuntan a mejorar la calidad de vida de los sanjuaninos, con obras y programas que impactan directamente en la movilidad, la educaci\u00f3n, el acceso a servicios b\u00e1sicos y la salud.<\/p>\n<p data-start=\"650\" data-end=\"1009\"><strong data-start=\"650\" data-end=\"709\">Comenz\u00f3 la repavimentaci\u00f3n de la calle Sargento Cabral.<\/strong> Con fondos 100% provinciales, se puso en marcha una obra que permitir\u00e1 mejorar la conexi\u00f3n entre Capital y Rivadavia. Los trabajos contemplan la renovaci\u00f3n del pavimento en el tramo comprendido entre Paula Albarrac\u00edn de Sarmiento y Rastreador Cal\u00edvar, favoreciendo una circulaci\u00f3n m\u00e1s segura y \u00e1gil.<\/p>\n<p data-start=\"1011\" data-end=\"1398\"><strong data-start=\"1011\" data-end=\"1062\">M\u00e1s herramientas para los docentes sanjuaninos.<\/strong> Comenz\u00f3 la segunda edici\u00f3n del programa <em data-start=\"1103\" data-end=\"1145\">Maestro de Am\u00e9rica, cultivando el futuro<\/em>, con la entrega de computadoras a 3.000 docentes. Con esta nueva distribuci\u00f3n, ya son 33.000 los equipos entregados a integrantes de la comunidad educativa de toda la provincia, fortaleciendo el acceso a tecnolog\u00eda y nuevas herramientas para las aulas.<\/p>\n<p data-start=\"1400\" data-end=\"1788\"><strong data-start=\"1400\" data-end=\"1491\">La electricidad lleg\u00f3 a familias de Valle F\u00e9rtil que nunca hab\u00edan tenido este servicio.<\/strong> La obra permiti\u00f3 que habitantes de Sierra de Ch\u00e1vez y Sierra de Elizondo accedieran por primera vez a la energ\u00eda el\u00e9ctrica. Se realizaron m\u00e1s de 9 kil\u00f3metros de tendido, llevando un servicio esencial que transforma la vida cotidiana de familias que durante generaciones vivieron sin electricidad.<\/p>\n<p data-start=\"1790\" data-end=\"2227\" data-is-last-node=\"\" data-is-only-node=\"\"><strong data-start=\"1790\" data-end=\"1867\">M\u00e1s de 3.000 ni\u00f1os y adolescentes accedieron a controles de salud visual.<\/strong> El operativo <em data-start=\"1881\" data-end=\"1902\">Ver para ser libres<\/em> lleg\u00f3 a 24 localidades sanjuaninas con el apoyo del Gobierno provincial. La iniciativa permiti\u00f3 realizar controles oftalmol\u00f3gicos a ni\u00f1os y adolescentes de zonas aleda\u00f1as a la Capital y entregar anteojos a quienes los necesitaban, facilitando el acceso a una atenci\u00f3n que contribuye directamente a su bienestar y desarrollo.<\/p>\n<\/p><\/div>\n<p><script async defer crossorigin=\"anonymous\" src=\"https:\/\/connect.facebook.net\/es_ES\/sdk.js#xfbml=1&#038;version=v3.3\"><\/script><\/p>\n","protected":false},"excerpt":{"rendered":"<p>La semana dej\u00f3 nuevas acciones de gesti\u00f3n que apuntan a mejorar la calidad de vida de los sanjuaninos, con obras y programas que impactan directamente en la movilidad, la educaci\u00f3n, el acceso a servicios b\u00e1sicos y la salud. Comenz\u00f3 la repavimentaci\u00f3n de la calle Sargento Cabral. Con fondos 100% provinciales, se puso en marcha una [&hellip;]<\/p>\n","protected":false},"author":2,"featured_media":91287,"comment_status":"","ping_status":"","sticky":false,"template":"","format":"standard","meta":{"footnotes":""},"categories":[8],"tags":[],"_links":{"self":[{"href":"https:\/\/maxradio923.com.ar\/index.php\/wp-json\/wp\/v2\/posts\/91286"}],"collection":[{"href":"https:\/\/maxradio923.com.ar\/index.php\/wp-json\/wp\/v2\/posts"}],"about":[{"href":"https:\/\/maxradio923.com.ar\/index.php\/wp-json\/wp\/v2\/types\/post"}],"author":[{"embeddable":true,"href":"https:\/\/maxradio923.com.ar\/index.php\/wp-json\/wp\/v2\/users\/2"}],"replies":[{"embeddable":true,"href":"https:\/\/maxradio923.com.ar\/index.php\/wp-json\/wp\/v2\/comments?post=91286"}],"version-history":[{"count":0,"href":"https:\/\/maxradio923.com.ar\/index.php\/wp-json\/wp\/v2\/posts\/91286\/revisions"}],"wp:featuredmedia":[{"embeddable":true,"href":"https:\/\/maxradio923.com.ar\/index.php\/wp-json\/wp\/v2\/media\/91287"}],"wp:attachment":[{"href":"https:\/\/maxradio923.com.ar\/index.php\/wp-json\/wp\/v2\/media?parent=91286"}],"wp:term":[{"taxonomy":"category","embeddable":true,"href":"https:\/\/maxradio923.com.ar\/index.php\/wp-json\/wp\/v2\/categories?post=91286"},{"taxonomy":"post_tag","embeddable":true,"href":"https:\/\/maxradio923.com.ar\/index.php\/wp-json\/wp\/v2\/tags?post=91286"}],"curies":[{"name":"wp","href":"https:\/\/api.w.org\/{rel}","templated":true}]}}