{"id":91284,"date":"2026-08-31T12:48:06","date_gmt":"2026-08-31T15:48:06","guid":{"rendered":"https:\/\/maxradio923.com.ar\/index.php\/2026\/08\/31\/angaco-suma-controles-y-estudios-preventivos-con-las-unidades-sanitarias-moviles\/"},"modified":"2026-08-31T12:48:06","modified_gmt":"2026-08-31T15:48:06","slug":"angaco-suma-controles-y-estudios-preventivos-con-las-unidades-sanitarias-moviles","status":"publish","type":"post","link":"https:\/\/maxradio923.com.ar\/index.php\/2026\/08\/31\/angaco-suma-controles-y-estudios-preventivos-con-las-unidades-sanitarias-moviles\/","title":{"rendered":"Angaco suma controles y estudios preventivos con las Unidades Sanitarias M\u00f3viles"},"content":{"rendered":"<p><\/p>\n<div>\n<p>El Gobierno de San Juan, a trav\u00e9s del Ministerio de Salud, contin\u00faa acercando atenci\u00f3n sanitaria a las comunidades de toda la provincia mediante una estrategia territorial que facilita el acceso a controles y estudios preventivos.<\/p>\n<p>Las Unidades Sanitarias M\u00f3viles estar\u00e1n en el Centro de Salud El Bosque departamento Angaco, de 08:30 a 12:30, para que los vecinos puedan realizar diferentes consultas y completar controles en un mismo circuito de atenci\u00f3n.<\/p>\n<p>La propuesta contempla prestaciones de odontolog\u00eda, fonoaudiolog\u00eda, otorrinolaringolog\u00eda, oftalmolog\u00eda, ginecolog\u00eda con Papanicolaou, ecograf\u00eda, radiolog\u00eda, mamograf\u00eda, nutrici\u00f3n y test r\u00e1pido de infecciones de transmisi\u00f3n sexual.<\/p>\n<p>La presencia de las unidades permite acercar especialidades que, en otras circunstancias, pueden requerir traslados hacia otros puntos de atenci\u00f3n. De esta manera, se favorece la prevenci\u00f3n, el diagn\u00f3stico oportuno y el cuidado integral de las familias.<\/p>\n<p><strong>El martes 1 de septiembre se sumar\u00e1 el Vacunatorio M\u00f3vil, destinado a completar esquemas de vacunaci\u00f3n y reforzar la protecci\u00f3n de la comunidad.<\/strong><\/p>\n<p><strong>Tambi\u00e9n estar\u00e1 presente la movilidad expr\u00e9s de Zoonosis, que realizar\u00e1 castraciones y vacunaci\u00f3n de perros y gatos, promoviendo el cuidado responsable y la prevenci\u00f3n de enfermedades.<\/strong><\/p>\n<p>La iniciativa forma parte de las acciones que impulsan una atenci\u00f3n m\u00e1s cercana, accesible y vinculada con las necesidades de cada departamento.<\/p>\n<\/p><\/div>\n<p><script async defer crossorigin=\"anonymous\" src=\"https:\/\/connect.facebook.net\/es_ES\/sdk.js#xfbml=1&#038;version=v3.3\"><\/script><\/p>\n","protected":false},"excerpt":{"rendered":"<p>El Gobierno de San Juan, a trav\u00e9s del Ministerio de Salud, contin\u00faa acercando atenci\u00f3n sanitaria a las comunidades de toda la provincia mediante una estrategia territorial que facilita el acceso a controles y estudios preventivos. Las Unidades Sanitarias M\u00f3viles estar\u00e1n en el Centro de Salud El Bosque departamento Angaco, de 08:30 a 12:30, para que [&hellip;]<\/p>\n","protected":false},"author":2,"featured_media":91285,"comment_status":"","ping_status":"","sticky":false,"template":"","format":"standard","meta":{"footnotes":""},"categories":[8],"tags":[],"_links":{"self":[{"href":"https:\/\/maxradio923.com.ar\/index.php\/wp-json\/wp\/v2\/posts\/91284"}],"collection":[{"href":"https:\/\/maxradio923.com.ar\/index.php\/wp-json\/wp\/v2\/posts"}],"about":[{"href":"https:\/\/maxradio923.com.ar\/index.php\/wp-json\/wp\/v2\/types\/post"}],"author":[{"embeddable":true,"href":"https:\/\/maxradio923.com.ar\/index.php\/wp-json\/wp\/v2\/users\/2"}],"replies":[{"embeddable":true,"href":"https:\/\/maxradio923.com.ar\/index.php\/wp-json\/wp\/v2\/comments?post=91284"}],"version-history":[{"count":0,"href":"https:\/\/maxradio923.com.ar\/index.php\/wp-json\/wp\/v2\/posts\/91284\/revisions"}],"wp:featuredmedia":[{"embeddable":true,"href":"https:\/\/maxradio923.com.ar\/index.php\/wp-json\/wp\/v2\/media\/91285"}],"wp:attachment":[{"href":"https:\/\/maxradio923.com.ar\/index.php\/wp-json\/wp\/v2\/media?parent=91284"}],"wp:term":[{"taxonomy":"category","embeddable":true,"href":"https:\/\/maxradio923.com.ar\/index.php\/wp-json\/wp\/v2\/categories?post=91284"},{"taxonomy":"post_tag","embeddable":true,"href":"https:\/\/maxradio923.com.ar\/index.php\/wp-json\/wp\/v2\/tags?post=91284"}],"curies":[{"name":"wp","href":"https:\/\/api.w.org\/{rel}","templated":true}]}}