{"id":91282,"date":"2026-08-31T12:35:03","date_gmt":"2026-08-31T15:35:03","guid":{"rendered":"https:\/\/maxradio923.com.ar\/index.php\/2026\/08\/31\/murio-miguel-zavaleta-el-cantante-de-sueter-y-simbolo-del-rock-argentino-de-los-anos-80\/"},"modified":"2026-08-31T12:35:03","modified_gmt":"2026-08-31T15:35:03","slug":"murio-miguel-zavaleta-el-cantante-de-sueter-y-simbolo-del-rock-argentino-de-los-anos-80","status":"publish","type":"post","link":"https:\/\/maxradio923.com.ar\/index.php\/2026\/08\/31\/murio-miguel-zavaleta-el-cantante-de-sueter-y-simbolo-del-rock-argentino-de-los-anos-80\/","title":{"rendered":"Muri\u00f3 Miguel Zavaleta, el cantante de Su\u00e9ter y s\u00edmbolo del rock argentino de los a\u00f1os 80"},"content":{"rendered":"<p><\/p>\n<div>\n<p class=\"com-paragraph --capital --s text-left\">Un lunes muy triste para el rock nacional. El fundador de Su\u00e9ter y miembro fundamental del rock argentino de los a\u00f1os 80, <strong>Miguel Zavaleta muri\u00f3 hoy a los 71 a\u00f1os.<\/strong> La noticia fue confirmada por <strong>Hilda Lizarazu<\/strong> y por el periodista <strong>Sergio Marchi<\/strong>, quien dio la informaci\u00f3n en su cuenta de X (ex Twitter).<\/p>\n<p class=\"com-paragraph --s text-left\">\u201cMuri\u00f3 Miguel Zavaleta a los 71 a\u00f1os, tras luchar contra un c\u00e1ncer cruel. Fue cantante de Bubu y l\u00edder de Su\u00e9ter. Un tipo muy genial y divertido, animador de aquellos locos a\u00f1os 80. Lo vamos a extra\u00f1ar much\u00edsimo. Aqu\u00ed con Tito Losavio, Beno Guelbert, Ale de Silvestre y Miguel. 2024\u2033. Escribi\u00f3 Sergio Marchi<\/p>\n<p><h2 class=\"font-primary font-w-bold text-subheading-lg text-left container-center-100 mb-8\"><span>El nacimiento de Su\u00e9ter<\/span><\/h2>\n<\/p>\n<p class=\"com-paragraph --s text-left\">Miguel Zavaleta fund\u00f3 Su\u00e9ter en 1981, en plena dictadura militar y se puso al frente con su voz y sus teclados. La formaci\u00f3n la completaron Gustavo Don\u00e9s(bajo), Juan del Barrio(teclados) y Jorge Minissale (guitarra). Precisamente con Minissale conform\u00f3 la \u00faltima reencarnaci\u00f3n de la banda, apenas un par de a\u00f1os atr\u00e1s.<\/p>\n<div class=\"content-media\">\n<section role=\"button\" class=\"mod-media   \">\n<figure role=\"button\" tabindex=\"0\" class=\"mod-figure \"><figcaption class=\"mod-figcaption\"><span class=\"com-text --caption --twoxs\">Miguel Zavaleta y Jorge Minissale, entrevistados por LA NACION en 2024<\/span><span class=\"com-text --credit --twoxs\">Soledad Aznarez &#8211; LA NACION<\/span><\/figcaption><\/figure>\n<\/section>\n<\/div>\n<p class=\"com-paragraph --s text-left\">\u201cYo ven\u00eda de vivir en Inglaterra\u201d, record\u00f3 dos a\u00f1os atr\u00e1s en di\u00e1logo con LA NACION Zavaleta sobre los inicios de Su\u00e9ter. En esa misma entrevista, su socio y amigo Minissale sumaba: \u201cYo era un ni\u00f1o que ven\u00eda de tocar con un grupo de amigos de Ramos Mej\u00eda y estaba tratando de subir un escal\u00f3n, de pasar del <em>underground <\/em>al circuito profesional, de llegar a la Capital y conocer a la gente que ve\u00eda en las revistas. Con Miguel nos conocimos de casualidad, cuando fuimos contratados para acompa\u00f1ar a un cantante del que hoy ni recuerdo el nombre. Luego, los que integr\u00e1bamos esa banda soporte nos independizamos y creamos Su\u00e9ter\u201d.<\/p>\n<p class=\"com-paragraph --s text-left\">Antes de Su\u00e9ter, Zavaleta form\u00f3 Bubu y transit\u00f3 el <em>under<\/em> de finales de los a\u00f1os 70 y comienzos de los 80 con diversas propuestas que inclu\u00edan lo teatral. <\/p>\n<p class=\"com-paragraph --s text-left\">Su\u00e1lbum debut hom\u00f3nimofue editado en el a\u00f1o 1982 (al que tambi\u00e9n se lo conoci\u00f3 como<em>La reserva moral de Occidente,<\/em>una humorada hacia los militares del<em>Proceso<\/em>), conformado por diez canciones emparentados con elpop rock, entre las cuales estaban \u00abComo un barco lleno de lauchas\u00bb, \u00abSin porteros\u00bb, \u00abAtrapado en el hielo\u00bb y \u00abEl pecar\u00ed\u00bb. Lamentablemente, el disco pas\u00f3 casi desapercibido, aunque empezaron a convocar algunos fan\u00e1ticos. Su debut oficial fue el 25 de diciembre de 1982 cuando fueron invitados porCharly Garc\u00edaa abrir junto aLos Abuelos de la Nadauna presentaci\u00f3n en elEstadio Ferrocarril Oeste, que era parte de la gira de promoci\u00f3n del \u00e1lbum<em>Yendo de la cama al living<\/em>de Garc\u00eda. Pese a los preparativos para la ocasi\u00f3n, no fueron bien recibidos: el p\u00fablico los rechaz\u00f3 arrojando objetos al escenario y cuando alguien del p\u00fablico grit\u00f3 \u201cque se vayan\u201d, Zavaleta respondi\u00f3 \u201csi quer\u00e9s que me vaya andate vos, flaco\u201d; hecho que precipit\u00f3 el descontrol del show y la salida apresurada de la banda del escenario.<sup>[21]<\/sup>La falta de prueba de sonido y del ensayo &#8211; a ra\u00edz de una lluvia -, puso tensa a la banda, y en particular a Zavaleta.<\/p>\n<p class=\"com-paragraph --s text-left\"><em><strong>Noticia en desarrollo<\/strong><\/em><\/p>\n<section class=\"container-center-100 mb-40 border border-bottom border-thin border-neutral-light-700\">\n<hr\/>\n<\/section>\n<\/div>\n<p><script id=\"facebookpixel\" defer=\"\" type=\"text\/javascript\">\n        !function(f,b,e,v,n,t,s)\n        {if(f.fbq)return;n=f.fbq=function(){n.callMethod?\n        n.callMethod.apply(n,arguments):n.queue.push(arguments)};\n        if(!f._fbq)f._fbq=n;n.push=n;n.loaded=!0;n.version='2.0';\n        n.queue=[];t=b.createElement(e);t.async=!0;\n        t.src=v;s=b.getElementsByTagName(e)[0];\n        s.parentNode.insertBefore(t,s)}(window, document,'script',\n        '\n        fbq('init', '492459597522335');\n        fbq('track', 'PageView');\n    <\/script><\/p>\n","protected":false},"excerpt":{"rendered":"<p>Un lunes muy triste para el rock nacional. El fundador de Su\u00e9ter y miembro fundamental del rock argentino de los a\u00f1os 80, Miguel Zavaleta muri\u00f3 hoy a los 71 a\u00f1os. La noticia fue confirmada por Hilda Lizarazu y por el periodista Sergio Marchi, quien dio la informaci\u00f3n en su cuenta de X (ex Twitter). \u201cMuri\u00f3 [&hellip;]<\/p>\n","protected":false},"author":2,"featured_media":91283,"comment_status":"","ping_status":"","sticky":false,"template":"","format":"standard","meta":{"footnotes":""},"categories":[14],"tags":[],"_links":{"self":[{"href":"https:\/\/maxradio923.com.ar\/index.php\/wp-json\/wp\/v2\/posts\/91282"}],"collection":[{"href":"https:\/\/maxradio923.com.ar\/index.php\/wp-json\/wp\/v2\/posts"}],"about":[{"href":"https:\/\/maxradio923.com.ar\/index.php\/wp-json\/wp\/v2\/types\/post"}],"author":[{"embeddable":true,"href":"https:\/\/maxradio923.com.ar\/index.php\/wp-json\/wp\/v2\/users\/2"}],"replies":[{"embeddable":true,"href":"https:\/\/maxradio923.com.ar\/index.php\/wp-json\/wp\/v2\/comments?post=91282"}],"version-history":[{"count":0,"href":"https:\/\/maxradio923.com.ar\/index.php\/wp-json\/wp\/v2\/posts\/91282\/revisions"}],"wp:featuredmedia":[{"embeddable":true,"href":"https:\/\/maxradio923.com.ar\/index.php\/wp-json\/wp\/v2\/media\/91283"}],"wp:attachment":[{"href":"https:\/\/maxradio923.com.ar\/index.php\/wp-json\/wp\/v2\/media?parent=91282"}],"wp:term":[{"taxonomy":"category","embeddable":true,"href":"https:\/\/maxradio923.com.ar\/index.php\/wp-json\/wp\/v2\/categories?post=91282"},{"taxonomy":"post_tag","embeddable":true,"href":"https:\/\/maxradio923.com.ar\/index.php\/wp-json\/wp\/v2\/tags?post=91282"}],"curies":[{"name":"wp","href":"https:\/\/api.w.org\/{rel}","templated":true}]}}