{"id":91280,"date":"2026-08-31T11:31:03","date_gmt":"2026-08-31T14:31:03","guid":{"rendered":"https:\/\/maxradio923.com.ar\/index.php\/2026\/08\/31\/video-asi-fue-la-detencion-de-callejero-fino-mientras-circulaba-sin-patente-y-con-una-pistola-glock-en-la-guantera\/"},"modified":"2026-08-31T11:31:03","modified_gmt":"2026-08-31T14:31:03","slug":"video-asi-fue-la-detencion-de-callejero-fino-mientras-circulaba-sin-patente-y-con-una-pistola-glock-en-la-guantera","status":"publish","type":"post","link":"https:\/\/maxradio923.com.ar\/index.php\/2026\/08\/31\/video-asi-fue-la-detencion-de-callejero-fino-mientras-circulaba-sin-patente-y-con-una-pistola-glock-en-la-guantera\/","title":{"rendered":"Video: as\u00ed fue la detenci\u00f3n de Callejero Fino mientras circulaba sin patente y con una pistola Glock en la guantera"},"content":{"rendered":"<p><\/p>\n<div>\n<p class=\"com-paragraph --capital --s text-left\">Un automovilista que circulaba este domingo por las calles del municipio bonaerense de <strong>Tigre<\/strong> grab\u00f3 <strong>el momento en que el conocido rapero Callejero Fino<\/strong>, cuyo verdadero nombre es Sim\u00f3n Natanael Alvarenga, <strong>intentaba explicarles a los polic\u00edas que lo hab\u00edan interceptado cuando conduc\u00eda su camioneta Volkswagen Amarok por qu\u00e9 el veh\u00edculo estaba sin patente<\/strong>. <\/p>\n<p class=\"com-paragraph --s text-left\">No era lo \u00fanico que quer\u00edan saber los uniformados del destacamento Villa La \u00d1ata y del Centro de Operaciones Tigre. Durante ese di\u00e1logo callejero, los polic\u00edas solicitaban informaci\u00f3n de <strong>por qu\u00e9 el cantante llevaba en el veh\u00edculo una pistola marca Glock calibre .40 con numeraci\u00f3n suprimida, sin portaci\u00f3n y de dudosa procedencia, un cargador y municiones<\/strong>.<\/p>\n<div class=\"content-media cursor-pointer container-center-100\">\n<section class=\"media-container relative ratio-16-9 mod-media pb-32\">\n<figure class=\"mod-video\">\n<div class=\"video-player bg-black ratio-16-9\" data-has-jwplayer=\"true\" data-video-id-jw=\"xzsM26mG\" data-config=\"{&quot;title&quot;:&quot;El momento de la detenci\u00f3n de Callejero Fino&quot;,&quot;mediaId&quot;:&quot;xzsM26mG&quot;,&quot;playerId&quot;:&quot;ih0086X3&quot;,&quot;playlist&quot;:[{&quot;mediaid&quot;:&quot;xzsM26mG&quot;,&quot;sources&quot;:[{&quot;file&quot;:&quot;https:\/\/cdn.jwplayer.com\/manifests\/xzsM26mG.m3u8&quot;,&quot;type&quot;:&quot;application\/vnd.apple.mpegurl&quot;},{&quot;bitrate&quot;:611661,&quot;file&quot;:&quot;https:\/\/cdn.jwplayer.com\/videos\/xzsM26mG-kTExGaWf.mp4&quot;,&quot;filesize&quot;:841035,&quot;framerate&quot;:30,&quot;height&quot;:320,&quot;label&quot;:&quot;180p&quot;,&quot;type&quot;:&quot;video\/mp4&quot;,&quot;width&quot;:254},{&quot;bitrate&quot;:123836,&quot;file&quot;:&quot;https:\/\/cdn.jwplayer.com\/videos\/xzsM26mG-hz5z2Tv4.m4a&quot;,&quot;filesize&quot;:170275,&quot;label&quot;:&quot;AAC Audio&quot;,&quot;type&quot;:&quot;audio\/mp4&quot;}]}],&quot;hasAutoplay&quot;:false,&quot;autostart&quot;:true,&quot;tagsUrl&quot;:&quot;https:\/\/pubads.g.doubleclick.net\/gampad\/ads?slotname=\/133919216\/la_nacion_video\/nota\/preroll&amp;sz=640x480|400x300&amp;ciu_szs=300x250&amp;unviewed_position_start=1&amp;output=vast&amp;impl=s&amp;env=vp&amp;gdfp_req=1&amp;ad_rule=0&amp;vad_type=linear&amp;vpos=preroll&amp;cust_params=tags_nuevos%3Dte_armas__municiones_y_explosivos%2Cca_seguridad%2Cca_espectaculos%2Cca_musica%2C%2CXCQ66KD7DNAPBKC4AFFFO3KJMI&amp;pod=3&amp;ppos=1&amp;lip=true&amp;min_ad_duration=0&amp;max_ad_duration=30000&amp;vrid=6256&amp;url=https%3A%2F%2Fwww.lanacion.com.ar%2Fseguridad%2Fvideo-asi-fue-la-detencion-de-callejero-fino-mientras-circulaba-sin-patente-y-con-una-pistola-glock-nid31082026%2F%3Futm_source%3DFacebook%26fbclid%3DIwcGRvZgVleHRuA2FlbQIxMQBzcnRjBmFwcF9pZAwzNTA2ODU1MzE3MjgAAR7a2aTIEMvGlTdHgOVd3kV2JgzzxaGmT2xcX75idGs8phn5ZcMrqBbGfwWy0w_aem_tahmC9PBiYKc-xB-GcuPFw%26utm_term%3DAutofeed%26utm_medium%3DEchobox%26variant%3DA&amp;description_url=https%3A%2F%2Fwww.lanacion.com.ar%2Fseguridad%2Fvideo-asi-fue-la-detencion-de-callejero-fino-mientras-circulaba-sin-patente-y-con-una-pistola-glock-nid31082026%2F%3Futm_source%3DFacebook%26fbclid%3DIwcGRvZgVleHRuA2FlbQIxMQBzcnRjBmFwcF9pZAwzNTA2ODU1MzE3MjgAAR7a2aTIEMvGlTdHgOVd3kV2JgzzxaGmT2xcX75idGs8phn5ZcMrqBbGfwWy0w_aem_tahmC9PBiYKc-xB-GcuPFw%26utm_term%3DAutofeed%26utm_medium%3DEchobox%26variant%3DA&amp;video_doc_id=short_onecue&amp;cmsid=496&amp;kfa=0&amp;tfcd=0&amp;correlator=1788186284492&quot;,&quot;arcSite&quot;:&quot;la-nacion-ar&quot;,&quot;duration&quot;:&quot;11000&quot;}\">\n<div id=\"facade-xzsM26mG\" class=\"content-facade-jw relative bg-black ratio-16-9\"><picture><source media=\"(max-width: 767px)\" srcset=\"https:\/\/www.lanacion.com.ar\/resizer\/v2\/https%3A%2F%2Fcdn.jwplayer.com%2Fv2%2Fmedia%2FxzsM26mG%2Fposter.jpg%3Fwidth%3D720?auth=d84045bf303ccf6d8cb688dbff4fc37784b28b6b20b53bcb0df5904c54446a25&amp;width=480&amp;quality=70&amp;smart=false\"\/><img class=\"image com-image flex --cover\" decoding=\"async\" fetchpriority=\"low\" loading=\"lazy\" src=\"https:\/\/www.lanacion.com.ar\/resizer\/v2\/https%3A%2F%2Fcdn.jwplayer.com%2Fv2%2Fmedia%2FxzsM26mG%2Fposter.jpg%3Fwidth%3D720?auth=d84045bf303ccf6d8cb688dbff4fc37784b28b6b20b53bcb0df5904c54446a25&amp;width=720&amp;quality=70&amp;smart=false\" alt=\"El momento de la detenci\u00f3n de Callejero Fino\"\/><\/picture><\/div>\n<\/div><figcaption class=\"border border-1 border-bottom border-light-300 relative px-16 py-8 min-h-36 w-100_md px-0_l mb-8 bg-white\"><span class=\"text ln-text text-16 block\">El momento de la detenci\u00f3n de Callejero Fino<\/span><\/figcaption><\/figure>\n<\/section>\n<\/div>\n<p><h2 class=\"font-primary font-w-bold text-subheading-lg text-left container-center-100 mb-8\"><span>Qu\u00e9 dispuso la Justicia<\/span><\/h2>\n<\/p>\n<p class=\"com-paragraph --s\">Con estos elementos, <strong>la fiscal\u00eda de turno orden\u00f3 la detenci\u00f3n tanto del cantante como de su acompa\u00f1ante<\/strong>, un joven de 27 a\u00f1os identificado como Steven Joel Ricca. <strong>Callejero Fino permanece incomunicado en la Comisar\u00eda Tigre 4.\u00aa, donde pas\u00f3 la noche<\/strong>, seg\u00fan pudo saber este diario, y<strong> se espera que hoy sea convocado por el fiscal Cosme Iribarren, de la UFI Benav\u00eddez, para prestar declaraci\u00f3n<\/strong>.<\/p>\n<p class=\"com-paragraph --s\">El<strong> delito de tenencia ilegal de armas<\/strong>, que se le atribuy\u00f3 al rapero, no es excarcelable y tiene una pena m\u00ednima de 3 a\u00f1os y 6 meses.<\/p>\n<div class=\"content-media cursor-pointer container-center-100\">\n<section class=\"media-container relative ratio-16-9 mod-media pb-32\">\n<figure class=\"mod-video\">\n<div class=\"video-player bg-black ratio-16-9\" data-has-jwplayer=\"true\" data-video-id-jw=\"Enic29S3\" data-config=\"{&quot;title&quot;:&quot;Traslado Del Cantante Callejero Fino \u2013 Sociedad&quot;,&quot;mediaId&quot;:&quot;Enic29S3&quot;,&quot;playerId&quot;:&quot;ih0086X3&quot;,&quot;playlist&quot;:[{&quot;mediaid&quot;:&quot;Enic29S3&quot;,&quot;sources&quot;:[{&quot;file&quot;:&quot;https:\/\/cdn.jwplayer.com\/manifests\/Enic29S3.m3u8&quot;,&quot;type&quot;:&quot;application\/vnd.apple.mpegurl&quot;},{&quot;bitrate&quot;:364004,&quot;file&quot;:&quot;https:\/\/cdn.jwplayer.com\/videos\/Enic29S3-kTExGaWf.mp4&quot;,&quot;filesize&quot;:23614777,&quot;framerate&quot;:30,&quot;height&quot;:180,&quot;label&quot;:&quot;180p&quot;,&quot;type&quot;:&quot;video\/mp4&quot;,&quot;width&quot;:320},{&quot;bitrate&quot;:541444,&quot;file&quot;:&quot;https:\/\/cdn.jwplayer.com\/videos\/Enic29S3-K8B0kybS.mp4&quot;,&quot;filesize&quot;:35126237,&quot;framerate&quot;:30,&quot;height&quot;:270,&quot;label&quot;:&quot;270p&quot;,&quot;type&quot;:&quot;video\/mp4&quot;,&quot;width&quot;:480},{&quot;bitrate&quot;:1455224,&quot;file&quot;:&quot;https:\/\/cdn.jwplayer.com\/videos\/Enic29S3-46NIuRKO.mp4&quot;,&quot;filesize&quot;:94407716,&quot;framerate&quot;:30,&quot;height&quot;:720,&quot;label&quot;:&quot;720p&quot;,&quot;type&quot;:&quot;video\/mp4&quot;,&quot;width&quot;:1280},{&quot;bitrate&quot;:113485,&quot;file&quot;:&quot;https:\/\/cdn.jwplayer.com\/videos\/Enic29S3-hz5z2Tv4.m4a&quot;,&quot;filesize&quot;:7362341,&quot;label&quot;:&quot;AAC Audio&quot;,&quot;type&quot;:&quot;audio\/mp4&quot;},{&quot;bitrate&quot;:2248681,&quot;file&quot;:&quot;https:\/\/cdn.jwplayer.com\/videos\/Enic29S3-SomplJdm.mp4&quot;,&quot;filesize&quot;:145883213,&quot;framerate&quot;:30,&quot;height&quot;:1080,&quot;label&quot;:&quot;1080p&quot;,&quot;type&quot;:&quot;video\/mp4&quot;,&quot;width&quot;:1920},{&quot;bitrate&quot;:715931,&quot;file&quot;:&quot;https:\/\/cdn.jwplayer.com\/videos\/Enic29S3-FnZGUVnC.mp4&quot;,&quot;filesize&quot;:46446067,&quot;framerate&quot;:30,&quot;height&quot;:360,&quot;label&quot;:&quot;360p&quot;,&quot;type&quot;:&quot;video\/mp4&quot;,&quot;width&quot;:640},{&quot;bitrate&quot;:1108657,&quot;file&quot;:&quot;https:\/\/cdn.jwplayer.com\/videos\/Enic29S3-0G6Pwvlw.mp4&quot;,&quot;filesize&quot;:71924173,&quot;framerate&quot;:30,&quot;height&quot;:540,&quot;label&quot;:&quot;540p&quot;,&quot;type&quot;:&quot;video\/mp4&quot;,&quot;width&quot;:960}]}],&quot;hasAutoplay&quot;:false,&quot;autostart&quot;:true,&quot;tagsUrl&quot;:&quot;https:\/\/pubads.g.doubleclick.net\/gampad\/ads?slotname=\/133919216\/la_nacion_video\/nota\/preroll&amp;sz=640x480|400x300&amp;ciu_szs=300x250&amp;unviewed_position_start=1&amp;output=vast&amp;impl=s&amp;env=vp&amp;gdfp_req=1&amp;ad_rule=0&amp;vad_type=linear&amp;vpos=preroll&amp;cust_params=tags_nuevos%3Dte_armas__municiones_y_explosivos%2Cca_seguridad%2Cca_espectaculos%2Cca_musica%2C%2CXCQ66KD7DNAPBKC4AFFFO3KJMI&amp;pod=3&amp;ppos=1&amp;lip=true&amp;min_ad_duration=0&amp;max_ad_duration=30000&amp;vrid=6256&amp;url=https%3A%2F%2Fwww.lanacion.com.ar%2Fseguridad%2Fvideo-asi-fue-la-detencion-de-callejero-fino-mientras-circulaba-sin-patente-y-con-una-pistola-glock-nid31082026%2F%3Futm_source%3DFacebook%26fbclid%3DIwcGRvZgVleHRuA2FlbQIxMQBzcnRjBmFwcF9pZAwzNTA2ODU1MzE3MjgAAR7a2aTIEMvGlTdHgOVd3kV2JgzzxaGmT2xcX75idGs8phn5ZcMrqBbGfwWy0w_aem_tahmC9PBiYKc-xB-GcuPFw%26utm_term%3DAutofeed%26utm_medium%3DEchobox%26variant%3DA&amp;description_url=https%3A%2F%2Fwww.lanacion.com.ar%2Fseguridad%2Fvideo-asi-fue-la-detencion-de-callejero-fino-mientras-circulaba-sin-patente-y-con-una-pistola-glock-nid31082026%2F%3Futm_source%3DFacebook%26fbclid%3DIwcGRvZgVleHRuA2FlbQIxMQBzcnRjBmFwcF9pZAwzNTA2ODU1MzE3MjgAAR7a2aTIEMvGlTdHgOVd3kV2JgzzxaGmT2xcX75idGs8phn5ZcMrqBbGfwWy0w_aem_tahmC9PBiYKc-xB-GcuPFw%26utm_term%3DAutofeed%26utm_medium%3DEchobox%26variant%3DA&amp;video_doc_id=short_onecue&amp;cmsid=496&amp;kfa=0&amp;tfcd=0&amp;correlator=1788186284493&quot;,&quot;arcSite&quot;:&quot;la-nacion-ar&quot;,&quot;duration&quot;:&quot;519000&quot;}\">\n<div id=\"facade-Enic29S3\" class=\"content-facade-jw relative bg-black ratio-16-9\"><picture><source media=\"(max-width: 767px)\" srcset=\"https:\/\/www.lanacion.com.ar\/resizer\/v2\/https%3A%2F%2Fcdn.jwplayer.com%2Fv2%2Fmedia%2FEnic29S3%2Fposter.jpg%3Fwidth%3D720?auth=a3fb22523d465cdb3a4f37af51a294293dd27a393d2b1f5879b24cf84dc57eba&amp;width=480&amp;quality=70&amp;smart=false\"\/><img class=\"image com-image flex --cover\" decoding=\"async\" fetchpriority=\"low\" loading=\"lazy\" src=\"https:\/\/www.lanacion.com.ar\/resizer\/v2\/https%3A%2F%2Fcdn.jwplayer.com%2Fv2%2Fmedia%2FEnic29S3%2Fposter.jpg%3Fwidth%3D720?auth=a3fb22523d465cdb3a4f37af51a294293dd27a393d2b1f5879b24cf84dc57eba&amp;width=720&amp;quality=70&amp;smart=false\" alt=\"Traslado Del Cantante Callejero Fino \u2013 Sociedad\"\/><\/picture><\/div>\n<\/div><figcaption class=\"border border-1 border-bottom border-light-300 relative px-16 py-8 min-h-36 w-100_md px-0_l mb-8 bg-white\"><span class=\"text ln-text text-16 block\">Traslado Del Cantante Callejero Fino \u2013 Sociedad<\/span><\/figcaption><\/figure>\n<\/section>\n<\/div>\n<p class=\"com-paragraph --s\">El abogado del cantante explic\u00f3 luego, en di\u00e1logo con distintos medios, que el veh\u00edculo circulaba sin patente porque Callejero Fino \u201cestaba grabando un videoclip\u201d y se la quit\u00f3 para evitar que se viera el n\u00famero en el mismo. \u201cEs un tema vial que no repercute en la cuesti\u00f3n penal\u201d, sostuvo el letrado Ignacio Barrios al diario <em>Cr\u00f3nica<\/em>.<\/p>\n<p><h2 class=\"font-primary font-w-bold text-subheading-lg text-left container-center-100 mb-8\"><span>El comunicado de la discogr\u00e1fica<\/span><\/h2>\n<\/p>\n<p class=\"com-paragraph --s\">\u201cInformamos que Callejero Fino se encuentra actualmente atendiendo un requerimiento firmado y cumpliendo plenamente con sus obligaciones ciudadanas ante las autoridades competentes\u201d, se\u00f1alaron desde su equipo. <\/p>\n<p class=\"com-paragraph --s\">\u201cAgradecemos profundamente la paciencia y el respeto del p\u00fablico en este momento. Nos comprometemos a mantenerlos informados en cuanto dispongamos de novedades de manera oficial\u201d, agregaron. Por \u00faltimo, el comunicado apunt\u00f3 directamente a los medios de comunicaci\u00f3n, colegas y seguidores del artista, a quienes solicitaron: \u201cMantener la cautela y evitar la difusi\u00f3n de informaci\u00f3n no confirmada, por respeto a Natanael y especialmente a su familia en este momento\u201d.<\/p>\n<section class=\"container-center-100 mb-40 border border-bottom border-thin border-neutral-light-700\">\n<hr\/>\n<\/section>\n<\/div>\n<p><script id=\"facebookpixel\" defer=\"\" type=\"text\/javascript\">\n        !function(f,b,e,v,n,t,s)\n        {if(f.fbq)return;n=f.fbq=function(){n.callMethod?\n        n.callMethod.apply(n,arguments):n.queue.push(arguments)};\n        if(!f._fbq)f._fbq=n;n.push=n;n.loaded=!0;n.version='2.0';\n        n.queue=[];t=b.createElement(e);t.async=!0;\n        t.src=v;s=b.getElementsByTagName(e)[0];\n        s.parentNode.insertBefore(t,s)}(window, document,'script',\n        '\n        fbq('init', '492459597522335');\n        fbq('track', 'PageView');\n    <\/script><\/p>\n","protected":false},"excerpt":{"rendered":"<p>Un automovilista que circulaba este domingo por las calles del municipio bonaerense de Tigre grab\u00f3 el momento en que el conocido rapero Callejero Fino, cuyo verdadero nombre es Sim\u00f3n Natanael Alvarenga, intentaba explicarles a los polic\u00edas que lo hab\u00edan interceptado cuando conduc\u00eda su camioneta Volkswagen Amarok por qu\u00e9 el veh\u00edculo estaba sin patente. No era [&hellip;]<\/p>\n","protected":false},"author":2,"featured_media":91281,"comment_status":"","ping_status":"","sticky":false,"template":"","format":"standard","meta":{"footnotes":""},"categories":[14],"tags":[],"_links":{"self":[{"href":"https:\/\/maxradio923.com.ar\/index.php\/wp-json\/wp\/v2\/posts\/91280"}],"collection":[{"href":"https:\/\/maxradio923.com.ar\/index.php\/wp-json\/wp\/v2\/posts"}],"about":[{"href":"https:\/\/maxradio923.com.ar\/index.php\/wp-json\/wp\/v2\/types\/post"}],"author":[{"embeddable":true,"href":"https:\/\/maxradio923.com.ar\/index.php\/wp-json\/wp\/v2\/users\/2"}],"replies":[{"embeddable":true,"href":"https:\/\/maxradio923.com.ar\/index.php\/wp-json\/wp\/v2\/comments?post=91280"}],"version-history":[{"count":0,"href":"https:\/\/maxradio923.com.ar\/index.php\/wp-json\/wp\/v2\/posts\/91280\/revisions"}],"wp:featuredmedia":[{"embeddable":true,"href":"https:\/\/maxradio923.com.ar\/index.php\/wp-json\/wp\/v2\/media\/91281"}],"wp:attachment":[{"href":"https:\/\/maxradio923.com.ar\/index.php\/wp-json\/wp\/v2\/media?parent=91280"}],"wp:term":[{"taxonomy":"category","embeddable":true,"href":"https:\/\/maxradio923.com.ar\/index.php\/wp-json\/wp\/v2\/categories?post=91280"},{"taxonomy":"post_tag","embeddable":true,"href":"https:\/\/maxradio923.com.ar\/index.php\/wp-json\/wp\/v2\/tags?post=91280"}],"curies":[{"name":"wp","href":"https:\/\/api.w.org\/{rel}","templated":true}]}}