{"id":91278,"date":"2026-08-31T10:46:02","date_gmt":"2026-08-31T13:46:02","guid":{"rendered":"https:\/\/maxradio923.com.ar\/index.php\/2026\/08\/31\/detuvieron-a-callejero-fino-que-se-sabe-sobre-la-situacion-del-cantante\/"},"modified":"2026-08-31T10:46:02","modified_gmt":"2026-08-31T13:46:02","slug":"detuvieron-a-callejero-fino-que-se-sabe-sobre-la-situacion-del-cantante","status":"publish","type":"post","link":"https:\/\/maxradio923.com.ar\/index.php\/2026\/08\/31\/detuvieron-a-callejero-fino-que-se-sabe-sobre-la-situacion-del-cantante\/","title":{"rendered":"Detuvieron a Callejero Fino: qu\u00e9 se sabe sobre la situaci\u00f3n del cantante"},"content":{"rendered":"<p><\/p>\n<div>\n<p class=\"com-paragraph --capital --s\">El cantante de m\u00fasica RKT Sim\u00f3n Alvarenga, m\u00e1s conocido como <strong>Callejero Fino<\/strong>, fue <strong>detenido<\/strong> a primera hora de este domingo luego de que efectivos policiales lo detectaran <strong>conduciendo una camioneta sin patente por la zona de Villa La \u00d1ata<\/strong>, en el municipio bonaerense de<strong> Tigre<\/strong>. Al revisar el rodado, <strong>los uniformados hallaron un arma con numeraci\u00f3n suprimida y sin los correspondientes papeles<\/strong>.<\/p>\n<p class=\"com-paragraph --s\">Desde que la fiscal\u00eda de turno orden\u00f3 la detenci\u00f3n tanto del cantante como de su acompa\u00f1ante, un joven de 27 a\u00f1os identificado como Steven Joel Ricca, <strong>Callejero Fino permanece incomunicado en la Comisar\u00eda Tigre 4.\u00aa de Benav\u00eddez, donde pas\u00f3 la noche<\/strong>, seg\u00fan pudo saber este diario. <strong>Se espera que hoy sea convocado por el fiscal Cosme Iribarren, de la UFI Benavidez, para prestar declaraci\u00f3n<\/strong>.<\/p>\n<div class=\"content-media cursor-pointer container-center-100\">\n<section class=\"media-container relative ratio-16-9 mod-media pb-32\">\n<figure class=\"mod-video\">\n<div class=\"video-player bg-black ratio-16-9\" data-has-jwplayer=\"true\" data-video-id-jw=\"xzsM26mG\" data-config=\"{&quot;title&quot;:&quot;El momento de la detenci\u00f3n de Callejero Fino&quot;,&quot;mediaId&quot;:&quot;xzsM26mG&quot;,&quot;playerId&quot;:&quot;ih0086X3&quot;,&quot;playlist&quot;:[{&quot;mediaid&quot;:&quot;xzsM26mG&quot;,&quot;sources&quot;:[{&quot;file&quot;:&quot;https:\/\/cdn.jwplayer.com\/manifests\/xzsM26mG.m3u8&quot;,&quot;type&quot;:&quot;application\/vnd.apple.mpegurl&quot;},{&quot;bitrate&quot;:611661,&quot;file&quot;:&quot;https:\/\/cdn.jwplayer.com\/videos\/xzsM26mG-kTExGaWf.mp4&quot;,&quot;filesize&quot;:841035,&quot;framerate&quot;:30,&quot;height&quot;:320,&quot;label&quot;:&quot;180p&quot;,&quot;type&quot;:&quot;video\/mp4&quot;,&quot;width&quot;:254},{&quot;bitrate&quot;:123836,&quot;file&quot;:&quot;https:\/\/cdn.jwplayer.com\/videos\/xzsM26mG-hz5z2Tv4.m4a&quot;,&quot;filesize&quot;:170275,&quot;label&quot;:&quot;AAC Audio&quot;,&quot;type&quot;:&quot;audio\/mp4&quot;}]}],&quot;hasAutoplay&quot;:false,&quot;autostart&quot;:true,&quot;tagsUrl&quot;:&quot;https:\/\/pubads.g.doubleclick.net\/gampad\/ads?slotname=\/133919216\/la_nacion_video\/nota\/preroll&amp;sz=640x480|400x300&amp;ciu_szs=300x250&amp;unviewed_position_start=1&amp;output=vast&amp;impl=s&amp;env=vp&amp;gdfp_req=1&amp;ad_rule=0&amp;vad_type=linear&amp;vpos=preroll&amp;cust_params=tags_nuevos%3Dte_armas__municiones_y_explosivos%2Cte_tigre%2Cca_seguridad%2Cca_espectaculos%2Cca_musica%2C%2CUVGGDMM5PZFK7AJNIAU773BP74&amp;pod=3&amp;ppos=1&amp;lip=true&amp;min_ad_duration=0&amp;max_ad_duration=30000&amp;vrid=6256&amp;url=https%3A%2F%2Fwww.lanacion.com.ar%2Fseguridad%2Fdetuvieron-a-callejero-fino-que-se-sabe-sobre-la-situacion-del-cantante-nid31082026%2F%3Fvariant%3DA&amp;description_url=https%3A%2F%2Fwww.lanacion.com.ar%2Fseguridad%2Fdetuvieron-a-callejero-fino-que-se-sabe-sobre-la-situacion-del-cantante-nid31082026%2F%3Fvariant%3DA&amp;video_doc_id=short_onecue&amp;cmsid=496&amp;kfa=0&amp;tfcd=0&amp;correlator=1788183288167&quot;,&quot;arcSite&quot;:&quot;la-nacion-ar&quot;,&quot;duration&quot;:&quot;11000&quot;}\">\n<div id=\"facade-xzsM26mG\" class=\"content-facade-jw relative bg-black ratio-16-9\"><picture><source media=\"(max-width: 767px)\" srcset=\"https:\/\/www.lanacion.com.ar\/resizer\/v2\/https%3A%2F%2Fcdn.jwplayer.com%2Fv2%2Fmedia%2FxzsM26mG%2Fposter.jpg%3Fwidth%3D720?auth=d84045bf303ccf6d8cb688dbff4fc37784b28b6b20b53bcb0df5904c54446a25&amp;width=480&amp;quality=70&amp;smart=false\"\/><img class=\"image com-image flex --cover\" decoding=\"async\" fetchpriority=\"low\" loading=\"lazy\" src=\"https:\/\/www.lanacion.com.ar\/resizer\/v2\/https%3A%2F%2Fcdn.jwplayer.com%2Fv2%2Fmedia%2FxzsM26mG%2Fposter.jpg%3Fwidth%3D720?auth=d84045bf303ccf6d8cb688dbff4fc37784b28b6b20b53bcb0df5904c54446a25&amp;width=720&amp;quality=70&amp;smart=false\" alt=\"El momento de la detenci\u00f3n de Callejero Fino\"\/><\/picture><\/div>\n<\/div><figcaption class=\"border border-1 border-bottom border-light-300 relative px-16 py-8 min-h-36 w-100_md px-0_l mb-8 bg-white\"><span class=\"text ln-text text-16 block\">El momento de la detenci\u00f3n de Callejero Fino<\/span><\/figcaption><\/figure>\n<\/section>\n<\/div>\n<p class=\"com-paragraph --s\">Al momento de ser interceptados por la Polic\u00eda, el rapero y su acompa\u00f1ante circulaban en<strong> una Volkswagen Amarok sin patente<\/strong> en el cruce de la calle Italia con la ruta 27. Seg\u00fan pudo saber este diario de lo que les habr\u00eda explicado Callejero Fino a los efectivos, los hombres iban camino al cumplea\u00f1os del cantante y novio de Mar\u00eda Becerra, J. Rei, que se celebraba en una quinta de la zona.<\/p>\n<p class=\"com-paragraph --s\">Durante la requisa en el rodado, <strong>los efectivos encontraron una pistola Glock calibre .40 con la numeraci\u00f3n suprimida, por lo que ambos quedaron imputados por la portaci\u00f3n ilegal de un arma de guerra<\/strong>. Ese delito, que no es excarcelable, tiene una pena m\u00ednima de 3 a\u00f1os y 6 meses. <\/p>\n<div class=\"content-media\">\n<section role=\"button\" class=\"mod-media   \">\n<figure role=\"button\" tabindex=\"0\" class=\"mod-figure \"><figcaption class=\"mod-figcaption\"><span class=\"com-text --caption --twoxs\">Detuvieron a Callejero Fino: circulaba por Tigre con una camioneta sin patentes y armado.<\/span><span class=\"com-text --credit --twoxs\">Polic\u00eda Bonaere<\/span><\/figcaption><\/figure>\n<\/section>\n<\/div>\n<div class=\"content-media\">\n<section role=\"button\" class=\"mod-media   \">\n<figure role=\"button\" tabindex=\"0\" class=\"mod-figure \"><figcaption class=\"mod-figcaption\"><span class=\"com-text --caption --twoxs\">Detuvieron a Callejero Fino: circulaba por Tigre con una camioneta sin patentes y armado.<\/span><span class=\"com-text --credit --twoxs\">Polic\u00eda Bonaere<\/span><\/figcaption><\/figure>\n<\/section>\n<\/div>\n<p class=\"com-paragraph --s\">El abogado del cantante explic\u00f3 luego, en di\u00e1logo con distintos medios, que el veh\u00edculo <strong>circulaba sin patente porque Callejero Fino \u201cestaba grabando un videoclip\u201d <\/strong>y se la quit\u00f3 para evitar que se viera el n\u00famero en el mismo. <strong>\u201cEs un tema vial que no repercute en la cuesti\u00f3n penal\u201d<\/strong>, sostuvo el letrado Ignacio Barrios al diario <em>Cr\u00f3nica<\/em>. \u201cVamos a esperar, charlar con \u00e9l antes de dar una informaci\u00f3n que no es certera\u201d, a\u00f1adi\u00f3 su representante legal.<\/p>\n<p class=\"com-paragraph --s\">Callejero Fino ya hab\u00eda sido condenado a <strong>seis a\u00f1os de prisi\u00f3n <\/strong>por un robo cuando ten\u00eda 20 a\u00f1os. En aquel entonces estuvo cinco meses detenido en un penal y luego continu\u00f3 cumpliendo la pena bajo arresto domiciliario.<\/p>\n<section class=\"container-center-100 mb-40 border border-bottom border-thin border-neutral-light-700\">\n<hr\/>\n<\/section>\n<\/div>\n<p><script id=\"facebookpixel\" defer=\"\" type=\"text\/javascript\">\n        !function(f,b,e,v,n,t,s)\n        {if(f.fbq)return;n=f.fbq=function(){n.callMethod?\n        n.callMethod.apply(n,arguments):n.queue.push(arguments)};\n        if(!f._fbq)f._fbq=n;n.push=n;n.loaded=!0;n.version='2.0';\n        n.queue=[];t=b.createElement(e);t.async=!0;\n        t.src=v;s=b.getElementsByTagName(e)[0];\n        s.parentNode.insertBefore(t,s)}(window, document,'script',\n        '\n        fbq('init', '492459597522335');\n        fbq('track', 'PageView');\n    <\/script><\/p>\n","protected":false},"excerpt":{"rendered":"<p>El cantante de m\u00fasica RKT Sim\u00f3n Alvarenga, m\u00e1s conocido como Callejero Fino, fue detenido a primera hora de este domingo luego de que efectivos policiales lo detectaran conduciendo una camioneta sin patente por la zona de Villa La \u00d1ata, en el municipio bonaerense de Tigre. Al revisar el rodado, los uniformados hallaron un arma con [&hellip;]<\/p>\n","protected":false},"author":2,"featured_media":91279,"comment_status":"","ping_status":"","sticky":false,"template":"","format":"standard","meta":{"footnotes":""},"categories":[14],"tags":[],"_links":{"self":[{"href":"https:\/\/maxradio923.com.ar\/index.php\/wp-json\/wp\/v2\/posts\/91278"}],"collection":[{"href":"https:\/\/maxradio923.com.ar\/index.php\/wp-json\/wp\/v2\/posts"}],"about":[{"href":"https:\/\/maxradio923.com.ar\/index.php\/wp-json\/wp\/v2\/types\/post"}],"author":[{"embeddable":true,"href":"https:\/\/maxradio923.com.ar\/index.php\/wp-json\/wp\/v2\/users\/2"}],"replies":[{"embeddable":true,"href":"https:\/\/maxradio923.com.ar\/index.php\/wp-json\/wp\/v2\/comments?post=91278"}],"version-history":[{"count":0,"href":"https:\/\/maxradio923.com.ar\/index.php\/wp-json\/wp\/v2\/posts\/91278\/revisions"}],"wp:featuredmedia":[{"embeddable":true,"href":"https:\/\/maxradio923.com.ar\/index.php\/wp-json\/wp\/v2\/media\/91279"}],"wp:attachment":[{"href":"https:\/\/maxradio923.com.ar\/index.php\/wp-json\/wp\/v2\/media?parent=91278"}],"wp:term":[{"taxonomy":"category","embeddable":true,"href":"https:\/\/maxradio923.com.ar\/index.php\/wp-json\/wp\/v2\/categories?post=91278"},{"taxonomy":"post_tag","embeddable":true,"href":"https:\/\/maxradio923.com.ar\/index.php\/wp-json\/wp\/v2\/tags?post=91278"}],"curies":[{"name":"wp","href":"https:\/\/api.w.org\/{rel}","templated":true}]}}