{"id":9061,"date":"2023-10-26T10:14:52","date_gmt":"2023-10-26T13:14:52","guid":{"rendered":"https:\/\/maxradio923.com\/index.php\/2023\/10\/26\/fuego-cruzado-petri-ahora-apunta-contra-los-radicales-que-buscan-echarlo\/"},"modified":"2023-10-26T10:14:52","modified_gmt":"2023-10-26T13:14:52","slug":"fuego-cruzado-petri-ahora-apunta-contra-los-radicales-que-buscan-echarlo","status":"publish","type":"post","link":"https:\/\/maxradio923.com.ar\/index.php\/2023\/10\/26\/fuego-cruzado-petri-ahora-apunta-contra-los-radicales-que-buscan-echarlo\/","title":{"rendered":"Fuego cruzado: Petri ahora apunta contra los radicales que buscan echarlo"},"content":{"rendered":"<p><img decoding=\"async\" src=\"https:\/\/diariod3.com\/inicio\/wp-content\/uploads\/2023\/10\/petri.jpg\"\/><\/p>\n<p>El excandidato a vicepresidente de Juntos por el Cambio (JxC), Luis Petri, apunt\u00f3 este jueves contra los l\u00edderes radicales que solicitaron su expulsi\u00f3n del partido centenario, luego de que ayer expresara su apoyo, junto a Patricia Bullrich, a la candidatura de Javier Milei, de La Libertad Avanza (LLA), para el balotaje del 19 de noviembre.<\/p>\n<p>\u00ab\u00bfEn serio me quieren expulsar del radicalismo por reclamar un Cambio en el pa\u00eds y enfrentar el kirchnerismo?\u00bb, se pregunt\u00f3 Petri en su cuenta de la plataforma X (antes Twitter) y arrob\u00f3 a los referentes radicales Gerardo Morales y Mart\u00edn Lousteau<\/p>\n<p>Este mi\u00e9rcoles, entre otros dirigentes radicales, el presidente de la Juventud Radical de la ciudad de Buenos Aires, Agust\u00edn Dante Rombol\u00e1, pidi\u00f3 la \u00abexpulsi\u00f3n inmediata\u00bb del partido centenario del expostulante a vicepresidente.<\/p>\n<p>\u00abYo, Agust\u00edn Dante Rombol\u00e1, como afiliado y a t\u00edtulo personal: repudio en\u00e9rgicamente a Patricia Bullrich y su decisi\u00f3n inconsulta de apoyar al autoritarismo. Asimismo, exijo a la UCR Nacional la expulsi\u00f3n inmediata de Luis Petri de nuestro partido. Viva la Uni\u00f3n C\u00edvica Radical\u00bb, subray\u00f3 Rombol\u00e1 en X.<\/p>\n<p>Fuente: T\u00e9lam<br \/>\nOP: Rivero Cecilia<\/p>\n<p>F<\/p>\n<p>La entrada <a href=\"https:\/\/diariod3.com\/inicio\/fuego-cruzado-petri-ahora-apunta-contra-los-radicales-que-buscan-echarlo\/\" rel=\"noreferrer noopener\" target=\"_blank\">Fuego cruzado: Petri ahora apunta contra los radicales que buscan echarlo<\/a> se public\u00f3 primero en <a href=\"https:\/\/diariod3.com\/inicio\" rel=\"noreferrer noopener\" target=\"_blank\">DIARIO D3 NOTICIAS<\/a>.<\/p>\n","protected":false},"excerpt":{"rendered":"<p>El excandidato a vicepresidente de Juntos por el Cambio (JxC), Luis Petri, apunt\u00f3 este jueves contra los l\u00edderes radicales que solicitaron su expulsi\u00f3n del partido centenario, luego de que ayer expresara su apoyo, junto a Patricia Bullrich, a la candidatura de Javier Milei, de La Libertad Avanza (LLA), para el balotaje del 19 de noviembre. [&hellip;]<\/p>\n","protected":false},"author":2,"featured_media":9062,"comment_status":"","ping_status":"","sticky":false,"template":"","format":"standard","meta":{"footnotes":""},"categories":[12],"tags":[],"_links":{"self":[{"href":"https:\/\/maxradio923.com.ar\/index.php\/wp-json\/wp\/v2\/posts\/9061"}],"collection":[{"href":"https:\/\/maxradio923.com.ar\/index.php\/wp-json\/wp\/v2\/posts"}],"about":[{"href":"https:\/\/maxradio923.com.ar\/index.php\/wp-json\/wp\/v2\/types\/post"}],"author":[{"embeddable":true,"href":"https:\/\/maxradio923.com.ar\/index.php\/wp-json\/wp\/v2\/users\/2"}],"replies":[{"embeddable":true,"href":"https:\/\/maxradio923.com.ar\/index.php\/wp-json\/wp\/v2\/comments?post=9061"}],"version-history":[{"count":0,"href":"https:\/\/maxradio923.com.ar\/index.php\/wp-json\/wp\/v2\/posts\/9061\/revisions"}],"wp:featuredmedia":[{"embeddable":true,"href":"https:\/\/maxradio923.com.ar\/index.php\/wp-json\/wp\/v2\/media\/9062"}],"wp:attachment":[{"href":"https:\/\/maxradio923.com.ar\/index.php\/wp-json\/wp\/v2\/media?parent=9061"}],"wp:term":[{"taxonomy":"category","embeddable":true,"href":"https:\/\/maxradio923.com.ar\/index.php\/wp-json\/wp\/v2\/categories?post=9061"},{"taxonomy":"post_tag","embeddable":true,"href":"https:\/\/maxradio923.com.ar\/index.php\/wp-json\/wp\/v2\/tags?post=9061"}],"curies":[{"name":"wp","href":"https:\/\/api.w.org\/{rel}","templated":true}]}}