{"id":9051,"date":"2023-10-26T09:34:13","date_gmt":"2023-10-26T12:34:13","guid":{"rendered":"https:\/\/maxradio923.com\/index.php\/2023\/10\/26\/se-presento-el-festival-de-cine-de-mar-del-plata-con-fuerte-tono-politico\/"},"modified":"2023-10-26T09:34:13","modified_gmt":"2023-10-26T12:34:13","slug":"se-presento-el-festival-de-cine-de-mar-del-plata-con-fuerte-tono-politico","status":"publish","type":"post","link":"https:\/\/maxradio923.com.ar\/index.php\/2023\/10\/26\/se-presento-el-festival-de-cine-de-mar-del-plata-con-fuerte-tono-politico\/","title":{"rendered":"Se present\u00f3 el Festival de cine de Mar del Plata, con fuerte tono pol\u00edtico"},"content":{"rendered":"<ul>\n<li>Ir\u00e1 del 2 al 12 de noviembre, bajo la consigna &quot;Cine y democracia&quot;.<\/li>\n<li>Hubo un homenaje a Adolfo Aristarain, con presencia de ministros nacionales.<\/li>\n<li>C\u00f3mo ser\u00e1 la programaci\u00f3n y cu\u00e1nto cuestan las entradas.<\/li>\n<\/ul>\n","protected":false},"excerpt":{"rendered":"<p>Ir\u00e1 del 2 al 12 de noviembre, bajo la consigna &quot;Cine y democracia&quot;. Hubo un homenaje a Adolfo Aristarain, con presencia de ministros nacionales. C\u00f3mo ser\u00e1 la programaci\u00f3n y cu\u00e1nto cuestan las entradas.<\/p>\n","protected":false},"author":2,"featured_media":9052,"comment_status":"","ping_status":"","sticky":false,"template":"","format":"standard","meta":{"footnotes":""},"categories":[4],"tags":[],"_links":{"self":[{"href":"https:\/\/maxradio923.com.ar\/index.php\/wp-json\/wp\/v2\/posts\/9051"}],"collection":[{"href":"https:\/\/maxradio923.com.ar\/index.php\/wp-json\/wp\/v2\/posts"}],"about":[{"href":"https:\/\/maxradio923.com.ar\/index.php\/wp-json\/wp\/v2\/types\/post"}],"author":[{"embeddable":true,"href":"https:\/\/maxradio923.com.ar\/index.php\/wp-json\/wp\/v2\/users\/2"}],"replies":[{"embeddable":true,"href":"https:\/\/maxradio923.com.ar\/index.php\/wp-json\/wp\/v2\/comments?post=9051"}],"version-history":[{"count":0,"href":"https:\/\/maxradio923.com.ar\/index.php\/wp-json\/wp\/v2\/posts\/9051\/revisions"}],"wp:featuredmedia":[{"embeddable":true,"href":"https:\/\/maxradio923.com.ar\/index.php\/wp-json\/wp\/v2\/media\/9052"}],"wp:attachment":[{"href":"https:\/\/maxradio923.com.ar\/index.php\/wp-json\/wp\/v2\/media?parent=9051"}],"wp:term":[{"taxonomy":"category","embeddable":true,"href":"https:\/\/maxradio923.com.ar\/index.php\/wp-json\/wp\/v2\/categories?post=9051"},{"taxonomy":"post_tag","embeddable":true,"href":"https:\/\/maxradio923.com.ar\/index.php\/wp-json\/wp\/v2\/tags?post=9051"}],"curies":[{"name":"wp","href":"https:\/\/api.w.org\/{rel}","templated":true}]}}