{"id":9020,"date":"2023-10-25T23:55:06","date_gmt":"2023-10-26T02:55:06","guid":{"rendered":"https:\/\/maxradio923.com\/index.php\/2023\/10\/25\/fiesta-de-la-tradicion-se-hara-asi-lo-anuncio-miguel-vega-confirmando-fecha-y-artistas-destacados\/"},"modified":"2023-10-25T23:55:06","modified_gmt":"2023-10-26T02:55:06","slug":"fiesta-de-la-tradicion-se-hara-asi-lo-anuncio-miguel-vega-confirmando-fecha-y-artistas-destacados","status":"publish","type":"post","link":"https:\/\/maxradio923.com.ar\/index.php\/2023\/10\/25\/fiesta-de-la-tradicion-se-hara-asi-lo-anuncio-miguel-vega-confirmando-fecha-y-artistas-destacados\/","title":{"rendered":"Fiesta de la Tradici\u00f3n se har\u00e1, as\u00ed lo Anunci\u00f3 Miguel Vega confirmando Fecha y Artistas Destacados"},"content":{"rendered":"<p><img decoding=\"async\" src=\"https:\/\/diariod3.com\/inicio\/wp-content\/uploads\/2023\/10\/a9d8aa7d7018e98a46c17fa8a94ed714_L.jpg\"\/><\/p>\n<p>El intendente Miguel Vega ha confirmado en una conferencia de prensa la esperada celebraci\u00f3n de la Fiesta de la Tradici\u00f3n, un evento que re\u00fane lo mejor de la m\u00fasica y la cultura en J\u00e1chal. La festividad se llevar\u00e1 a cabo en dos escenarios diferentes, contando con la participaci\u00f3n de talentosos artistas locales, provinciales y nacionales.<\/p>\n<p>El jefe comunal de J\u00e1chal, Miguel Vega, anunci\u00f3 que la Fiesta de la Tradici\u00f3n se llevar\u00e1 a cabo durante tres d\u00edas: la noche central ser\u00e1 el d\u00eda 4 en la plaza del pueblo, y el viernes 10 y s\u00e1bado 11 en el anfiteatro Buenaventura Luna. Se espera que esta disposici\u00f3n permita que un amplio p\u00fablico disfrute de las festividades en diferentes ubicaciones.<\/p>\n<p>Vega destac\u00f3 que se est\u00e1n finalizando los detalles de la programaci\u00f3n de artistas, asegurando que habr\u00e1 una representaci\u00f3n variada de talento local y de toda la provincia. Entre los nombres m\u00e1s destacados, el intendente revel\u00f3 que \u00abEl Chaque\u00f1o Palavecino se presentar\u00e1 la noche del viernes,\u00bb y que \u00abel grupo Ceibo, de C\u00f3rdoba, actuar\u00e1 el d\u00eda s\u00e1bado 4 en la plaza. Sergio Galleguillo ser\u00e1 el encargado de cerrar la festividad el s\u00e1bado 11.\u00bb<\/p>\n<p>La Fiesta de la Tradici\u00f3n es un evento esperado por los habitantes de J\u00e1chal y la regi\u00f3n, que celebra la rica herencia cultural y musical de la zona. Este anuncio promete una edici\u00f3n emocionante con una variedad de artistas que representar\u00e1n lo mejor de la m\u00fasica y la tradici\u00f3n argentina. Los detalles adicionales y la programaci\u00f3n completa estar\u00e1n disponibles en los pr\u00f3ximos d\u00edas.<\/p>\n<p>La entrada <a href=\"https:\/\/diariod3.com\/inicio\/fiesta-de-la-tradicion-se-hara-asi-lo-anuncio-miguel-vega-confirmando-fecha-y-artistas-destacados\/\" rel=\"noreferrer noopener\" target=\"_blank\">Fiesta de la Tradici\u00f3n se har\u00e1, as\u00ed lo Anunci\u00f3 Miguel Vega confirmando Fecha y Artistas Destacados<\/a> se public\u00f3 primero en <a href=\"https:\/\/diariod3.com\/inicio\" rel=\"noreferrer noopener\" target=\"_blank\">DIARIO D3 NOTICIAS<\/a>.<\/p>\n","protected":false},"excerpt":{"rendered":"<p>El intendente Miguel Vega ha confirmado en una conferencia de prensa la esperada celebraci\u00f3n de la Fiesta de la Tradici\u00f3n, un evento que re\u00fane lo mejor de la m\u00fasica y la cultura en J\u00e1chal. La festividad se llevar\u00e1 a cabo en dos escenarios diferentes, contando con la participaci\u00f3n de talentosos artistas locales, provinciales y nacionales. [&hellip;]<\/p>\n","protected":false},"author":1,"featured_media":9021,"comment_status":"","ping_status":"","sticky":false,"template":"","format":"standard","meta":{"footnotes":""},"categories":[10],"tags":[],"_links":{"self":[{"href":"https:\/\/maxradio923.com.ar\/index.php\/wp-json\/wp\/v2\/posts\/9020"}],"collection":[{"href":"https:\/\/maxradio923.com.ar\/index.php\/wp-json\/wp\/v2\/posts"}],"about":[{"href":"https:\/\/maxradio923.com.ar\/index.php\/wp-json\/wp\/v2\/types\/post"}],"author":[{"embeddable":true,"href":"https:\/\/maxradio923.com.ar\/index.php\/wp-json\/wp\/v2\/users\/1"}],"replies":[{"embeddable":true,"href":"https:\/\/maxradio923.com.ar\/index.php\/wp-json\/wp\/v2\/comments?post=9020"}],"version-history":[{"count":0,"href":"https:\/\/maxradio923.com.ar\/index.php\/wp-json\/wp\/v2\/posts\/9020\/revisions"}],"wp:featuredmedia":[{"embeddable":true,"href":"https:\/\/maxradio923.com.ar\/index.php\/wp-json\/wp\/v2\/media\/9021"}],"wp:attachment":[{"href":"https:\/\/maxradio923.com.ar\/index.php\/wp-json\/wp\/v2\/media?parent=9020"}],"wp:term":[{"taxonomy":"category","embeddable":true,"href":"https:\/\/maxradio923.com.ar\/index.php\/wp-json\/wp\/v2\/categories?post=9020"},{"taxonomy":"post_tag","embeddable":true,"href":"https:\/\/maxradio923.com.ar\/index.php\/wp-json\/wp\/v2\/tags?post=9020"}],"curies":[{"name":"wp","href":"https:\/\/api.w.org\/{rel}","templated":true}]}}