{"id":9014,"date":"2023-10-25T23:54:58","date_gmt":"2023-10-26T02:54:58","guid":{"rendered":"https:\/\/maxradio923.com\/index.php\/2023\/10\/25\/a-la-gente-le-genera-confusion-por-las-contradicciones-dijo-massa-sobre-el-pacto\/"},"modified":"2023-10-26T08:14:11","modified_gmt":"2023-10-26T11:14:11","slug":"a-la-gente-le-genera-confusion-por-las-contradicciones-dijo-massa-sobre-el-pacto","status":"publish","type":"post","link":"https:\/\/maxradio923.com.ar\/index.php\/2023\/10\/25\/a-la-gente-le-genera-confusion-por-las-contradicciones-dijo-massa-sobre-el-pacto\/","title":{"rendered":"\u00abA la gente le genera confusi\u00f3n por las contradicciones\u00bb, dijo Massa sobre el pacto"},"content":{"rendered":"<p><img decoding=\"async\" src=\"https:\/\/diariod3.com\/inicio\/wp-content\/uploads\/2023\/10\/schiaretti-milei-massa-bullrich-bregman-1.jpg\"\/><\/p>\n<p>El ministro y candidato a Presidente de Uni\u00f3n por la Patria habl\u00f3 esta noche en una jornada marcada por el acercamiento de cara al balotaje entre la ex candidata de JxC y el postulante La Libertad Avanza.<\/p>\n<p>Sergio Massa, ministro de Econom\u00eda y candidato a presidente del oficialismo, se refiri\u00f3 esta noche al pacto entre Patricia Bullrich y Javier Milei. \u201cA la gente le genera confusi\u00f3n por las contradicciones\u201d, se\u00f1al\u00f3 el postulante de Uni\u00f3n por la Patria en el cierre de una jornada marcada por el acercamiento entre los dos referentes de la oposici\u00f3n de cara al balotaje.<\/p>\n<p>\u201cVi poco de lo que pas\u00f3\u201d, se\u00f1al\u00f3 el titular de Econom\u00eda al ser consultado sobre si sigui\u00f3 a lo largo de este mi\u00e9rcoles los idas y vueltas en el ala opositora de la pol\u00edtica nacional luego de que Patricia Bullrich confirmara que respaldar\u00e1 a Milei en la segunda vuelta de las elecciones presidenciales pautadas para el 19 de noviembre pr\u00f3ximo.<\/p>\n<p>En esa l\u00ednea, Massa agreg\u00f3: \u201cVi algunos t\u00edtulos de pantalla en la oficina, entiendo que es un tema que  a la gente le genera confusi\u00f3n por las contradicciones\u201d. \u201cNo es un tema de nuestra fuerza pol\u00edtica\u201d, aclar\u00f3 luego.<\/p>\n<p>Patricia Bullrich y Luis Petri encabezaron en el mediod\u00eda de hoy una conferencia de prensa en la que anunciaron su respaldo a Milei, el candidato presidencial de La Libertad Avanza, en el balotaje.<\/p>\n<p>\u201cHoy creemos que hay que unir fuerzas para un objetivo superior. Como dijo San Mart\u00edn, \u2018cuando la patria est\u00e1 en peligro todo est\u00e1 permitido, excepto no defenderla\u2019\u201d, remat\u00f3 Bullrich, luego de enumerar una serie de puntos que deber\u00edan formar parte del programa de un eventual pr\u00f3ximo gobierno encabezado por Milei.<\/p>\n<p>\u201cAnoche tuve encuentro con Milei, mantuvimos una charla respecto de lo que fueron sus declaraciones (la acus\u00f3 de poner bombas en jardines de infantes) y nos perdonamos mutuamente porque hoy la Patria necesita que seamos capaces de perdonarnos. Est\u00e1 en juego el futuro\u201d, ampli\u00f3 a modo de resumen de su acuerdo con los libertarios.<\/p>\n<p>Los dichos de Bullrich profundizaron la interna dentro de Juntos por el Cambio, debido a que con el correr de las horas los distintos representantes del espacio expusieron sus diferencias con ella. Justamente entre ellos tambi\u00e9n estuvieron los gobernadores de JxC, quienes despu\u00e9s de una larga reuni\u00f3n marcaron distancia de la presidenta del PRO a trav\u00e9s de un comunicado.<\/p>\n<p>Massa, al ser consultado por eventuales negociaciones con gobernadores de la oposici\u00f3n, respondi\u00f3: \u201cLas reuniones o charlas que no se hacen p\u00fablicas y son privadas, son privadas. En eso soy muy respetuoso. Es parte de lo que nos genera confianza frente a tanto ruido\u201d.<\/p>\n<p>En ese sentido, el ministro de Econom\u00eda agreg\u00f3: \u201cLo importante es que la gente est\u00e9 tranquila en que el 10 de diciembre, cuando empiece mi gobierno si Dios me da la oportunidad, vamos a manejarnos con seriedad\u201d.<\/p>\n<p>Es importante destacar que la conferencia de prensa convocada por Bullrich y Luis Petri sorprendi\u00f3 a todos los radicales que todav\u00eda no lograban reponerse de la dura derrota a nivel nacional. \u201cEllos abandonaron Juntos por el Cambio. Abandonaron el mecanismo de toma de decisi\u00f3n colectiva dentro de una coalici\u00f3n\u201d, repiti\u00f3 Mart\u00edn Lousteau, l\u00edder de Evoluci\u00f3n, luego de que Morales leyera esta tarde el documento firmado en la sede del Comit\u00e9 Nacional.<\/p>\n<p>En este escenario y pese a sus internas hist\u00f3ricas, la UCR logr\u00f3 unificar una postura en medio de la crisis que atraviesa Juntos por el Cambio. Seg\u00fan pudo reconstruir Infobae, todos los correligionarios de peso coincidieron en que deben dar libertad de acci\u00f3n para el balotaje y, en paralelo, apoyaron la idea de cargar todas las tintas sobre Patricia Bullrich y Mauricio Macri como responsables de que la coalici\u00f3n opositora est\u00e9 al borde del quiebre. Incluso, en el entorno de Gerardo Morales acusaron al ex presidente de instalar el rumor de un posible acuerdo con Sergio Massa para, luego, usarlo como excusa o trampol\u00edn para aliarse con Javier Milei.<\/p>\n<p><strong>Infobae<\/strong><\/p>\n<p>La entrada <a href=\"https:\/\/diariod3.com\/inicio\/a-la-gente-le-genera-confusion-por-las-contradicciones-dijo-massa-sobre-el-pacto\/\" rel=\"noreferrer noopener\" target=\"_blank\">\u00abA la gente le genera confusi\u00f3n por las contradicciones\u00bb, dijo Massa sobre el pacto<\/a> se public\u00f3 primero en <a href=\"https:\/\/diariod3.com\/inicio\" rel=\"noreferrer noopener\" target=\"_blank\">DIARIO D3 NOTICIAS<\/a>.<\/p>\n","protected":false},"excerpt":{"rendered":"<p>El ministro y candidato a Presidente de Uni\u00f3n por la Patria habl\u00f3 esta noche en una jornada marcada por el acercamiento de cara al balotaje entre la ex candidata de JxC y el postulante La Libertad Avanza. Sergio Massa, ministro de Econom\u00eda y candidato a presidente del oficialismo, se refiri\u00f3 esta noche al pacto entre [&hellip;]<\/p>\n","protected":false},"author":2,"featured_media":9045,"comment_status":"closed","ping_status":"","sticky":false,"template":"","format":"standard","meta":{"footnotes":""},"categories":[12],"tags":[],"_links":{"self":[{"href":"https:\/\/maxradio923.com.ar\/index.php\/wp-json\/wp\/v2\/posts\/9014"}],"collection":[{"href":"https:\/\/maxradio923.com.ar\/index.php\/wp-json\/wp\/v2\/posts"}],"about":[{"href":"https:\/\/maxradio923.com.ar\/index.php\/wp-json\/wp\/v2\/types\/post"}],"author":[{"embeddable":true,"href":"https:\/\/maxradio923.com.ar\/index.php\/wp-json\/wp\/v2\/users\/2"}],"replies":[{"embeddable":true,"href":"https:\/\/maxradio923.com.ar\/index.php\/wp-json\/wp\/v2\/comments?post=9014"}],"version-history":[{"count":1,"href":"https:\/\/maxradio923.com.ar\/index.php\/wp-json\/wp\/v2\/posts\/9014\/revisions"}],"predecessor-version":[{"id":9036,"href":"https:\/\/maxradio923.com.ar\/index.php\/wp-json\/wp\/v2\/posts\/9014\/revisions\/9036"}],"wp:featuredmedia":[{"embeddable":true,"href":"https:\/\/maxradio923.com.ar\/index.php\/wp-json\/wp\/v2\/media\/9045"}],"wp:attachment":[{"href":"https:\/\/maxradio923.com.ar\/index.php\/wp-json\/wp\/v2\/media?parent=9014"}],"wp:term":[{"taxonomy":"category","embeddable":true,"href":"https:\/\/maxradio923.com.ar\/index.php\/wp-json\/wp\/v2\/categories?post=9014"},{"taxonomy":"post_tag","embeddable":true,"href":"https:\/\/maxradio923.com.ar\/index.php\/wp-json\/wp\/v2\/tags?post=9014"}],"curies":[{"name":"wp","href":"https:\/\/api.w.org\/{rel}","templated":true}]}}