{"id":8996,"date":"2023-10-25T21:54:35","date_gmt":"2023-10-26T00:54:35","guid":{"rendered":"https:\/\/maxradio923.com\/index.php\/2023\/10\/25\/rodriguez-larreta-ratifico-su-neutralidad-las-dos-opciones-que-tenemos-son-muy-malas\/"},"modified":"2023-10-25T21:54:35","modified_gmt":"2023-10-26T00:54:35","slug":"rodriguez-larreta-ratifico-su-neutralidad-las-dos-opciones-que-tenemos-son-muy-malas","status":"publish","type":"post","link":"https:\/\/maxradio923.com.ar\/index.php\/2023\/10\/25\/rodriguez-larreta-ratifico-su-neutralidad-las-dos-opciones-que-tenemos-son-muy-malas\/","title":{"rendered":"Rodr\u00edguez Larreta ratific\u00f3 su neutralidad: \u00abLas dos opciones que tenemos son muy malas\u00bb"},"content":{"rendered":"<p><img decoding=\"async\" src=\"https:\/\/diariod3.com\/inicio\/wp-content\/uploads\/2023\/10\/larreta.jpg_1536916664-_1_.jpg\"\/><\/p>\n<p>El jefe de Gobierno porte\u00f1o afirm\u00f3 que no apoyar\u00e1 ni a Sergio Massa ni a Javier Milei. Adem\u00e1s, pidi\u00f3 autocr\u00edtica en Juntos por el Cambio y dijo que no sab\u00eda de la reuni\u00f3n con el l\u00edder de La Libertad Avanza: \u201cMe desayun\u00e9 con mucha sorpresa\u201d.<\/p>\n<figure>\n<figure><img decoding=\"async\" src=\"https:\/\/www.diariodecuyo.com.ar\/__export\/1698276388506\/sites\/diariodecuyo\/img\/2023\/10\/25\/larreta.jpg_1536916664.jpg\" alt=\"Rodr\u00edguez Larreta ratific\u00f3 su neutralidad: \"\/><\/figure>\n<\/figure>\n<p>Tal como se esperaba, Horacio Rodr\u00edguez Larreta confirm\u00f3 que no apoyar\u00e1 ni a Javier Milei ni a Sergio Massa en el balotaje del pr\u00f3ximo 19 de noviembre: \u201cQuiero ser bien claro ante ese dilema. Las dos opciones son muy malas para todos los argentinos. Es nuestra responsabilidad defendernos\u201d.<\/p>\n<p>Para justificar su decisi\u00f3n, el jefe de Gobierno porte\u00f1o esgrimi\u00f3 cr\u00edticas para ambos candidatos. Primero fue el turno de Sergio Massa, a quien equipar\u00f3 con el kirchnerismo: \u201cEs la reelecci\u00f3n del populismo kirchnerista. Sigue d\u00e1ndole a la maquinita, le da la educaci\u00f3n a los Baradel, es seguir viviendo con miedo por la inseguridad, m\u00e1s parches e improvisaci\u00f3n, siempre me enfrent\u00e9 con el kirchnerismo\u201d, apunt\u00f3 Larreta. En esa direcci\u00f3n, record\u00f3 sus enfrentamientos con el oficialismo actual. \u201cMe sacaron la coparticipaci\u00f3n y fu\u00ed a la Corte, no hay ninguna posibilidad de que yo integre el gobierno kirchnerista. No me rindo a la posibilidad de construir un gobierno diferente. Voy a seguir trabajando incansablemente\u201d, afirm\u00f3.<\/p>\n<p>Luego, sobre Milei expres\u00f3: \u201cEs un nuevo populismo, un salto al vac\u00edo. No creo en la venta de armas ni de \u00f3rganos, eso es un desastre, la educaci\u00f3n con vouchers, los ataques al Vaticano. Est\u00e1 en los bordes de la democracia. Construy\u00f3 su carrera en base a las agresiones. Me trat\u00f3 de rata. Dijo que me iba a pisar con la silla de ruedas\u201d, repas\u00f3 Larreta todas las agresiones que recibi\u00f3 del candidato a presidente de La Libertad Avanza<\/p>\n<p>Luego expres\u00f3 una diferencia de fondo, m\u00e1s all\u00e1 de los insultos. \u201cAhora, m\u00e1s all\u00e1 de eso, si yo creyera en sus ideas lo apoyar\u00eda. El problema es que no es bueno para el pa\u00eds. Por eso no puedo acompa\u00f1ar a un candidato que lastime a los argentinos\u201d, explic\u00f3 el jefe de gobierno.<\/p>\n<p>Como alternativa, el ex precandidato a presidente llam\u00f3 a construir una oposici\u00f3n firme de cara al futuro: \u201cHay una tercera alternativa, que es trabajar para mantener a Juntos por el Cambio. S\u00e9 que se habl\u00f3 de rupturas, de peleas, eso no suma nada. Voy a pelear siempre para sostener la coalici\u00f3n\u201d, afirm\u00f3, relativizando la posibilidad de un quiebre definitivo de Juntos por el Cambio.<\/p>\n<p><strong>La reuni\u00f3n \u201csecreta\u201d entre Macri, Bullrich y Milei<\/strong><\/p>\n<p>En la conferencia de prensa brindada en la sede del gobierno porte\u00f1o de la calle Uspallata, Larreta mostr\u00f3 su sorpresa por el encuentro que Patricia Bullrich cont\u00f3 que hab\u00eda mantenido con Javier Milei. \u201cNo sab\u00eda nada, fue una reuni\u00f3n a medianoche, en secreto. Me desayun\u00e9 con mucha sorpresa sobre esa reuni\u00f3n. No se que hablaron, qu\u00e9 acordaron, no s\u00e9 nada\u201d, cont\u00f3 Larreta.<\/p>\n<p>El dirigente mantuvo su tono habitual, aunque no dej\u00f3 de se\u00f1alar su disconformidad con ese encuentro, al remarcar que estaba previsto un encuentro del PRO esta ma\u00f1ana y luego uno de Juntos por el Cambio, tal como ven\u00eda siendo el recorrido para la toma de decisiones en la coalici\u00f3n. \u201cExpres\u00e9 mi claro malestar respecto de reuniones secretas. Sobre todo cuando hab\u00eda agenda\u201d, se\u00f1al\u00f3 Larreta.<\/p>\n<p>\u201cEn el PRO no hay una posici\u00f3n com\u00fan\u201d, dijo el ex presidenciable del espacio, ratificando la diferencia que existe en el espacio respecto del apoyo que expres\u00f3 hoy Patricia Bullrich hacia Javier Milei.<\/p>\n<p>Luego, el jefe de gobierno, que le dejar\u00e1 su lugar a Jorge Macri el 10 de diciembre, coincidi\u00f3 con la postura del radicalismo respecto del rol que tendr\u00e1 la coalici\u00f3n de ac\u00e1 en adelante. \u201cLos gobernadores est\u00e1n en la misma direcci\u00f3n. Hay una mayor\u00eda en Juntos por el Cambio que coincide, que el kirchnerismo es una cat\u00e1strofe, pero tampoco un salto al vac\u00edo\u201d.<\/p>\n<p>\u201cCada dirigente que podamos mantener, es un freno m\u00e1s grande a cualquiera de estas alternativas. Es lo que elige la mayor\u00eda de Juntos por el Cambio. La CC, Confianza P\u00fablica de Oca\u00f1a, Mar\u00eda Eugenia Vidal. Nuestros gobernadores, reunidos en estos momentos, con la misma posici\u00f3n, no podemos apoyar a uno u otro\u201d, agreg\u00f3.<\/p>\n<p>La entrada <a href=\"https:\/\/diariod3.com\/inicio\/rodriguez-larreta-ratifico-su-neutralidad-las-dos-opciones-que-tenemos-son-muy-malas\/\" rel=\"noreferrer noopener\" target=\"_blank\">Rodr\u00edguez Larreta ratific\u00f3 su neutralidad: \u00abLas dos opciones que tenemos son muy malas\u00bb<\/a> se public\u00f3 primero en <a href=\"https:\/\/diariod3.com\/inicio\" rel=\"noreferrer noopener\" target=\"_blank\">DIARIO D3 NOTICIAS<\/a>.<\/p>\n","protected":false},"excerpt":{"rendered":"<p>El jefe de Gobierno porte\u00f1o afirm\u00f3 que no apoyar\u00e1 ni a Sergio Massa ni a Javier Milei. Adem\u00e1s, pidi\u00f3 autocr\u00edtica en Juntos por el Cambio y dijo que no sab\u00eda de la reuni\u00f3n con el l\u00edder de La Libertad Avanza: \u201cMe desayun\u00e9 con mucha sorpresa\u201d. Tal como se esperaba, Horacio Rodr\u00edguez Larreta confirm\u00f3 que no [&hellip;]<\/p>\n","protected":false},"author":2,"featured_media":8997,"comment_status":"","ping_status":"","sticky":false,"template":"","format":"standard","meta":{"footnotes":""},"categories":[12],"tags":[],"_links":{"self":[{"href":"https:\/\/maxradio923.com.ar\/index.php\/wp-json\/wp\/v2\/posts\/8996"}],"collection":[{"href":"https:\/\/maxradio923.com.ar\/index.php\/wp-json\/wp\/v2\/posts"}],"about":[{"href":"https:\/\/maxradio923.com.ar\/index.php\/wp-json\/wp\/v2\/types\/post"}],"author":[{"embeddable":true,"href":"https:\/\/maxradio923.com.ar\/index.php\/wp-json\/wp\/v2\/users\/2"}],"replies":[{"embeddable":true,"href":"https:\/\/maxradio923.com.ar\/index.php\/wp-json\/wp\/v2\/comments?post=8996"}],"version-history":[{"count":0,"href":"https:\/\/maxradio923.com.ar\/index.php\/wp-json\/wp\/v2\/posts\/8996\/revisions"}],"wp:featuredmedia":[{"embeddable":true,"href":"https:\/\/maxradio923.com.ar\/index.php\/wp-json\/wp\/v2\/media\/8997"}],"wp:attachment":[{"href":"https:\/\/maxradio923.com.ar\/index.php\/wp-json\/wp\/v2\/media?parent=8996"}],"wp:term":[{"taxonomy":"category","embeddable":true,"href":"https:\/\/maxradio923.com.ar\/index.php\/wp-json\/wp\/v2\/categories?post=8996"},{"taxonomy":"post_tag","embeddable":true,"href":"https:\/\/maxradio923.com.ar\/index.php\/wp-json\/wp\/v2\/tags?post=8996"}],"curies":[{"name":"wp","href":"https:\/\/api.w.org\/{rel}","templated":true}]}}