{"id":8994,"date":"2023-10-25T21:54:34","date_gmt":"2023-10-26T00:54:34","guid":{"rendered":"https:\/\/maxradio923.com\/index.php\/2023\/10\/25\/gobernadores-de-juntos-por-el-cambio-incluido-orrego-anuncian-su-neutralidad-en-el-balotaje-y-mantienen-su-identidad-politica\/"},"modified":"2023-10-26T08:14:12","modified_gmt":"2023-10-26T11:14:12","slug":"gobernadores-de-juntos-por-el-cambio-incluido-orrego-anuncian-su-neutralidad-en-el-balotaje-y-mantienen-su-identidad-politica","status":"publish","type":"post","link":"https:\/\/maxradio923.com.ar\/index.php\/2023\/10\/25\/gobernadores-de-juntos-por-el-cambio-incluido-orrego-anuncian-su-neutralidad-en-el-balotaje-y-mantienen-su-identidad-politica\/","title":{"rendered":"Gobernadores de Juntos por el Cambio, Incluido Orrego Anuncian su Neutralidad en el Balotaje y Mantienen su Identidad Pol\u00edtica"},"content":{"rendered":"<p><img decoding=\"async\" src=\"https:\/\/diariod3.com\/inicio\/wp-content\/uploads\/2023\/10\/gobernadores-jxcjpg.jpg\"\/><\/p>\n<p>Los gobernadores en ejercicio y electos del frente pol\u00edtico Juntos por el Cambio, incluyendo al destacado dirigente sanjuanino Marcelo Orrego, han rechazado p\u00fablicamente la decisi\u00f3n de Patricia Bullrich de respaldar a Javier Milei en el balotaje presidencial del 19 de noviembre pr\u00f3ximo. En un comunicado de prensa, estos mandatarios han dejado en claro su desvinculaci\u00f3n de la posici\u00f3n de Bullrich, manteniendo una posici\u00f3n neutral en el proceso electoral.<\/p>\n<p>Aunque contin\u00faan oponi\u00e9ndose al gobierno nacional, los gobernadores han subrayado que esta decisi\u00f3n de neutralidad no constituye un respaldo directo al l\u00edder libertario, haciendo hincapi\u00e9 en que seguir\u00e1n trabajando para defender sus valores sin entregar su identidad pol\u00edtica \u00abal alquimista de turno\u00bb.<\/p>\n<p>En su comunicado, los gobernadores enfatizan su compromiso de ser la principal oposici\u00f3n en el Congreso Nacional y en las provincias, protegiendo las instituciones y supervisando al pr\u00f3ximo gobierno elegido, sin importar qui\u00e9n sea el presidente electo. Adem\u00e1s, reiteran su lucha contra el \u00abpopulismo econ\u00f3mico\u00bb y su rechazo a las propuestas de Uni\u00f3n por la Patria.<\/p>\n<p>En esta l\u00ednea, los gobernadores reafirman su compromiso con la educaci\u00f3n p\u00fablica, la salud de calidad y rechazan la dolarizaci\u00f3n sin reservas, a trav\u00e9s de una devaluaci\u00f3n agresiva. Subrayan la importancia de resguardar su identidad pol\u00edtica y su compromiso con la sociedad.<\/p>\n<p>Adem\u00e1s, establecen como objetivo recuperar la confianza de los ciudadanos para presentar al mejor candidato presidencial en 2027. Prometen trabajar para ser modelos de gesti\u00f3n eficiente y para garantizar un control republicano y desarrollo econ\u00f3mico en el Congreso, siguiendo las pol\u00edticas p\u00fablicas que siempre han defendido.<\/p>\n<p>Este comunicado refleja la firme posici\u00f3n de los gobernadores de Juntos por el Cambio en su b\u00fasqueda de estabilidad econ\u00f3mica, protecci\u00f3n de las instituciones y su compromiso de ser una oposici\u00f3n constructiva en Argentina.<\/p>\n<p>La entrada <a href=\"https:\/\/diariod3.com\/inicio\/gobernadores-de-juntos-por-el-cambio-incluido-orrego-anuncian-su-neutralidad-en-el-balotaje-y-mantienen-su-identidad-politica\/\" rel=\"noreferrer noopener\" target=\"_blank\">Gobernadores de Juntos por el Cambio, Incluido Orrego Anuncian su Neutralidad en el Balotaje y Mantienen su Identidad Pol\u00edtica<\/a> se public\u00f3 primero en <a href=\"https:\/\/diariod3.com\/inicio\" rel=\"noreferrer noopener\" target=\"_blank\">DIARIO D3 NOTICIAS<\/a>.<\/p>\n","protected":false},"excerpt":{"rendered":"<p>Los gobernadores en ejercicio y electos del frente pol\u00edtico Juntos por el Cambio, incluyendo al destacado dirigente sanjuanino Marcelo Orrego, han rechazado p\u00fablicamente la decisi\u00f3n de Patricia Bullrich de respaldar a Javier Milei en el balotaje presidencial del 19 de noviembre pr\u00f3ximo. En un comunicado de prensa, estos mandatarios han dejado en claro su desvinculaci\u00f3n [&hellip;]<\/p>\n","protected":false},"author":2,"featured_media":9046,"comment_status":"closed","ping_status":"","sticky":false,"template":"","format":"standard","meta":{"footnotes":""},"categories":[12],"tags":[],"_links":{"self":[{"href":"https:\/\/maxradio923.com.ar\/index.php\/wp-json\/wp\/v2\/posts\/8994"}],"collection":[{"href":"https:\/\/maxradio923.com.ar\/index.php\/wp-json\/wp\/v2\/posts"}],"about":[{"href":"https:\/\/maxradio923.com.ar\/index.php\/wp-json\/wp\/v2\/types\/post"}],"author":[{"embeddable":true,"href":"https:\/\/maxradio923.com.ar\/index.php\/wp-json\/wp\/v2\/users\/2"}],"replies":[{"embeddable":true,"href":"https:\/\/maxradio923.com.ar\/index.php\/wp-json\/wp\/v2\/comments?post=8994"}],"version-history":[{"count":1,"href":"https:\/\/maxradio923.com.ar\/index.php\/wp-json\/wp\/v2\/posts\/8994\/revisions"}],"predecessor-version":[{"id":9016,"href":"https:\/\/maxradio923.com.ar\/index.php\/wp-json\/wp\/v2\/posts\/8994\/revisions\/9016"}],"wp:featuredmedia":[{"embeddable":true,"href":"https:\/\/maxradio923.com.ar\/index.php\/wp-json\/wp\/v2\/media\/9046"}],"wp:attachment":[{"href":"https:\/\/maxradio923.com.ar\/index.php\/wp-json\/wp\/v2\/media?parent=8994"}],"wp:term":[{"taxonomy":"category","embeddable":true,"href":"https:\/\/maxradio923.com.ar\/index.php\/wp-json\/wp\/v2\/categories?post=8994"},{"taxonomy":"post_tag","embeddable":true,"href":"https:\/\/maxradio923.com.ar\/index.php\/wp-json\/wp\/v2\/tags?post=8994"}],"curies":[{"name":"wp","href":"https:\/\/api.w.org\/{rel}","templated":true}]}}