{"id":8830,"date":"2023-10-24T22:44:15","date_gmt":"2023-10-25T01:44:15","guid":{"rendered":"https:\/\/maxradio923.com\/index.php\/2023\/10\/24\/la-6-edicion-del-concurso-del-asador-premiara-a-los-ganadores-con-330-mil\/"},"modified":"2023-10-24T22:44:15","modified_gmt":"2023-10-25T01:44:15","slug":"la-6-edicion-del-concurso-del-asador-premiara-a-los-ganadores-con-330-mil","status":"publish","type":"post","link":"https:\/\/maxradio923.com.ar\/index.php\/2023\/10\/24\/la-6-edicion-del-concurso-del-asador-premiara-a-los-ganadores-con-330-mil\/","title":{"rendered":"La 6\u00b0 edici\u00f3n del Concurso del Asador premiar\u00e1 a los ganadores con $330 mil"},"content":{"rendered":"<p><img decoding=\"async\" src=\"https:\/\/diariod3.com\/inicio\/wp-content\/uploads\/2023\/10\/53282739035_71bf833403_b.jpg\"\/><br \/>\nSer\u00e1 en el Complejo Ceferino Namuncur\u00e1 el pr\u00f3ximo 25 de noviembre. Las inscripciones est\u00e1n abiertas hasta el 29 de octubre o hasta completar cupo.<\/p>\n<p><a href=\"https:\/\/sisanjuan.b-cdn.net\/media\/k2\/items\/cache\/e086f54e5387bfe866349058c23f88b1_XL.jpg\" rel=\"noreferrer noopener\" target=\"_blank\"><img decoding=\"async\" src=\"https:\/\/sisanjuan.b-cdn.net\/media\/k2\/items\/cache\/e086f54e5387bfe866349058c23f88b1_L.jpg\" alt=\"La 6\u00b0 edici\u00f3n del Concurso del Asador premiar\u00e1 a los ganadores con $330 mil\"\/> <\/a>Fotos: Adri\u00e1n Carrizo<\/p>\n<p><strong>Los mejores asadores de San Juan se <\/strong>preparan<strong> para ser parte del Concurso del Asador<\/strong> que tendr\u00e1 lugar en el Complejo Ceferino Namuncur\u00e1 el <strong>s\u00e1bado 25 de noviembre<\/strong>. En v\u00edsperas a esta fecha, desde el Ministerio de Turismo y Cultura, la Municipalidad de San Mart\u00edn y Universidad Cat\u00f3lica de Cuyo se dieron a conocer todos los detalles de esta esperada competencia.<\/p>\n<p>En este marco, en la jornada de hoy, <strong>quedaron abiertas las inscripciones para quienes quieran <\/strong>sumarse<strong> a esta iniciativa<\/strong> <strong>que coronar\u00e1 a los ganadores con premios que suman m\u00e1s de 300 mil pesos.<\/strong><\/p>\n<p>En la sexta edici\u00f3n, <strong>el cupo es limitado<\/strong> ya que ser\u00e1n 25 participantes en la \u201cCategor\u00eda 1 \u2013 a las brasas\u201d, 25 en la \u201cCategor\u00eda 2 \u2013 a las llamas\u201d y 20 participantes en \u201cCategor\u00eda 3 \u2013 Profesionales\u201d. As\u00ed, en las dos primeras categor\u00edas podr\u00e1n inscribirse cocineros amateur, mientras que en la tercera, se incluyen a qui\u00e9nes cuenten con estudios en gastronom\u00eda y\/o se desempe\u00f1en laboralmente en restaurantes, bares, parrillas u otro establecimiento gastron\u00f3mico, as\u00ed como qui\u00e9nes hayan resultado ganadores de ediciones anteriores de dicho concurso.<\/p>\n<p><strong>En las tres categor\u00edas se premiar\u00e1n los tres primeros puestos<\/strong>. De esta manera, el primero recibir\u00e1 la suma de $60 mil, el 2\u00ba ser\u00e1 de $30 mil y $20 mil para el tercer puesto.<\/p>\n<p><strong>Los participantes podr\u00e1n inscribirse hasta el pr\u00f3ximo 29 de octubre o hasta completar cupo<\/strong> completando el formulario de inscripci\u00f3n on line en este <a href=\"http:\/\/bit.ly\/ConcursoDelAsadorSanjuanino\" rel=\"noreferrer noopener\" target=\"_blank\">link<\/a> y tambi\u00e9n podr\u00e1n hacerlo en la Municipalidad de San Mart\u00edn ubicada en Avenida Sarmiento y Meglioli.<\/p>\n<p>La organizaci\u00f3n se compromete a suministrar el corte de carne vacuna seleccionado por el concursante al momento de su inscripci\u00f3n. Por su parte, los participantes deber\u00e1n entregar la carne asada a instituciones, academias de danza y escuelas con sus promociones de egresados del Departamento de San Mart\u00edn, qui\u00e9nes vender\u00e1n los platos servidos acompa\u00f1ados de ensaladas al p\u00fablico presente.<\/p>\n<p>Los cortes de carne a utilizar siempre ser\u00e1n bovinos, pudiendo elegir punta de espalda, costillar, tapa de asado, asado de carnicero y vac\u00edo.<\/p>\n<p><strong>Durante la jornada, los asadores quedar\u00e1n sometidos a la observaci\u00f3n del jurado desde el momento en que comienza la competencia<\/strong>, el cual estar\u00e1 compuesto por docentes de la Facultad de Ciencias Qu\u00edmicas y Tecnol\u00f3gicas de la Universidad Cat\u00f3lica de Cuyo, Asociaci\u00f3n Empresarial Hotelera Gastron\u00f3mica de San Juan, sector de productos c\u00e1rnicos y ganadores de ediciones anteriores del concurso.<\/p>\n<p>Finalizada la evaluaci\u00f3n, el jurado, autoridades municipales y provinciales realizar\u00e1n la premiaci\u00f3n a los ganadores en la Pe\u00f1a del Asador Sanjuanino a las 23 hs.<\/p>\n<p>Cabe destacar que <strong>el jueves 16 de noviembre, a las 18 hs, se realizar\u00e1 una reuni\u00f3n informativa sobre la modalidad del concurso<\/strong> en Casa Espa\u00f1a. Ese d\u00eda, cada participante deber\u00e1 entregar un dep\u00f3sito de $2000, que le ser\u00e1 reintegrado el d\u00eda del concurso.<\/p>\n<p>La entrada <a href=\"https:\/\/diariod3.com\/inicio\/la-6-edicion-del-concurso-del-asador-premiara-a-los-ganadores-con-330-mil\/\" rel=\"noreferrer noopener\" target=\"_blank\">La 6\u00b0 edici\u00f3n del Concurso del Asador premiar\u00e1 a los ganadores con $330 mil<\/a> se public\u00f3 primero en <a href=\"https:\/\/diariod3.com\/inicio\" rel=\"noreferrer noopener\" target=\"_blank\">DIARIO D3 NOTICIAS<\/a>.<\/p>\n","protected":false},"excerpt":{"rendered":"<p>Ser\u00e1 en el Complejo Ceferino Namuncur\u00e1 el pr\u00f3ximo 25 de noviembre. Las inscripciones est\u00e1n abiertas hasta el 29 de octubre o hasta completar cupo. Fotos: Adri\u00e1n Carrizo Los mejores asadores de San Juan se preparan para ser parte del Concurso del Asador que tendr\u00e1 lugar en el Complejo Ceferino Namuncur\u00e1 el s\u00e1bado 25 de noviembre. [&hellip;]<\/p>\n","protected":false},"author":1,"featured_media":8831,"comment_status":"","ping_status":"","sticky":false,"template":"","format":"standard","meta":{"footnotes":""},"categories":[10],"tags":[],"_links":{"self":[{"href":"https:\/\/maxradio923.com.ar\/index.php\/wp-json\/wp\/v2\/posts\/8830"}],"collection":[{"href":"https:\/\/maxradio923.com.ar\/index.php\/wp-json\/wp\/v2\/posts"}],"about":[{"href":"https:\/\/maxradio923.com.ar\/index.php\/wp-json\/wp\/v2\/types\/post"}],"author":[{"embeddable":true,"href":"https:\/\/maxradio923.com.ar\/index.php\/wp-json\/wp\/v2\/users\/1"}],"replies":[{"embeddable":true,"href":"https:\/\/maxradio923.com.ar\/index.php\/wp-json\/wp\/v2\/comments?post=8830"}],"version-history":[{"count":0,"href":"https:\/\/maxradio923.com.ar\/index.php\/wp-json\/wp\/v2\/posts\/8830\/revisions"}],"wp:featuredmedia":[{"embeddable":true,"href":"https:\/\/maxradio923.com.ar\/index.php\/wp-json\/wp\/v2\/media\/8831"}],"wp:attachment":[{"href":"https:\/\/maxradio923.com.ar\/index.php\/wp-json\/wp\/v2\/media?parent=8830"}],"wp:term":[{"taxonomy":"category","embeddable":true,"href":"https:\/\/maxradio923.com.ar\/index.php\/wp-json\/wp\/v2\/categories?post=8830"},{"taxonomy":"post_tag","embeddable":true,"href":"https:\/\/maxradio923.com.ar\/index.php\/wp-json\/wp\/v2\/tags?post=8830"}],"curies":[{"name":"wp","href":"https:\/\/api.w.org\/{rel}","templated":true}]}}