{"id":88216,"date":"2026-05-03T11:00:36","date_gmt":"2026-05-03T14:00:36","guid":{"rendered":"https:\/\/maxradio923.com.ar\/index.php\/2026\/05\/03\/fin-de-semana-xl-de-poco-turismo-viajaron-11-millones-de-personas-y-gastaron-235-000-millones\/"},"modified":"2026-05-03T11:00:36","modified_gmt":"2026-05-03T14:00:36","slug":"fin-de-semana-xl-de-poco-turismo-viajaron-11-millones-de-personas-y-gastaron-235-000-millones","status":"publish","type":"post","link":"https:\/\/maxradio923.com.ar\/index.php\/2026\/05\/03\/fin-de-semana-xl-de-poco-turismo-viajaron-11-millones-de-personas-y-gastaron-235-000-millones\/","title":{"rendered":"Fin de semana XL de poco turismo: viajaron 1,1 millones de personas y gastaron $235.000 millones"},"content":{"rendered":"<p><\/p>\n<div>\n<div class=\"visual__image image-initial-width\"><picture><source srcset=\"https:\/\/www.infobae.com\/resizer\/v2\/NP3YD7IBTVGQVFPR5QVOG3ESNA.jpg?auth=a2750a3bcd47cbfba996bd5ad31ca2f405bb7813570060bbf16d35bd608f57ba&amp;smart=true&amp;width=992&amp;height=744&amp;quality=85\" media=\"(min-width: 1000px)\"\/><source srcset=\"https:\/\/www.infobae.com\/resizer\/v2\/NP3YD7IBTVGQVFPR5QVOG3ESNA.jpg?auth=a2750a3bcd47cbfba996bd5ad31ca2f405bb7813570060bbf16d35bd608f57ba&amp;smart=true&amp;width=768&amp;height=576&amp;quality=85\" media=\"(min-width: 768px)\"\/><source srcset=\"https:\/\/www.infobae.com\/resizer\/v2\/NP3YD7IBTVGQVFPR5QVOG3ESNA.jpg?auth=a2750a3bcd47cbfba996bd5ad31ca2f405bb7813570060bbf16d35bd608f57ba&amp;smart=true&amp;width=577&amp;height=433&amp;quality=85\" media=\"(min-width: 580px)\"\/><source srcset=\"https:\/\/www.infobae.com\/resizer\/v2\/NP3YD7IBTVGQVFPR5QVOG3ESNA.jpg?auth=a2750a3bcd47cbfba996bd5ad31ca2f405bb7813570060bbf16d35bd608f57ba&amp;smart=true&amp;width=420&amp;height=315&amp;quality=85\" media=\"(min-width: 350px)\"\/><source srcset=\"https:\/\/www.infobae.com\/resizer\/v2\/NP3YD7IBTVGQVFPR5QVOG3ESNA.jpg?auth=a2750a3bcd47cbfba996bd5ad31ca2f405bb7813570060bbf16d35bd608f57ba&amp;smart=true&amp;width=350&amp;height=263&amp;quality=85\" media=\"(min-width: 80px)\"\/><img alt=\"Turismo\" class=\"global-image\" decoding=\"async\" fetchpriority=\"high\" height=\"1431\" loading=\"eager\" src=\"https:\/\/www.infobae.com\/resizer\/v2\/NP3YD7IBTVGQVFPR5QVOG3ESNA.jpg?auth=a2750a3bcd47cbfba996bd5ad31ca2f405bb7813570060bbf16d35bd608f57ba&amp;smart=true&amp;width=350&amp;height=263&amp;quality=85\" width=\"1908\"\/><\/picture><\/div>\n<p class=\"paragraph\"> \u201cEl fin de semana largo del D\u00eda del Trabajador mostr\u00f3 una desaceleraci\u00f3n en la actividad tur\u00edstica. Se viaj\u00f3 menos, con estad\u00edas m\u00e1s cortas (dos d\u00edas en promedio) y un gasto real en baja. Predominaron las escapadas de cercan\u00eda\u201d, destac\u00f3 un relevamiento de la Confederaci\u00f3n Argentina de la Mediana Empresa (CAME)<\/p>\n<p class=\"paragraph\">Ese panorama, en l\u00ednea con los datos econ\u00f3micos que reflejan una ca\u00edda bastante extendida del consumo, fue el dominante pese a que, destaca el informe de la central empresaria, se organizaron numerosos eventos en todo el pa\u00eds. \u201cTraccionaron, pero que no alcanzaron para motorizar a un segmento del turismo que tiene su ecuaci\u00f3n de ingresos m\u00e1s comprometida\u201d, dice CAME. <\/p>\n<p class=\"paragraph\">Con n\u00fameros m\u00e1s precisos, el informe se\u00f1ala que se trat\u00f3 del cuarto fin de semana largo del a\u00f1o, en el que se movilizaron 1.066.464 turistas en todo el pa\u00eds, generando un impacto econ\u00f3mico directo de $ 235.008 millones en alimentos, bebidas, alojamiento, transporte, recreaci\u00f3n y compras. Otro dato que refleja la flojera de bolsillo fue que el gasto se concentr\u00f3 en consumos b\u00e1sicos m\u00e1s que en gasto recreativo.<\/p>\n<div class=\"rawHTML raw_html \"><img decoding=\"async\" src=\"https:\/\/www.infobae.com\/\/resizer\/v2\/FDIQ5JP7UZFHVGNLMXHKC4C6YU.jpg?auth=f66d2ca9d75d61edc09d8b2de057d652acabf4026d1e0183118cba3a58652f78\" alt=\"infografia\" class=\"responsive\"\/><\/p>\n<\/div>\n<p class=\"paragraph\">\u201cEn comparaci\u00f3n con 2025, la cantidad de viajeros baj\u00f3 un 8%, aunque hay que tener en cuenta que el a\u00f1o pasado el fin de semana tuvo cuatro d\u00edas, lo que marca la incidencia de la duraci\u00f3n del feriado en la decisi\u00f3n de viajar. Sin embargo, si se compara contra el mismo feriado de 2023, que al igual que \u00e9ste fue de tres d\u00edas (en 2024 no hubo fin de semana largo), el crecimiento de turistas que se desplazaron por el pa\u00eds fue del 16 por ciento\u201d, destac\u00f3 CAME. <\/p>\n<p class=\"paragraph\">Algunos datos que sintetizan lo acontecido son los siguientes: <\/p>\n<ul data-icon=\"\u2b24\" class=\"list\">\n<li data-icon=\"\u2b24\"><span>El gasto promedio diario por turista fue de $ 110.181, con una ca\u00edda real del 1,6% frente al a\u00f1o anterior, reflejo de un consumo m\u00e1s contenido y selectivo por parte de los viajeros.<\/span><\/li>\n<li data-icon=\"\u2b24\"><span>La estad\u00eda promedio fue de dos noches, un 25,9% menor que en 2025 cuando el fin de semana tuvo un d\u00eda m\u00e1s de feriado. A su vez, el gasto total real fue un 32,9% menor al del a\u00f1o pasado.<\/span><\/li>\n<li data-icon=\"\u2b24\"><span>La principal caracter\u00edstica del fin de semana fue la fuerte segmentaci\u00f3n territorial de la demanda: el movimiento no se distribuy\u00f3 de manera homog\u00e9nea, sino que se concentr\u00f3 en destinos con eventos puntuales, propuestas diferenciales o atractivos consolidados.<\/span><\/li>\n<li data-icon=\"\u2b24\"><span>Las condiciones clim\u00e1ticas fueron favorables en gran parte del pa\u00eds, especialmente en las regiones central y norte, con buen tiempo y jornadas templadas que acompa\u00f1aron las actividades al aire libre y el desarrollo de eventos. En algunos destinos puntuales se registraron temperaturas m\u00e1s bajas, que alentaron las actividades m\u00e1s urbanas.<\/span><\/li>\n<li data-icon=\"\u2b24\"><span>Los destinos tradicionales concentraron buena parte del movimiento, aunque con niveles m\u00e1s moderados que en otros fines de semana largos. Ciudades como CABA, Mendoza, C\u00f3rdoba, Bariloche y Puerto Iguaz\u00fa mantuvieron su capacidad de atracci\u00f3n, apoyadas en su infraestructura, conectividad y oferta diversificada.<\/span><\/li>\n<li data-icon=\"\u2b24\"><span> Se destacaron destinos que traccionaron su demanda a partir de eventos espec\u00edficos. Goya, con la Fiesta Nacional del Surub\u00ed; La Cumbre, con el Desaf\u00edo del R\u00edo Pinto; Concordia, con el TC2000; y Yerba Buena, en Tucum\u00e1n, mostraron niveles de ocupaci\u00f3n elevados, concentrando el mayor dinamismo del fin de semana.<\/span><\/li>\n<li data-icon=\"\u2b24\"><span>Hubo mayor protagonismo de destinos intermedios que captaron movimiento a partir de agendas locales. Fueron los casos de San Antonio de Areco, Ca\u00f1uelas y Baradero en la provincia de Buenos Aires o Villa Yacanto, Villa del Dique y San Lorenzo en C\u00f3rdoba, impulsadas por propuestas gastron\u00f3micas, ferias y eventos culturales bien locales.<\/span><\/li>\n<li data-icon=\"\u2b24\"><span>Los destinos emergentes continuaron consolid\u00e1ndose como opciones de escapada, con casos como Andalgal\u00e1 en Catamarca, Tolhuin en Tierra del Fuego o el corredor del Alto Neuqu\u00e9n, donde propuestas vinculadas a la naturaleza, la gastronom\u00eda y la identidad local permitieron sostener el flujo de visitantes.<\/span><\/li>\n<\/ul>\n<p class=\"paragraph\">En lo que va del a\u00f1o pasaron cuatro fines de semana largos, en los que viajaron 7.940.720 turistas y gastaron $ 2.282.083 millones. Frente a los mismos primeros cuatro fines de semana largos del 2025 se viaj\u00f3 un 8,1% m\u00e1s (en cantidad de turistas).<\/p>\n<div class=\"visual__image\"><picture><source srcset=\"https:\/\/www.infobae.com\/resizer\/v2\/PIL6HDJHLJALZJJKELL5PRNCIU.jpg?auth=44def1000aa7b2e35de724801190546f50cb9ee7d20a3e990b9609c3d152ecd2&amp;smart=true&amp;width=992&amp;height=662&amp;quality=85\" media=\"(min-width: 1000px)\"\/><source srcset=\"https:\/\/www.infobae.com\/resizer\/v2\/PIL6HDJHLJALZJJKELL5PRNCIU.jpg?auth=44def1000aa7b2e35de724801190546f50cb9ee7d20a3e990b9609c3d152ecd2&amp;smart=true&amp;width=768&amp;height=512&amp;quality=85\" media=\"(min-width: 768px)\"\/><source srcset=\"https:\/\/www.infobae.com\/resizer\/v2\/PIL6HDJHLJALZJJKELL5PRNCIU.jpg?auth=44def1000aa7b2e35de724801190546f50cb9ee7d20a3e990b9609c3d152ecd2&amp;smart=true&amp;width=577&amp;height=385&amp;quality=85\" media=\"(min-width: 580px)\"\/><source srcset=\"https:\/\/www.infobae.com\/resizer\/v2\/PIL6HDJHLJALZJJKELL5PRNCIU.jpg?auth=44def1000aa7b2e35de724801190546f50cb9ee7d20a3e990b9609c3d152ecd2&amp;smart=true&amp;width=420&amp;height=280&amp;quality=85\" media=\"(min-width: 350px)\"\/><source srcset=\"https:\/\/www.infobae.com\/resizer\/v2\/PIL6HDJHLJALZJJKELL5PRNCIU.jpg?auth=44def1000aa7b2e35de724801190546f50cb9ee7d20a3e990b9609c3d152ecd2&amp;smart=true&amp;width=350&amp;height=234&amp;quality=85\" media=\"(min-width: 80px)\"\/><img alt=\"Aerol\u00edneas Argentinas transport\u00f3 158.000 pasajeros, poco m\u00e1s del 14% de los turistas que se movilizaron este fin de semana largo\" class=\"global-image\" decoding=\"async\" fetchpriority=\"low\" height=\"1281\" loading=\"lazy\" src=\"https:\/\/www.infobae.com\/resizer\/v2\/PIL6HDJHLJALZJJKELL5PRNCIU.jpg?auth=44def1000aa7b2e35de724801190546f50cb9ee7d20a3e990b9609c3d152ecd2&amp;smart=true&amp;width=350&amp;height=234&amp;quality=85\" width=\"1920\"\/><\/picture><figcaption class=\"article-figcaption-img\">Aerol\u00edneas Argentinas transport\u00f3 158.000 pasajeros, poco m\u00e1s del 14% de los turistas que se movilizaron este fin de semana largo<\/figcaption><\/div>\n<p class=\"paragraph\">Del lado positivo se not\u00f3 un fuerte <b>movimiento a\u00e9reo. <\/b>Aerol\u00edneas Argentinas transport\u00f3 m\u00e1s de 158.000 pasajeros en cuatro d\u00edas, con una ocupaci\u00f3n promedio del 82% y picos superiores al 90% en vuelos de cabotaje. Los mayores flujos se concentraron entre jueves y viernes, con m\u00e1s de 34.000 pasajeros diarios. Mendoza, C\u00f3rdoba, Puerto Iguaz\u00fa, Bariloche y Salta se ubicaron entre los destinos m\u00e1s elegidos, confirmando que el turismo interno contin\u00faa siendo el principal motor del sector, incluso en un contexto econ\u00f3mico desafiante.<\/p>\n<p class=\"paragraph\">Otro datos favorables al desarrollo del sector tur\u00edstico fue en la previa del fin de semana, la ciudad de San Fernando del Valle de Catamarca fue distinguida en Brasil con el m\u00e1ximo galard\u00f3n en los Premios Iberoamericanos de Destinos Tur\u00edsticos Inteligentes (DTI), en la categor\u00eda \u201cTecnolog\u00eda y Gesti\u00f3n de Datos\u201d. El reconocimiento destac\u00f3 el desarrollo local de herramientas digitales aplicadas al turismo, como chatbots, web oficial y soluciones interactivas, en un contexto donde el 75% de los turistas elige su destino a trav\u00e9s de canales digitales.<\/p>\n<p class=\"paragraph\">El fin de semana largo fue para algunos destinos tambi\u00e9n una suerte de ensayo y anticipaci\u00f3n de lo que puede deparar el turismo invernal. Por caso, el informe de CAME se\u00f1ala que los destinos de la Patagonia comenzaron a mostrar se\u00f1ales alentadoras para los pr\u00f3ximos meses. Bariloche prev\u00e9 un incremento cercano al 15% en la llegada de turistas brasile\u00f1os para la temporada invernal, consolidando el peso del mercado internacional en destinos de nieve y anticipando una buena performance para el invierno.<\/p>\n<\/div>\n<p><script defer=\"\">try{!function(f,b,e,v,n,t,s) {if(f.fbq)return;n=f.fbq=function(){n.callMethod? n.callMethod.apply(n,arguments):n.queue.push(arguments)}; if(!f._fbq)f._fbq=n;n.push=n;n.loaded=!0;n.version='2.0'; n.queue=[];t=b.createElement(e);t.async=!0; t.src=v;s=b.getElementsByTagName(e)[0]; s.parentNode.insertBefore(t,s)}(window, document,'script', ' fbq('init', '336383993555320'); fbq('track', 'PageView'); fbq('track', 'ViewContent');}catch(error){console.log(\"Error al inicializar facebookPixelRawCodeScript:\",error);}<\/script><\/p>\n","protected":false},"excerpt":{"rendered":"<p>\u201cEl fin de semana largo del D\u00eda del Trabajador mostr\u00f3 una desaceleraci\u00f3n en la actividad tur\u00edstica. Se viaj\u00f3 menos, con estad\u00edas m\u00e1s cortas (dos d\u00edas en promedio) y un gasto real en baja. Predominaron las escapadas de cercan\u00eda\u201d, destac\u00f3 un relevamiento de la Confederaci\u00f3n Argentina de la Mediana Empresa (CAME) Ese panorama, en l\u00ednea con [&hellip;]<\/p>\n","protected":false},"author":2,"featured_media":88217,"comment_status":"","ping_status":"","sticky":false,"template":"","format":"standard","meta":{"footnotes":""},"categories":[2],"tags":[],"_links":{"self":[{"href":"https:\/\/maxradio923.com.ar\/index.php\/wp-json\/wp\/v2\/posts\/88216"}],"collection":[{"href":"https:\/\/maxradio923.com.ar\/index.php\/wp-json\/wp\/v2\/posts"}],"about":[{"href":"https:\/\/maxradio923.com.ar\/index.php\/wp-json\/wp\/v2\/types\/post"}],"author":[{"embeddable":true,"href":"https:\/\/maxradio923.com.ar\/index.php\/wp-json\/wp\/v2\/users\/2"}],"replies":[{"embeddable":true,"href":"https:\/\/maxradio923.com.ar\/index.php\/wp-json\/wp\/v2\/comments?post=88216"}],"version-history":[{"count":0,"href":"https:\/\/maxradio923.com.ar\/index.php\/wp-json\/wp\/v2\/posts\/88216\/revisions"}],"wp:featuredmedia":[{"embeddable":true,"href":"https:\/\/maxradio923.com.ar\/index.php\/wp-json\/wp\/v2\/media\/88217"}],"wp:attachment":[{"href":"https:\/\/maxradio923.com.ar\/index.php\/wp-json\/wp\/v2\/media?parent=88216"}],"wp:term":[{"taxonomy":"category","embeddable":true,"href":"https:\/\/maxradio923.com.ar\/index.php\/wp-json\/wp\/v2\/categories?post=88216"},{"taxonomy":"post_tag","embeddable":true,"href":"https:\/\/maxradio923.com.ar\/index.php\/wp-json\/wp\/v2\/tags?post=88216"}],"curies":[{"name":"wp","href":"https:\/\/api.w.org\/{rel}","templated":true}]}}