{"id":88215,"date":"2026-05-03T09:56:19","date_gmt":"2026-05-03T12:56:19","guid":{"rendered":"https:\/\/maxradio923.com.ar\/index.php\/2026\/05\/03\/las-nuevas-tarifas-de-colectivos-subtes-peajes-y-gas-que-rigen-en-mayo\/"},"modified":"2026-05-03T09:56:19","modified_gmt":"2026-05-03T12:56:19","slug":"las-nuevas-tarifas-de-colectivos-subtes-peajes-y-gas-que-rigen-en-mayo","status":"publish","type":"post","link":"https:\/\/maxradio923.com.ar\/index.php\/2026\/05\/03\/las-nuevas-tarifas-de-colectivos-subtes-peajes-y-gas-que-rigen-en-mayo\/","title":{"rendered":"Las nuevas tarifas de colectivos, subtes, peajes y gas que rigen en mayo"},"content":{"rendered":"<p><\/p>\n<div>\n<div class=\"visual__image image-initial-width\"><picture><source srcset=\"https:\/\/www.infobae.com\/resizer\/v2\/VQQFA3D2JRFNLAC22GM7AYVO2Q.jpg?auth=28c32f7c50668b4e6f53bc5437666e2797962fa13a19689501ab37c8e32c0453&amp;smart=true&amp;width=992&amp;height=661&amp;quality=85\" media=\"(min-width: 1000px)\"\/><source srcset=\"https:\/\/www.infobae.com\/resizer\/v2\/VQQFA3D2JRFNLAC22GM7AYVO2Q.jpg?auth=28c32f7c50668b4e6f53bc5437666e2797962fa13a19689501ab37c8e32c0453&amp;smart=true&amp;width=768&amp;height=512&amp;quality=85\" media=\"(min-width: 768px)\"\/><source srcset=\"https:\/\/www.infobae.com\/resizer\/v2\/VQQFA3D2JRFNLAC22GM7AYVO2Q.jpg?auth=28c32f7c50668b4e6f53bc5437666e2797962fa13a19689501ab37c8e32c0453&amp;smart=true&amp;width=577&amp;height=385&amp;quality=85\" media=\"(min-width: 580px)\"\/><source srcset=\"https:\/\/www.infobae.com\/resizer\/v2\/VQQFA3D2JRFNLAC22GM7AYVO2Q.jpg?auth=28c32f7c50668b4e6f53bc5437666e2797962fa13a19689501ab37c8e32c0453&amp;smart=true&amp;width=420&amp;height=280&amp;quality=85\" media=\"(min-width: 350px)\"\/><source srcset=\"https:\/\/www.infobae.com\/resizer\/v2\/VQQFA3D2JRFNLAC22GM7AYVO2Q.jpg?auth=28c32f7c50668b4e6f53bc5437666e2797962fa13a19689501ab37c8e32c0453&amp;smart=true&amp;width=350&amp;height=233&amp;quality=85\" media=\"(min-width: 80px)\"\/><img alt=\"Paro de colectivos en el AMBA - Estaci\u00f3n Constituci\u00f3n - 11\/04\/2024\" class=\"global-image\" decoding=\"async\" fetchpriority=\"high\" height=\"4000\" loading=\"eager\" src=\"https:\/\/www.infobae.com\/resizer\/v2\/VQQFA3D2JRFNLAC22GM7AYVO2Q.jpg?auth=28c32f7c50668b4e6f53bc5437666e2797962fa13a19689501ab37c8e32c0453&amp;smart=true&amp;width=350&amp;height=233&amp;quality=85\" width=\"6000\"\/><\/picture><figcaption class=\"article-figcaption-img\">(Luciano Gonz\u00e1lez)<\/figcaption><\/div>\n<p class=\"paragraph\">El transporte p\u00fablico en el <b>\u00c1rea Metropolitana de Buenos Aires (AMBA)<\/b> funciona con nuevas tarifas desde el viernes 1 de mayo. El boleto m\u00ednimo de colectivo en la <b>Ciudad de Buenos Aires<\/b>, qued\u00f3 fijado en $753,86 para recorridos de hasta 3 kil\u00f3metros, mientras que para tramos intermedios y largos los valores quedaron en $837,66 para recorridos de 3 a 6 kil\u00f3metros, en $902,19 para distancias de 6 a 12 kil\u00f3metros y en $966,77 cuando el viaje es de entre 12 y 27 kil\u00f3metros.<\/p>\n<p class=\"paragraph\">Esos valores rigen para los colectivos que circulan exclusivamente en territorio de CABA, que son los de las l\u00edneas <b>4, 6, 7, 12, 23, 25, 26, 34, 39, 42, 44, 47, 50, 61, 62, 64, 65, 68, 76, 84, 90, 99, 102, 106, 107, 108, 109, 115, 118, 132 y 151<\/b>.<\/p>\n<p class=\"paragraph\">Se trata de un aumento de 5,4%, ya que el gobierno porte\u00f1o aplica una actualizaci\u00f3n mensual por inflaci\u00f3n (en este caso, la de marzo, de 3,4%, la \u00faltima conocida del Indec hasta el momento) m\u00e1s dos puntos porcentuales)<\/p>\n<div class=\"visual__image\"><picture><source srcset=\"https:\/\/www.infobae.com\/resizer\/v2\/B7MGDZVR3BFK7I2RSBC5QPWS3M.jpg?auth=5f131833fcf37676e41f49f59cab0c3f9f8ee6aba23610caae81be4b84bbaef4&amp;smart=true&amp;width=992&amp;height=558&amp;quality=85\" media=\"(min-width: 1000px)\"\/><source srcset=\"https:\/\/www.infobae.com\/resizer\/v2\/B7MGDZVR3BFK7I2RSBC5QPWS3M.jpg?auth=5f131833fcf37676e41f49f59cab0c3f9f8ee6aba23610caae81be4b84bbaef4&amp;smart=true&amp;width=768&amp;height=432&amp;quality=85\" media=\"(min-width: 768px)\"\/><source srcset=\"https:\/\/www.infobae.com\/resizer\/v2\/B7MGDZVR3BFK7I2RSBC5QPWS3M.jpg?auth=5f131833fcf37676e41f49f59cab0c3f9f8ee6aba23610caae81be4b84bbaef4&amp;smart=true&amp;width=577&amp;height=325&amp;quality=85\" media=\"(min-width: 580px)\"\/><source srcset=\"https:\/\/www.infobae.com\/resizer\/v2\/B7MGDZVR3BFK7I2RSBC5QPWS3M.jpg?auth=5f131833fcf37676e41f49f59cab0c3f9f8ee6aba23610caae81be4b84bbaef4&amp;smart=true&amp;width=420&amp;height=236&amp;quality=85\" media=\"(min-width: 350px)\"\/><source srcset=\"https:\/\/www.infobae.com\/resizer\/v2\/B7MGDZVR3BFK7I2RSBC5QPWS3M.jpg?auth=5f131833fcf37676e41f49f59cab0c3f9f8ee6aba23610caae81be4b84bbaef4&amp;smart=true&amp;width=350&amp;height=197&amp;quality=85\" media=\"(min-width: 80px)\"\/><img alt=\"(Imagen ilustrativa Infobae)\" class=\"global-image\" decoding=\"async\" fetchpriority=\"low\" height=\"1080\" loading=\"lazy\" src=\"https:\/\/www.infobae.com\/resizer\/v2\/B7MGDZVR3BFK7I2RSBC5QPWS3M.jpg?auth=5f131833fcf37676e41f49f59cab0c3f9f8ee6aba23610caae81be4b84bbaef4&amp;smart=true&amp;width=350&amp;height=197&amp;quality=85\" width=\"1920\"\/><\/picture><figcaption class=\"article-figcaption-img\">El boleto m\u00ednimo de colectivo en CABA sube a $753 desde mayo y afecta recorridos de hasta 3 km en todo el AMBA (Imagen ilustrativa Infobae)<\/figcaption><\/div>\n<p class=\"paragraph\">El impacto tambi\u00e9n llegar\u00e1 a la Provincia de Buenos Aires. El boleto m\u00ednimo va a tener un costo de <b>$918,35<\/b>. Los tramos m\u00e1s largos van a superar los $1.000. El incremento alcanzar\u00e1 a las l\u00edneas provinciales, es decir, aquellas numeradas a partir del 200.<\/p>\n<p class=\"paragraph\">Para quienes usen l\u00edneas de subte, el precio del boleto pas\u00f3 de <b>$1414 a $1490 para quienes tengan registrada su tarjeta.<\/b> El costo para usuarios <b>sin la tarjeta SUBE nominalizada llegar\u00e1 a $2369,10 por viaje<\/b>, una brecha significativa respecto al valor para quienes s\u00ed la tienen registrada. Esta diferenciaci\u00f3n entre usuarios con o sin SUBE registrada incentiva a los pasajeros a registrarse para acceder a la tarifa social y a los descuentos correspondientes. El sistema tarifario tambi\u00e9n contempla beneficios para quienes forman parte de grupos sociales vulnerables, a trav\u00e9s de la tarifa social, que ofrece valores reducidos en comparaci\u00f3n con la tarifa plena.<\/p>\n<div class=\"visual__image\"><picture><source srcset=\"https:\/\/www.infobae.com\/resizer\/v2\/N4CMI5H5JFELNLRR6ZBRWNP374.jpg?auth=45e41b177ec3c5a4863aabb707b9580518b21532dc8a0e294a6888bfcd0aec6a&amp;smart=true&amp;width=992&amp;height=558&amp;quality=85\" media=\"(min-width: 1000px)\"\/><source srcset=\"https:\/\/www.infobae.com\/resizer\/v2\/N4CMI5H5JFELNLRR6ZBRWNP374.jpg?auth=45e41b177ec3c5a4863aabb707b9580518b21532dc8a0e294a6888bfcd0aec6a&amp;smart=true&amp;width=768&amp;height=432&amp;quality=85\" media=\"(min-width: 768px)\"\/><source srcset=\"https:\/\/www.infobae.com\/resizer\/v2\/N4CMI5H5JFELNLRR6ZBRWNP374.jpg?auth=45e41b177ec3c5a4863aabb707b9580518b21532dc8a0e294a6888bfcd0aec6a&amp;smart=true&amp;width=577&amp;height=325&amp;quality=85\" media=\"(min-width: 580px)\"\/><source srcset=\"https:\/\/www.infobae.com\/resizer\/v2\/N4CMI5H5JFELNLRR6ZBRWNP374.jpg?auth=45e41b177ec3c5a4863aabb707b9580518b21532dc8a0e294a6888bfcd0aec6a&amp;smart=true&amp;width=420&amp;height=236&amp;quality=85\" media=\"(min-width: 350px)\"\/><source srcset=\"https:\/\/www.infobae.com\/resizer\/v2\/N4CMI5H5JFELNLRR6ZBRWNP374.jpg?auth=45e41b177ec3c5a4863aabb707b9580518b21532dc8a0e294a6888bfcd0aec6a&amp;smart=true&amp;width=350&amp;height=197&amp;quality=85\" media=\"(min-width: 80px)\"\/><img alt=\"(Imagen ilustrativa Infobae)\" class=\"global-image\" decoding=\"async\" fetchpriority=\"low\" height=\"1080\" loading=\"lazy\" src=\"https:\/\/www.infobae.com\/resizer\/v2\/N4CMI5H5JFELNLRR6ZBRWNP374.jpg?auth=45e41b177ec3c5a4863aabb707b9580518b21532dc8a0e294a6888bfcd0aec6a&amp;smart=true&amp;width=350&amp;height=197&amp;quality=85\" width=\"1920\"\/><\/picture><figcaption class=\"article-figcaption-img\">Las tarifas de colectivos en la Provincia de Buenos Aires tambi\u00e9n aumentan y el viaje m\u00ednimo supera los $918 (Imagen ilustrativa Infobae)<\/figcaption><\/div>\n<p class=\"paragraph\">El ajuste en los peajes seguir\u00e1 el mismo criterio inflacionario aplicado al resto de los servicios. En las autopistas <b>25 de Mayo <\/b>y <b>Perito Moreno<\/b>, las motos pasaron a abonar $1.799,66, y a $2.879,82 en horarios pico, mientras que los veh\u00edculos livianos pagar\u00e1n $4.319,63 o $6.121,62 respectivamente. <\/p>\n<p class=\"paragraph\">En la <b>autopista Illia<\/b> los valores son m\u00e1s bajos: las motos pagan $1.079,98, que se elevan a $1295,68 en hora pico, y los autos $1.799,66 y $2.544,99 seg\u00fan la hora a la que circulen.<\/p>\n<div class=\"visual__image\"><picture><source srcset=\"https:\/\/www.infobae.com\/resizer\/v2\/N5A62Z5NHFAFNEMKQRLILVYFSA.jpeg?auth=1c160fabe3cc5c3302bc1c3cf705b4724ebc4c17f4c6eba6f9305edee2022d76&amp;smart=true&amp;width=992&amp;height=661&amp;quality=85\" media=\"(min-width: 1000px)\"\/><source srcset=\"https:\/\/www.infobae.com\/resizer\/v2\/N5A62Z5NHFAFNEMKQRLILVYFSA.jpeg?auth=1c160fabe3cc5c3302bc1c3cf705b4724ebc4c17f4c6eba6f9305edee2022d76&amp;smart=true&amp;width=768&amp;height=512&amp;quality=85\" media=\"(min-width: 768px)\"\/><source srcset=\"https:\/\/www.infobae.com\/resizer\/v2\/N5A62Z5NHFAFNEMKQRLILVYFSA.jpeg?auth=1c160fabe3cc5c3302bc1c3cf705b4724ebc4c17f4c6eba6f9305edee2022d76&amp;smart=true&amp;width=577&amp;height=385&amp;quality=85\" media=\"(min-width: 580px)\"\/><source srcset=\"https:\/\/www.infobae.com\/resizer\/v2\/N5A62Z5NHFAFNEMKQRLILVYFSA.jpeg?auth=1c160fabe3cc5c3302bc1c3cf705b4724ebc4c17f4c6eba6f9305edee2022d76&amp;smart=true&amp;width=420&amp;height=280&amp;quality=85\" media=\"(min-width: 350px)\"\/><source srcset=\"https:\/\/www.infobae.com\/resizer\/v2\/N5A62Z5NHFAFNEMKQRLILVYFSA.jpeg?auth=1c160fabe3cc5c3302bc1c3cf705b4724ebc4c17f4c6eba6f9305edee2022d76&amp;smart=true&amp;width=350&amp;height=233&amp;quality=85\" media=\"(min-width: 80px)\"\/><img alt=\"Tener la tarjeta SUBE nominalizada sigue siendo obligatorio para acceder a los nuevos cuadros tarifarios establecidos en mayo\" class=\"global-image\" decoding=\"async\" fetchpriority=\"low\" height=\"853\" loading=\"lazy\" src=\"https:\/\/www.infobae.com\/resizer\/v2\/N5A62Z5NHFAFNEMKQRLILVYFSA.jpeg?auth=1c160fabe3cc5c3302bc1c3cf705b4724ebc4c17f4c6eba6f9305edee2022d76&amp;smart=true&amp;width=350&amp;height=233&amp;quality=85\" width=\"1280\"\/><\/picture><figcaption class=\"article-figcaption-img\">Tener la tarjeta SUBE nominalizada sigue siendo obligatorio para acceder a los nuevos cuadros tarifarios establecidos en mayo<\/figcaption><\/div>\n<p class=\"paragraph\">La <b>tarjeta SUBE registrada<\/b> continuar\u00e1 siendo obligatorio para acceder a las tarifas publicadas. Los usuarios deben informarse sobre el alcance de cada aumento seg\u00fan el recorrido y el tipo de transporte utilizado.<\/p>\n<p class=\"paragraph\">Adem\u00e1s, el Ente Nacional Regulador del Gas inform\u00f3 las nuevas tarifas que aplica Metrogas a los consumos residenciales desde el viernes, con montos seg\u00fan categor\u00eda y nivel de consumo. Para la de menor consumo (R1) el cargo fijo es de $3.976,22 en CABA y $4.591,88 en la provincia, y en los de mayor consumo (R4) los valores son $94.995 en CABA y $51.624,44 en PBA, con montos que entre R1 y R4 crecen progresivamente. <\/p>\n<p class=\"paragraph\">Otra tanda de ajustes rige para los contratos de alquiler, seg\u00fan el momento y modalidad en que se hayan firmado. <\/p>\n<p class=\"paragraph\">Aquellos acordados bajo la ley de alquileres sancionada durante el gobierno de Alberto Fern\u00e1ndez y que rigi\u00f3 hasta octubre de 2023 se ajustan anualmente por el \u00cdndice de Contratos de Locaci\u00f3n (ICL) y aquellos cuya actualizaci\u00f3n ocurra en mayo, el aumento es del 9,32%, efecto de la desaceleraci\u00f3n de los valores contractuales debido a la mayor oferta tras la p\u00e9rdida de vigencia de aquella norma. <\/p>\n<p class=\"paragraph\">Hubo tambi\u00e9n contratos que se hicieron entre octubre y diciembre de 2023 con cl\u00e1usula de ajuste semestral por el \u00edndice Casa Propia, a los que se aplicar\u00e1 el \u00faltimo ajuste semestral, del 15,13 por ciento. <\/p>\n<p class=\"paragraph\">Por \u00faltimo, est\u00e1n los alquileres m\u00e1s nuevos, pactados a partir de la desregulaci\u00f3n y liberaci\u00f3n contractual aprobada a fines de diciembre de 2023, ya durante el gobierno de Javier Milei, que en su mayor\u00eda incluyen cl\u00e1usulas de ajuste trimestral, cuatrimestral o semestral, en cuyo caso el ajuste depender\u00e1 de la variaci\u00f3n del \u00edndice de ajuste y durante el per\u00edodo acordado. <\/p>\n<\/div>\n<p><script defer=\"\">try{!function(f,b,e,v,n,t,s) {if(f.fbq)return;n=f.fbq=function(){n.callMethod? n.callMethod.apply(n,arguments):n.queue.push(arguments)}; if(!f._fbq)f._fbq=n;n.push=n;n.loaded=!0;n.version='2.0'; n.queue=[];t=b.createElement(e);t.async=!0; t.src=v;s=b.getElementsByTagName(e)[0]; s.parentNode.insertBefore(t,s)}(window, document,'script', ' fbq('init', '336383993555320'); fbq('track', 'PageView'); fbq('track', 'ViewContent');}catch(error){console.log(\"Error al inicializar facebookPixelRawCodeScript:\",error);}<\/script><\/p>\n","protected":false},"excerpt":{"rendered":"<p>(Luciano Gonz\u00e1lez) El transporte p\u00fablico en el \u00c1rea Metropolitana de Buenos Aires (AMBA) funciona con nuevas tarifas desde el viernes 1 de mayo. El boleto m\u00ednimo de colectivo en la Ciudad de Buenos Aires, qued\u00f3 fijado en $753,86 para recorridos de hasta 3 kil\u00f3metros, mientras que para tramos intermedios y largos los valores quedaron en [&hellip;]<\/p>\n","protected":false},"author":2,"featured_media":87948,"comment_status":"","ping_status":"","sticky":false,"template":"","format":"standard","meta":{"footnotes":""},"categories":[2],"tags":[],"_links":{"self":[{"href":"https:\/\/maxradio923.com.ar\/index.php\/wp-json\/wp\/v2\/posts\/88215"}],"collection":[{"href":"https:\/\/maxradio923.com.ar\/index.php\/wp-json\/wp\/v2\/posts"}],"about":[{"href":"https:\/\/maxradio923.com.ar\/index.php\/wp-json\/wp\/v2\/types\/post"}],"author":[{"embeddable":true,"href":"https:\/\/maxradio923.com.ar\/index.php\/wp-json\/wp\/v2\/users\/2"}],"replies":[{"embeddable":true,"href":"https:\/\/maxradio923.com.ar\/index.php\/wp-json\/wp\/v2\/comments?post=88215"}],"version-history":[{"count":0,"href":"https:\/\/maxradio923.com.ar\/index.php\/wp-json\/wp\/v2\/posts\/88215\/revisions"}],"wp:featuredmedia":[{"embeddable":true,"href":"https:\/\/maxradio923.com.ar\/index.php\/wp-json\/wp\/v2\/media\/87948"}],"wp:attachment":[{"href":"https:\/\/maxradio923.com.ar\/index.php\/wp-json\/wp\/v2\/media?parent=88215"}],"wp:term":[{"taxonomy":"category","embeddable":true,"href":"https:\/\/maxradio923.com.ar\/index.php\/wp-json\/wp\/v2\/categories?post=88215"},{"taxonomy":"post_tag","embeddable":true,"href":"https:\/\/maxradio923.com.ar\/index.php\/wp-json\/wp\/v2\/tags?post=88215"}],"curies":[{"name":"wp","href":"https:\/\/api.w.org\/{rel}","templated":true}]}}