{"id":88211,"date":"2026-05-03T08:25:02","date_gmt":"2026-05-03T11:25:02","guid":{"rendered":"https:\/\/maxradio923.com.ar\/index.php\/2026\/05\/03\/fruta-destacion-llega-al-teatro-del-bicentenario-con-una-propuesta-multisensorial\/"},"modified":"2026-05-03T08:25:02","modified_gmt":"2026-05-03T11:25:02","slug":"fruta-destacion-llega-al-teatro-del-bicentenario-con-una-propuesta-multisensorial","status":"publish","type":"post","link":"https:\/\/maxradio923.com.ar\/index.php\/2026\/05\/03\/fruta-destacion-llega-al-teatro-del-bicentenario-con-una-propuesta-multisensorial\/","title":{"rendered":"Fruta d\u2019estaci\u00f3n llega al Teatro del Bicentenario con una propuesta multisensorial"},"content":{"rendered":"<p><\/p>\n<div>\n<p>El <strong>Teatro del Bicentenario<\/strong> invita a disfrutar de \u201cFruta d\u2019estaci\u00f3n\u201d, una propuesta art\u00edstica que fusiona m\u00fasica, teatro, danza y lenguaje perform\u00e1tico en una experiencia esc\u00e9nica pensada para todos los sentidos.<\/p>\n<p>La funci\u00f3n se realizar\u00e1 el viernes 8 de mayo a las 21:30 en la <strong>Sala Audit\u00f3rium<\/strong>, en el marco de la programaci\u00f3n del espacio dependiente del Ministerio de Turismo, Cultura y Deporte, del <strong>Gobierno de San Juan.<\/strong><\/p>\n<p>El espect\u00e1culo propone un recorrido musical que atraviesa distintos climas emocionales, desde momentos vibrantes y en\u00e9rgicos hasta pasajes m\u00e1s \u00edntimos y melanc\u00f3licos. A trav\u00e9s de esta diversidad, invita al p\u00fablico a conectar con sensaciones profundas en un homenaje a destacadas artistas latinoamericanas.<\/p>\n<p>La puesta se complementa con intervenciones teatrales, recursos visuales y expresiones corporales que dialogan con cada interpretaci\u00f3n, construyendo un universo esc\u00e9nico que pone en valor la identidad, la memoria y la potencia creativa de las mujeres en la cultura.<\/p>\n<p>El elenco estar\u00e1 integrado por Cristian Ramos en guitarras, Mart\u00edn Castro Meglioli en percusi\u00f3n y bater\u00eda, Karen D\u00e1vila y Magal\u00ed Aciar en voces, y Ana Paula Elizondo en teclados.<\/p>\n<p>Las entradas tienen un valor general de $15.000 y <strong>el espect\u00e1culo est\u00e1 destinado a todo p\u00fablico, ofreciendo una oportunidad para vivir una noche donde la m\u00fasica y la escena se entrelazan en una propuesta sensible y contempor\u00e1nea.<\/strong><\/p>\n<\/p><\/div>\n<p><script async defer crossorigin=\"anonymous\" src=\"https:\/\/connect.facebook.net\/es_ES\/sdk.js#xfbml=1&#038;version=v3.3\"><\/script><\/p>\n","protected":false},"excerpt":{"rendered":"<p>El Teatro del Bicentenario invita a disfrutar de \u201cFruta d\u2019estaci\u00f3n\u201d, una propuesta art\u00edstica que fusiona m\u00fasica, teatro, danza y lenguaje perform\u00e1tico en una experiencia esc\u00e9nica pensada para todos los sentidos. La funci\u00f3n se realizar\u00e1 el viernes 8 de mayo a las 21:30 en la Sala Audit\u00f3rium, en el marco de la programaci\u00f3n del espacio dependiente [&hellip;]<\/p>\n","protected":false},"author":2,"featured_media":88212,"comment_status":"","ping_status":"","sticky":false,"template":"","format":"standard","meta":{"footnotes":""},"categories":[8],"tags":[],"_links":{"self":[{"href":"https:\/\/maxradio923.com.ar\/index.php\/wp-json\/wp\/v2\/posts\/88211"}],"collection":[{"href":"https:\/\/maxradio923.com.ar\/index.php\/wp-json\/wp\/v2\/posts"}],"about":[{"href":"https:\/\/maxradio923.com.ar\/index.php\/wp-json\/wp\/v2\/types\/post"}],"author":[{"embeddable":true,"href":"https:\/\/maxradio923.com.ar\/index.php\/wp-json\/wp\/v2\/users\/2"}],"replies":[{"embeddable":true,"href":"https:\/\/maxradio923.com.ar\/index.php\/wp-json\/wp\/v2\/comments?post=88211"}],"version-history":[{"count":0,"href":"https:\/\/maxradio923.com.ar\/index.php\/wp-json\/wp\/v2\/posts\/88211\/revisions"}],"wp:featuredmedia":[{"embeddable":true,"href":"https:\/\/maxradio923.com.ar\/index.php\/wp-json\/wp\/v2\/media\/88212"}],"wp:attachment":[{"href":"https:\/\/maxradio923.com.ar\/index.php\/wp-json\/wp\/v2\/media?parent=88211"}],"wp:term":[{"taxonomy":"category","embeddable":true,"href":"https:\/\/maxradio923.com.ar\/index.php\/wp-json\/wp\/v2\/categories?post=88211"},{"taxonomy":"post_tag","embeddable":true,"href":"https:\/\/maxradio923.com.ar\/index.php\/wp-json\/wp\/v2\/tags?post=88211"}],"curies":[{"name":"wp","href":"https:\/\/api.w.org\/{rel}","templated":true}]}}