{"id":88180,"date":"2026-05-02T08:41:02","date_gmt":"2026-05-02T11:41:02","guid":{"rendered":"https:\/\/maxradio923.com.ar\/index.php\/2026\/05\/02\/luciano-pereyra-llega-al-tb-con-su-gira-te-sigo-amando\/"},"modified":"2026-05-02T08:41:02","modified_gmt":"2026-05-02T11:41:02","slug":"luciano-pereyra-llega-al-tb-con-su-gira-te-sigo-amando","status":"publish","type":"post","link":"https:\/\/maxradio923.com.ar\/index.php\/2026\/05\/02\/luciano-pereyra-llega-al-tb-con-su-gira-te-sigo-amando\/","title":{"rendered":"Luciano Pereyra llega al TB con su gira \u201cTe sigo amando\u201d"},"content":{"rendered":"<p><\/p>\n<div>\n<p>El <strong>Teatro del Bicentenario<\/strong>, dependiente del Ministerio de Turismo, Cultura y Deporte, presenta a Luciano Pereyra, uno de los artistas m\u00e1s queridos y consagrados de la m\u00fasica latina, quien se presentar\u00e1 en la Sala Principal el domingo 3 de mayo, a las 21 h.<\/p>\n<p>En el marco de su nueva gira \u201cTe Sigo Amando\u201d, el reconocido cantautor argentino regresa a San Juan con un espect\u00e1culo imperdible y una puesta en escena completamente renovada, que promete una noche cargada de emoci\u00f3n, romanticismo y el carisma que lo caracteriza.<\/p>\n<p>Con m\u00e1s de 25 a\u00f1os de trayectoria, 15 \u00e1lbumes editados y millones de reproducciones en plataformas digitales, Luciano Pereyra ha conquistado escenarios en todo el mundo, consolid\u00e1ndose como una de las voces m\u00e1s representativas de la m\u00fasica en espa\u00f1ol. A lo largo de su carrera ha sido distinguido con m\u00faltiples Premios Gardel, Gaviotas de Plata y Oro en el Festival de Vi\u00f1a del Mar, y ha recibido nominaciones a los Latin Grammy.<\/p>\n<p>Adem\u00e1s, ha compartido proyectos con grandes figuras internacionales como Alejandro Fern\u00e1ndez, Carlos Vives, Alejandro Sanz, David Bisbal, Juan Gabriel, Juanes, Los \u00c1ngeles Azules, Raphael, Luis Fonsi, entre otros.<\/p>\n<p>Este esperado regreso a San Juan se presenta como una oportunidad \u00fanica para disfrutar en vivo de sus grandes \u00e9xitos y de una experiencia musical inolvidable.<\/p>\n<p>Las entradas se encuentran disponibles a trav\u00e9s de Ticketek <\/p>\n<\/p><\/div>\n<p><script async defer crossorigin=\"anonymous\" src=\"https:\/\/connect.facebook.net\/es_ES\/sdk.js#xfbml=1&#038;version=v3.3\"><\/script><\/p>\n","protected":false},"excerpt":{"rendered":"<p>El Teatro del Bicentenario, dependiente del Ministerio de Turismo, Cultura y Deporte, presenta a Luciano Pereyra, uno de los artistas m\u00e1s queridos y consagrados de la m\u00fasica latina, quien se presentar\u00e1 en la Sala Principal el domingo 3 de mayo, a las 21 h. En el marco de su nueva gira \u201cTe Sigo Amando\u201d, el [&hellip;]<\/p>\n","protected":false},"author":2,"featured_media":88181,"comment_status":"","ping_status":"","sticky":false,"template":"","format":"standard","meta":{"footnotes":""},"categories":[8],"tags":[],"_links":{"self":[{"href":"https:\/\/maxradio923.com.ar\/index.php\/wp-json\/wp\/v2\/posts\/88180"}],"collection":[{"href":"https:\/\/maxradio923.com.ar\/index.php\/wp-json\/wp\/v2\/posts"}],"about":[{"href":"https:\/\/maxradio923.com.ar\/index.php\/wp-json\/wp\/v2\/types\/post"}],"author":[{"embeddable":true,"href":"https:\/\/maxradio923.com.ar\/index.php\/wp-json\/wp\/v2\/users\/2"}],"replies":[{"embeddable":true,"href":"https:\/\/maxradio923.com.ar\/index.php\/wp-json\/wp\/v2\/comments?post=88180"}],"version-history":[{"count":0,"href":"https:\/\/maxradio923.com.ar\/index.php\/wp-json\/wp\/v2\/posts\/88180\/revisions"}],"wp:featuredmedia":[{"embeddable":true,"href":"https:\/\/maxradio923.com.ar\/index.php\/wp-json\/wp\/v2\/media\/88181"}],"wp:attachment":[{"href":"https:\/\/maxradio923.com.ar\/index.php\/wp-json\/wp\/v2\/media?parent=88180"}],"wp:term":[{"taxonomy":"category","embeddable":true,"href":"https:\/\/maxradio923.com.ar\/index.php\/wp-json\/wp\/v2\/categories?post=88180"},{"taxonomy":"post_tag","embeddable":true,"href":"https:\/\/maxradio923.com.ar\/index.php\/wp-json\/wp\/v2\/tags?post=88180"}],"curies":[{"name":"wp","href":"https:\/\/api.w.org\/{rel}","templated":true}]}}