{"id":88178,"date":"2026-05-02T08:14:02","date_gmt":"2026-05-02T11:14:02","guid":{"rendered":"https:\/\/maxradio923.com.ar\/index.php\/2026\/05\/02\/en-5-dias-aplicaron-mas-de-23-mil-dosis-en-san-juan\/"},"modified":"2026-05-02T08:14:02","modified_gmt":"2026-05-02T11:14:02","slug":"en-5-dias-aplicaron-mas-de-23-mil-dosis-en-san-juan","status":"publish","type":"post","link":"https:\/\/maxradio923.com.ar\/index.php\/2026\/05\/02\/en-5-dias-aplicaron-mas-de-23-mil-dosis-en-san-juan\/","title":{"rendered":"en 5 d\u00edas aplicaron m\u00e1s de 23 mil dosis en San Juan"},"content":{"rendered":"<p><\/p>\n<div>\n<p>La Semana de Vacunaci\u00f3n de las Am\u00e9ricas avanza con una importante respuesta de la comunidad en San Juan: en tan solo cinco d\u00edas, ya se aplicaron m\u00e1s de 23 mil vacunas en toda la provincia, con el departamento Capital, como el distrito que mas vacun\u00f3 con 5.957 aplicaciones. La campa\u00f1a comenz\u00f3 el s\u00e1bado pasado y se extender\u00e1 hasta el pr\u00f3ximo 2 de mayo.<\/p>\n<p>El acto de lanzamiento se realiz\u00f3 en el Centro Cultural Municipal Estaci\u00f3n San Mart\u00edn y cont\u00f3 con la presencia del gobernador Marcelo Orrego, el ministro de Salud Am\u00edlcar Dobladez, la representante de la Organizaci\u00f3n Panamericana de la Salud (OPS), Eva Jane Llopis, y autoridades de distintos ministerios. Durante el evento, destacaron el compromiso del personal de salud y el trabajo de los vacunadores. Adem\u00e1s, el programa de Inmunizaciones entreg\u00f3 reconocimientos a escuelas que participaron con trabajos alusivos a la campa\u00f1a.<\/p>\n<p>Seg\u00fan los datos relevados hasta el mi\u00e9rcoles 29 de abril, se aplicaron 23.444 dosis en los distintos departamentos. La vacuna m\u00e1s solicitada fue la Antigripal Trivalente para adultos, con 8.196 aplicaciones. Le siguieron la vacuna contra la Hepatitis B, con m\u00e1s de 2.787 dosis; la Doble Bacteriana, con 1.968; la Antigripal Adyuvantada, destinada a personas mayores de 65 a\u00f1os, con 1.402; la Antigripal Pedi\u00e1trica, con 1.265; y la vacuna Neumococo Conjugada VCN 20, que protege contra enfermedades como neumon\u00eda, meningitis y otitis.<\/p>\n<p>Desde el Ministerio de Salud destacaron que la poblaci\u00f3n sanjuanina, en todas las edades, est\u00e1 respondiendo de manera positiva a la campa\u00f1a y acude de forma frecuente a los centros de vacunaci\u00f3n. Este acompa\u00f1amiento resulta clave, ya que la iniciativa se alinea con el objetivo regional de eliminar m\u00e1s de 30 enfermedades transmisibles y afecciones relacionadas para el a\u00f1o 2030, de las cuales 11 pueden prevenirse mediante vacunaci\u00f3n.<\/p>\n<\/p><\/div>\n<p><script async defer crossorigin=\"anonymous\" src=\"https:\/\/connect.facebook.net\/es_ES\/sdk.js#xfbml=1&#038;version=v3.3\"><\/script><\/p>\n","protected":false},"excerpt":{"rendered":"<p>La Semana de Vacunaci\u00f3n de las Am\u00e9ricas avanza con una importante respuesta de la comunidad en San Juan: en tan solo cinco d\u00edas, ya se aplicaron m\u00e1s de 23 mil vacunas en toda la provincia, con el departamento Capital, como el distrito que mas vacun\u00f3 con 5.957 aplicaciones. La campa\u00f1a comenz\u00f3 el s\u00e1bado pasado y [&hellip;]<\/p>\n","protected":false},"author":2,"featured_media":88179,"comment_status":"","ping_status":"","sticky":false,"template":"","format":"standard","meta":{"footnotes":""},"categories":[8],"tags":[],"_links":{"self":[{"href":"https:\/\/maxradio923.com.ar\/index.php\/wp-json\/wp\/v2\/posts\/88178"}],"collection":[{"href":"https:\/\/maxradio923.com.ar\/index.php\/wp-json\/wp\/v2\/posts"}],"about":[{"href":"https:\/\/maxradio923.com.ar\/index.php\/wp-json\/wp\/v2\/types\/post"}],"author":[{"embeddable":true,"href":"https:\/\/maxradio923.com.ar\/index.php\/wp-json\/wp\/v2\/users\/2"}],"replies":[{"embeddable":true,"href":"https:\/\/maxradio923.com.ar\/index.php\/wp-json\/wp\/v2\/comments?post=88178"}],"version-history":[{"count":0,"href":"https:\/\/maxradio923.com.ar\/index.php\/wp-json\/wp\/v2\/posts\/88178\/revisions"}],"wp:featuredmedia":[{"embeddable":true,"href":"https:\/\/maxradio923.com.ar\/index.php\/wp-json\/wp\/v2\/media\/88179"}],"wp:attachment":[{"href":"https:\/\/maxradio923.com.ar\/index.php\/wp-json\/wp\/v2\/media?parent=88178"}],"wp:term":[{"taxonomy":"category","embeddable":true,"href":"https:\/\/maxradio923.com.ar\/index.php\/wp-json\/wp\/v2\/categories?post=88178"},{"taxonomy":"post_tag","embeddable":true,"href":"https:\/\/maxradio923.com.ar\/index.php\/wp-json\/wp\/v2\/tags?post=88178"}],"curies":[{"name":"wp","href":"https:\/\/api.w.org\/{rel}","templated":true}]}}