{"id":88171,"date":"2026-05-02T01:12:03","date_gmt":"2026-05-02T04:12:03","guid":{"rendered":"https:\/\/maxradio923.com.ar\/index.php\/2026\/05\/02\/las-condiciones-de-vida-mejoraron-para-71-millones-de-personas-y-se-deterioraron-para-52-millones\/"},"modified":"2026-05-02T01:12:03","modified_gmt":"2026-05-02T04:12:03","slug":"las-condiciones-de-vida-mejoraron-para-71-millones-de-personas-y-se-deterioraron-para-52-millones","status":"publish","type":"post","link":"https:\/\/maxradio923.com.ar\/index.php\/2026\/05\/02\/las-condiciones-de-vida-mejoraron-para-71-millones-de-personas-y-se-deterioraron-para-52-millones\/","title":{"rendered":"Las condiciones de vida mejoraron para 7,1 millones de personas y se deterioraron para 5,2 millones"},"content":{"rendered":"<p><\/p>\n<div>\n<div class=\"visual__image image-initial-width\"><picture><source srcset=\"https:\/\/www.infobae.com\/resizer\/v2\/BEN6KAJZTGHHST5432BDJQF2GQ.jpg?auth=9c659e1e36599a99b28dc359190141d0ea0557b1aa05800343d82ff334e3d79a&amp;smart=true&amp;width=992&amp;height=616&amp;quality=85\" media=\"(min-width: 1000px)\"\/><source srcset=\"https:\/\/www.infobae.com\/resizer\/v2\/BEN6KAJZTGHHST5432BDJQF2GQ.jpg?auth=9c659e1e36599a99b28dc359190141d0ea0557b1aa05800343d82ff334e3d79a&amp;smart=true&amp;width=768&amp;height=477&amp;quality=85\" media=\"(min-width: 768px)\"\/><source srcset=\"https:\/\/www.infobae.com\/resizer\/v2\/BEN6KAJZTGHHST5432BDJQF2GQ.jpg?auth=9c659e1e36599a99b28dc359190141d0ea0557b1aa05800343d82ff334e3d79a&amp;smart=true&amp;width=577&amp;height=358&amp;quality=85\" media=\"(min-width: 580px)\"\/><source srcset=\"https:\/\/www.infobae.com\/resizer\/v2\/BEN6KAJZTGHHST5432BDJQF2GQ.jpg?auth=9c659e1e36599a99b28dc359190141d0ea0557b1aa05800343d82ff334e3d79a&amp;smart=true&amp;width=420&amp;height=261&amp;quality=85\" media=\"(min-width: 350px)\"\/><source srcset=\"https:\/\/www.infobae.com\/resizer\/v2\/BEN6KAJZTGHHST5432BDJQF2GQ.jpg?auth=9c659e1e36599a99b28dc359190141d0ea0557b1aa05800343d82ff334e3d79a&amp;smart=true&amp;width=350&amp;height=217&amp;quality=85\" media=\"(min-width: 80px)\"\/><img alt=\"En 2025 se verific\u00f3 que m\u00e1s personas experimentaron una mejora en su calidad de vida que las que sufrieron un deterioro (Foto: Reuters)\" class=\"global-image\" decoding=\"async\" fetchpriority=\"high\" height=\"497\" loading=\"eager\" src=\"https:\/\/www.infobae.com\/resizer\/v2\/BEN6KAJZTGHHST5432BDJQF2GQ.jpg?auth=9c659e1e36599a99b28dc359190141d0ea0557b1aa05800343d82ff334e3d79a&amp;smart=true&amp;width=350&amp;height=217&amp;quality=85\" width=\"800\"\/><\/picture><figcaption class=\"article-figcaption-img\">En 2025 se verific\u00f3 que m\u00e1s personas experimentaron una mejora en su calidad de vida que las que sufrieron un deterioro (Foto: Reuters)<\/figcaption><\/div>\n<p class=\"paragraph\">Con la difusi\u00f3n de los indicadores sobre las Condiciones de Vida de la poblaci\u00f3n que habita en 31 aglomerados de todo el pa\u00eds, el Indec complet\u00f3 las estad\u00edsticas socioecon\u00f3micas de 2025: PBI, inflaci\u00f3n, empleo y desempleo, pobreza e indigencia, junto con los del comercio interior y exterior y turismo internacional, principalmente.<\/p>\n<p class=\"paragraph\">Los resultados, tanto en la comparaci\u00f3n interanual como respecto del inicio de la presidencia de <b>Javier Milei<\/b>, reflejaron una econom\u00eda con diferentes velocidades: aument\u00f3 en promedio la actividad y mejor\u00f3 el ingreso de la poblaci\u00f3n; sin embargo, tambi\u00e9n subi\u00f3 el desempleo, con un incremento de los puestos informales y de la oferta de trabajadores a una tasa superior a la del empleo. Se verific\u00f3 que m\u00e1s personas experimentaron una mejora en su calidad de vida que las que sufrieron un deterioro.<\/p>\n<p class=\"paragraph\">Este panorama dual fue advertido por los economistas <b>Roberto Frenkel<\/b> y <b>Ricardo Arriazu<\/b>, quienes consideran que podr\u00eda afectar la sustentabilidad social del plan de estabilizaci\u00f3n. Otros economistas sostienen que estos indicadores derivan del clima de incertidumbre previo a las elecciones legislativas y su efecto inercial en los meses posteriores, mientras que en el Gobierno sostienen que en los pr\u00f3ximos meses el cuadro mejorar\u00e1.<\/p>\n<p class=\"paragraph\">Sobre la base de <b>27 indicadores<\/b> de condiciones de vida del Indec, que incluyen calidad de la vivienda, hacinamiento, clima educativo y acceso a servicios b\u00e1sicos como agua, gas y atenci\u00f3n de la salud, en el segundo semestre de 2025 se registraron mejoras en 17 (63% del total) y retrocesos en 10 (37%), respecto de un a\u00f1o antes.<\/p>\n<div class=\"rawHTML raw_html \">\n<div class=\"flourish-embed flourish-chart\" data-src=\"https:\/\/www.infobae.com\/economia\/2026\/05\/02\/las-condiciones-de-vida-mejoraron-para-71-millones-de-personas-y-se-deterioraron-para-52-millones\/visualisation\/28741671\"><img decoding=\"async\" src=\"https:\/\/public.flourish.studio\/visualisation\/28741671\/thumbnail\" width=\"100%\" alt=\"chart visualization\"\/><\/div>\n<\/div>\n<p class=\"paragraph\">El <b>saldo neto en cantidad de habitantes<\/b> fue una mejora de casi dos millones de personas, extrapolando los datos del universo encuestado por el Indec -representativo de 30 millones de personas- a <b>47,7 millones de residentes<\/b>, equivalente al 4,1% de la poblaci\u00f3n total de 2024. Las condiciones de vida mejoraron para 7,1 millones de personas y se deterioraron para cerca de 5,2 millones. <\/p>\n<div class=\"blockquote\">\n<blockquote class=\"color_figcaption\"><p>Incidieron tanto las acciones y efectos de la pol\u00edtica econ\u00f3mica de la Administraci\u00f3n central como las de las gobernaciones y municipios de todo el pa\u00eds<\/p><\/blockquote>\n<\/div>\n<p class=\"paragraph\">En este resultado incidieron tanto las acciones y efectos de la pol\u00edtica econ\u00f3mica de la Administraci\u00f3n central como las de las gobernaciones y municipios de todo el pa\u00eds.<\/p>\n<p class=\"paragraph\">La imagen captada por el Encuesta Permanente de Hogares (EPH) del Indec para la segunda mitad de 2025 revel\u00f3: \u201c81% de los hogares y 77,9% de las personas habitan en <b>viviendas cuyos materiales poseen calidad suficiente<\/b>. Por otro lado, el 6,4% de los hogares habita en viviendas cuyos materiales poseen una calidad insuficiente y el 12,6% lo hace en viviendas cuyos materiales poseen una calidad parcialmente insuficiente. En el caso de las personas, estos porcentajes ascienden al 8% y 14,1%, respectivamente&#8221;, inform\u00f3 el organismo.<\/p>\n<div class=\"rawHTML raw_html \">\n<div class=\"flourish-embed flourish-chart\" data-src=\"https:\/\/www.infobae.com\/economia\/2026\/05\/02\/las-condiciones-de-vida-mejoraron-para-71-millones-de-personas-y-se-deterioraron-para-52-millones\/visualisation\/28743063\"><img decoding=\"async\" src=\"https:\/\/public.flourish.studio\/visualisation\/28743063\/thumbnail\" width=\"100%\" alt=\"chart visualization\"\/><\/div>\n<\/div>\n<p class=\"paragraph\">Estos indicadores evidenciaron mejoras respecto de un a\u00f1o antes, ya que disminuy\u00f3 en 155.500 las personas que habitan en construcciones precarias y aument\u00f3 en 371.700 quienes residen en viviendas completas. En contrapartida, creci\u00f3 en 263.000 las que est\u00e1n en una situaci\u00f3n intermedia, seg\u00fan proyecciones de los datos de los 31 aglomerados urbanos al total pa\u00eds.<\/p>\n<div class=\"blockquote\">\n<blockquote class=\"color_figcaption\"><p>Disminuy\u00f3 en 155.500 las personas que habitan en construcciones precarias y aument\u00f3 en 371.700 quienes residen en viviendas completas<\/p><\/blockquote>\n<\/div>\n<p class=\"paragraph\">Seg\u00fan el r\u00e9gimen de <b>tenencia de la vivienda<\/b>, el 61,9% de los hogares son propietarios de la unidad y del terreno; un 6,4% son propietarios solo de la vivienda, y el 20,5% son inquilinos. El 17,6% restante corresponde a ocupantes por pago de impuestos o expensas, ocupantes gratuitos con permiso o de hecho (sin permiso), que en conjunto representan el 9,6% del total, y el 8% incluye ocupantes en relaci\u00f3n de dependencia, hogares en viviendas en sucesi\u00f3n y otras situaciones no contempladas en las opciones anteriores, seg\u00fan el organismo.<\/p>\n<p class=\"paragraph\">Comparado con el segundo semestre de 2024, el Indec detect\u00f3 un incremento de 1,1 millones de habitantes con vivienda propia y una disminuci\u00f3n de 488.200 en quienes alquilan. El total de ocupantes y \u201cotros\u201d se redujo en 140.000 personas.<\/p>\n<div class=\"rawHTML raw_html \">\n<div class=\"flourish-embed flourish-chart\" data-src=\"https:\/\/www.infobae.com\/economia\/2026\/05\/02\/las-condiciones-de-vida-mejoraron-para-71-millones-de-personas-y-se-deterioraron-para-52-millones\/visualisation\/28743738\"><img decoding=\"async\" src=\"https:\/\/public.flourish.studio\/visualisation\/28743738\/thumbnail\" width=\"100%\" alt=\"chart visualization\"\/><\/div>\n<\/div>\n<p class=\"paragraph\">Respecto de los hogares con <b>saneamiento inadecuado<\/b> -definidos por carencias como no tener ba\u00f1o, ba\u00f1o fuera del terreno, compartido, sin conexi\u00f3n a red p\u00fablica ni c\u00e1mara s\u00e9ptica, o sin descarga de agua- comprenden al 12% de los hogares y 14,1% de la poblaci\u00f3n. El \u00faltimo relevamiento registr\u00f3 una mejora del 1,6% (muy superior al crecimiento vegetativo de la poblaci\u00f3n), mientras el grupo con saneamiento insuficiente se redujo 2,4%, favoreciendo en conjunto a m\u00e1s de 1.550.000 personas.<\/p>\n<p class=\"paragraph\">En cuanto a las caracter\u00edsticas del h\u00e1bitat, la EPH tambi\u00e9n elabora indicadores sobre la ubicaci\u00f3n de las viviendas. Respecto de la <b>cercan\u00eda a basurales<\/b> (tres cuadras o menos de sitios de disposici\u00f3n de residuos), el Indec detect\u00f3 que, en el segundo semestre de 2025, esta situaci\u00f3n se redujo 2,6%, afectando a 2,9 millones de personas. Mientras tanto, las viviendas en zonas inundables \u2013\u00e1reas donde por lluvias o crecidas el agua llega al umbral de las casas o se encuentran cerca de cursos de agua- pasaron de 4,8 a 4,5 millones de habitantes (baj\u00f3 6 por ciento).<\/p>\n<div class=\"rawHTML raw_html \">\n<div class=\"flourish-embed flourish-chart\" data-src=\"https:\/\/www.infobae.com\/economia\/2026\/05\/02\/las-condiciones-de-vida-mejoraron-para-71-millones-de-personas-y-se-deterioraron-para-52-millones\/visualisation\/28743922\"><img decoding=\"async\" src=\"https:\/\/public.flourish.studio\/visualisation\/28743922\/thumbnail\" width=\"100%\" alt=\"chart visualization\"\/><\/div>\n<\/div>\n<p class=\"paragraph\">En cuanto al acceso a la <b>red p\u00fablica de gas natural<\/b>, se observa una proporci\u00f3n menor en 2025. A pesar de que existe un excedente creciente con la explotaci\u00f3n de Vaca Muerta y la extensi\u00f3n de la red troncal de gasoductos, el porcentaje baj\u00f3 a 60,5% de la poblaci\u00f3n, el m\u00e1s bajo desde el inicio de la serie en 2016 y por debajo incluso del m\u00ednimo registrado en el segundo semestre de 2020. En valores absolutos, la poblaci\u00f3n sin acceso a este recurso aument\u00f3 en 897.000 personas, involucrando a 18,8 millones de habitantes.<\/p>\n<div class=\"rawHTML raw_html \">\n<div class=\"flourish-embed flourish-chart\" data-src=\"https:\/\/www.infobae.com\/economia\/2026\/05\/02\/las-condiciones-de-vida-mejoraron-para-71-millones-de-personas-y-se-deterioraron-para-52-millones\/visualisation\/28742976\"><img decoding=\"async\" src=\"https:\/\/public.flourish.studio\/visualisation\/28742976\/thumbnail\" width=\"100%\" alt=\"chart visualization\"\/><\/div>\n<\/div>\n<p class=\"paragraph\">Por el contrario, 85,9% la poblaci\u00f3n con acceso a la <b>red de agua corriente<\/b>: 42,4 millones de personas, lo que representa un aumento de 713.000. Aquellos que carecen del servicio se redujeron 4,5%, llegando a 4,9 millones de habitantes, el menor valor de la serie del Indec. El universo con acceso al <b>servicio de cloacas<\/b> tambi\u00e9n creci\u00f3, con una suba de 1,7% que llev\u00f3 la cifra a 33,1 millones de habitantes. Quienes no cuentan con esa descarga en ba\u00f1os aumentaron en 51.700 personas, situ\u00e1ndose en 14,5 millones.<\/p>\n<p class=\"paragraph\">Sobre <b>servicios de salud<\/b>, la poblaci\u00f3n con obra social, prepaga, mutual y\/o servicio de emergencia disminuy\u00f3 1,5%, equivalente a 489.000 personas, quedando en 31,5 millones. Por su parte, quienes dependen \u00fanicamente del sistema p\u00fablico crecieron 5,6%, m\u00e1s de 872.000 personas, totalizando 15,8 millones.<\/p>\n<div class=\"rawHTML raw_html \">\n<div class=\"flourish-embed flourish-chart\" data-src=\"https:\/\/www.infobae.com\/economia\/2026\/05\/02\/las-condiciones-de-vida-mejoraron-para-71-millones-de-personas-y-se-deterioraron-para-52-millones\/visualisation\/28744055\"><img decoding=\"async\" src=\"https:\/\/public.flourish.studio\/visualisation\/28744055\/thumbnail\" width=\"100%\" alt=\"chart visualization\"\/><\/div>\n<\/div>\n<p class=\"paragraph\">En lo que respecta al <b>nivel educativo<\/b>, la EPH al cierre del segundo semestre de 2025 muestra que la fuerza laboral entre 18 y 64 a\u00f1os (proyectada en 24,2 millones de personas) se compone mayoritariamente de quienes cuentan con secundario completo: 15,4 millones (un aumento de 557.600 personas respecto a la segunda mitad de 2024), lo que representa el 63,7% del total. En cambio, el grupo con instrucci\u00f3n superior, hasta universitario completo, se redujo en 325.600, alcanzando 8,8 millones.<\/p>\n<div class=\"rawHTML raw_html \">\n<div class=\"flourish-embed flourish-chart\" data-src=\"https:\/\/www.infobae.com\/economia\/2026\/05\/02\/las-condiciones-de-vida-mejoraron-para-71-millones-de-personas-y-se-deterioraron-para-52-millones\/visualisation\/28744126\"><img decoding=\"async\" src=\"https:\/\/public.flourish.studio\/visualisation\/28744126\/thumbnail\" width=\"100%\" alt=\"chart visualization\"\/><\/div>\n<\/div>\n<p class=\"paragraph\">En la <b>comparaci\u00f3n con el segundo semestre de 2023<\/b>, el balance de los cambios en las condiciones de vida, nivel educativo y acceso a servicios de salud p\u00fablica y privada muestra que el 74% de los indicadores mejoraron, involucrando a 35,6 millones de personas; el 26% (alrededor de 13,7 millones) registr\u00f3 retrocesos.<\/p>\n<div class=\"rawHTML raw_html \">\n<div class=\"flourish-embed flourish-chart\" data-src=\"https:\/\/www.infobae.com\/economia\/2026\/05\/02\/las-condiciones-de-vida-mejoraron-para-71-millones-de-personas-y-se-deterioraron-para-52-millones\/visualisation\/28742055\"><img decoding=\"async\" src=\"https:\/\/public.flourish.studio\/visualisation\/28742055\/thumbnail\" width=\"100%\" alt=\"chart visualization\"\/><\/div>\n<\/div>\n<p class=\"paragraph\">La mejora de las condiciones b\u00e1sicas de vida de la poblaci\u00f3n depende no solo de la consolidaci\u00f3n de la recuperaci\u00f3n macroecon\u00f3mica o del incremento del ingreso familiar, sino tambi\u00e9n de las pol\u00edticas p\u00fablicas de los subgobiernos provincial y municipal.<\/p>\n<\/div>\n<p><script defer=\"\">try{!function(f,b,e,v,n,t,s) {if(f.fbq)return;n=f.fbq=function(){n.callMethod? n.callMethod.apply(n,arguments):n.queue.push(arguments)}; if(!f._fbq)f._fbq=n;n.push=n;n.loaded=!0;n.version='2.0'; n.queue=[];t=b.createElement(e);t.async=!0; t.src=v;s=b.getElementsByTagName(e)[0]; s.parentNode.insertBefore(t,s)}(window, document,'script', ' fbq('init', '336383993555320'); fbq('track', 'PageView'); fbq('track', 'ViewContent');}catch(error){console.log(\"Error al inicializar facebookPixelRawCodeScript:\",error);}<\/script><\/p>\n","protected":false},"excerpt":{"rendered":"<p>En 2025 se verific\u00f3 que m\u00e1s personas experimentaron una mejora en su calidad de vida que las que sufrieron un deterioro (Foto: Reuters) Con la difusi\u00f3n de los indicadores sobre las Condiciones de Vida de la poblaci\u00f3n que habita en 31 aglomerados de todo el pa\u00eds, el Indec complet\u00f3 las estad\u00edsticas socioecon\u00f3micas de 2025: PBI, [&hellip;]<\/p>\n","protected":false},"author":2,"featured_media":88172,"comment_status":"","ping_status":"","sticky":false,"template":"","format":"standard","meta":{"footnotes":""},"categories":[2],"tags":[],"_links":{"self":[{"href":"https:\/\/maxradio923.com.ar\/index.php\/wp-json\/wp\/v2\/posts\/88171"}],"collection":[{"href":"https:\/\/maxradio923.com.ar\/index.php\/wp-json\/wp\/v2\/posts"}],"about":[{"href":"https:\/\/maxradio923.com.ar\/index.php\/wp-json\/wp\/v2\/types\/post"}],"author":[{"embeddable":true,"href":"https:\/\/maxradio923.com.ar\/index.php\/wp-json\/wp\/v2\/users\/2"}],"replies":[{"embeddable":true,"href":"https:\/\/maxradio923.com.ar\/index.php\/wp-json\/wp\/v2\/comments?post=88171"}],"version-history":[{"count":0,"href":"https:\/\/maxradio923.com.ar\/index.php\/wp-json\/wp\/v2\/posts\/88171\/revisions"}],"wp:featuredmedia":[{"embeddable":true,"href":"https:\/\/maxradio923.com.ar\/index.php\/wp-json\/wp\/v2\/media\/88172"}],"wp:attachment":[{"href":"https:\/\/maxradio923.com.ar\/index.php\/wp-json\/wp\/v2\/media?parent=88171"}],"wp:term":[{"taxonomy":"category","embeddable":true,"href":"https:\/\/maxradio923.com.ar\/index.php\/wp-json\/wp\/v2\/categories?post=88171"},{"taxonomy":"post_tag","embeddable":true,"href":"https:\/\/maxradio923.com.ar\/index.php\/wp-json\/wp\/v2\/tags?post=88171"}],"curies":[{"name":"wp","href":"https:\/\/api.w.org\/{rel}","templated":true}]}}