{"id":88169,"date":"2026-05-02T00:51:03","date_gmt":"2026-05-02T03:51:03","guid":{"rendered":"https:\/\/maxradio923.com.ar\/index.php\/2026\/05\/02\/el-desembarco-de-marcas-internacionales-se-acelera-pese-a-la-caida-del-consumo-interno\/"},"modified":"2026-05-02T00:51:03","modified_gmt":"2026-05-02T03:51:03","slug":"el-desembarco-de-marcas-internacionales-se-acelera-pese-a-la-caida-del-consumo-interno","status":"publish","type":"post","link":"https:\/\/maxradio923.com.ar\/index.php\/2026\/05\/02\/el-desembarco-de-marcas-internacionales-se-acelera-pese-a-la-caida-del-consumo-interno\/","title":{"rendered":"El desembarco de marcas internacionales se acelera pese a la ca\u00edda del consumo interno"},"content":{"rendered":"<p><\/p>\n<div>\n<div class=\"visual__image image-initial-width\"><picture><source srcset=\"https:\/\/www.infobae.com\/resizer\/v2\/6KFQJTPT3ZH6PFXGZ3WWLCXB64.jpg?auth=3cb6adaee35badc4057678efebb7ae99b1e33806eb31f6869497fd0f6794cb38&amp;smart=true&amp;width=992&amp;height=458&amp;quality=85\" media=\"(min-width: 1000px)\"\/><source srcset=\"https:\/\/www.infobae.com\/resizer\/v2\/6KFQJTPT3ZH6PFXGZ3WWLCXB64.jpg?auth=3cb6adaee35badc4057678efebb7ae99b1e33806eb31f6869497fd0f6794cb38&amp;smart=true&amp;width=768&amp;height=355&amp;quality=85\" media=\"(min-width: 768px)\"\/><source srcset=\"https:\/\/www.infobae.com\/resizer\/v2\/6KFQJTPT3ZH6PFXGZ3WWLCXB64.jpg?auth=3cb6adaee35badc4057678efebb7ae99b1e33806eb31f6869497fd0f6794cb38&amp;smart=true&amp;width=577&amp;height=267&amp;quality=85\" media=\"(min-width: 580px)\"\/><source srcset=\"https:\/\/www.infobae.com\/resizer\/v2\/6KFQJTPT3ZH6PFXGZ3WWLCXB64.jpg?auth=3cb6adaee35badc4057678efebb7ae99b1e33806eb31f6869497fd0f6794cb38&amp;smart=true&amp;width=420&amp;height=194&amp;quality=85\" media=\"(min-width: 350px)\"\/><source srcset=\"https:\/\/www.infobae.com\/resizer\/v2\/6KFQJTPT3ZH6PFXGZ3WWLCXB64.jpg?auth=3cb6adaee35badc4057678efebb7ae99b1e33806eb31f6869497fd0f6794cb38&amp;smart=true&amp;width=350&amp;height=162&amp;quality=85\" media=\"(min-width: 80px)\"\/><img alt=\"Multitud de personas haciendo fila en la entrada del primer local de Miniso, con globos rojos y el logotipo de la marca claramente visible en la fachada blanca\" class=\"global-image\" decoding=\"async\" fetchpriority=\"high\" height=\"887\" loading=\"eager\" src=\"https:\/\/www.infobae.com\/resizer\/v2\/6KFQJTPT3ZH6PFXGZ3WWLCXB64.jpg?auth=3cb6adaee35badc4057678efebb7ae99b1e33806eb31f6869497fd0f6794cb38&amp;smart=true&amp;width=350&amp;height=162&amp;quality=85\" width=\"1920\"\/><\/picture><figcaption class=\"article-figcaption-img\">Abri\u00f3 Miniso en la Argentina y gener\u00f3 cuadras de fila (@SirChandlerBlog)<\/figcaption><\/div>\n<p class=\"paragraph\">Aunque el consumo masivo sigue deprimido, marcas internacionales desembarcaron en Argentina, otras proyectan hacerlo en el corto plazo o, en el caso de aquellas ya instaladas, planean expandir su presencia con apertura de locales. Seg\u00fan fuentes del sector, el fen\u00f3meno responde m\u00e1s a estrategias de negocios de largo plazo que al nivel actual de ventas, cuyas perspectivas de crecimiento lucen limitadas.<\/p>\n<p class=\"paragraph\">Entre esas firmas se encuentran Victoria\u2019s Secret, The Kooples, Miniso, Decathlon, FARM Rio, Maje, Dr. Martens, Carter\u2019s, Dolce &amp; Gabbana, Armani, Sandro, Mango, Montblanc, H&amp;M, el espacio Magma on the Road (con Free People y Project Social), Skechers, Indian, Skinko, Intimissimi, Bath &amp; Body Works y Bimba y Lola.<\/p>\n<p class=\"paragraph\">La <b>flexibilizaci\u00f3n de importaciones<\/b> fue el puntapi\u00e9 inicial para que varias de estas marcas empezaran a evaluar la posibilidad de insertarse en el mercado local; a esto le siguieron la apreciaci\u00f3n cambiaria y mayor estabilidad econ\u00f3mica. Pero se suma un componente cultural que fortalece el atractivo del pa\u00eds.<\/p>\n<div class=\"visual__image\"><picture><source srcset=\"https:\/\/www.infobae.com\/resizer\/v2\/G4UMDSQWIFHWJKVGI2PDVKZT3U.jpg?auth=b163c6329f58f9c3ff09b9d3c6eaaa51405e4f79e23ac94a80d24c64d47e9e88&amp;smart=true&amp;width=992&amp;height=558&amp;quality=85\" media=\"(min-width: 1000px)\"\/><source srcset=\"https:\/\/www.infobae.com\/resizer\/v2\/G4UMDSQWIFHWJKVGI2PDVKZT3U.jpg?auth=b163c6329f58f9c3ff09b9d3c6eaaa51405e4f79e23ac94a80d24c64d47e9e88&amp;smart=true&amp;width=768&amp;height=432&amp;quality=85\" media=\"(min-width: 768px)\"\/><source srcset=\"https:\/\/www.infobae.com\/resizer\/v2\/G4UMDSQWIFHWJKVGI2PDVKZT3U.jpg?auth=b163c6329f58f9c3ff09b9d3c6eaaa51405e4f79e23ac94a80d24c64d47e9e88&amp;smart=true&amp;width=577&amp;height=325&amp;quality=85\" media=\"(min-width: 580px)\"\/><source srcset=\"https:\/\/www.infobae.com\/resizer\/v2\/G4UMDSQWIFHWJKVGI2PDVKZT3U.jpg?auth=b163c6329f58f9c3ff09b9d3c6eaaa51405e4f79e23ac94a80d24c64d47e9e88&amp;smart=true&amp;width=420&amp;height=236&amp;quality=85\" media=\"(min-width: 350px)\"\/><source srcset=\"https:\/\/www.infobae.com\/resizer\/v2\/G4UMDSQWIFHWJKVGI2PDVKZT3U.jpg?auth=b163c6329f58f9c3ff09b9d3c6eaaa51405e4f79e23ac94a80d24c64d47e9e88&amp;smart=true&amp;width=350&amp;height=197&amp;quality=85\" media=\"(min-width: 80px)\"\/><img alt=\"Marcas internacionales shopping\" class=\"global-image\" decoding=\"async\" fetchpriority=\"low\" height=\"1080\" loading=\"lazy\" src=\"https:\/\/www.infobae.com\/resizer\/v2\/G4UMDSQWIFHWJKVGI2PDVKZT3U.jpg?auth=b163c6329f58f9c3ff09b9d3c6eaaa51405e4f79e23ac94a80d24c64d47e9e88&amp;smart=true&amp;width=350&amp;height=197&amp;quality=85\" width=\"1920\"\/><\/picture><figcaption class=\"article-figcaption-img\">La flexibilizaci\u00f3n de importaciones fue el puntapi\u00e9 inicial para que varias marcas empezaran a evaluar la posibilidad de insertarse en el mercado local<\/figcaption><\/div>\n<p class=\"paragraph\">Fuentes del sector importador contaron a <i><b>Infobae<\/b><\/i> otros motores que seguramente est\u00e9n impulsando la expansi\u00f3n de las compa\u00f1\u00edas internacionales:<\/p>\n<ol data-icon=\"\u2b24\" class=\"list\">\n<li data-icon=\"\u2b24\"><span><b>La mayor\u00eda de estas marcas est\u00e1n respaldadas por empresarios argentinos<\/b>, con lo cual la curva de aprendizaje se reduce. <\/span><\/li>\n<li data-icon=\"\u2b24\"><span><b>El proceso para traerlas probablemente haya comenzado con bastante antelaci\u00f3n<\/b>. Las negociaciones demoran al menos un a\u00f1o y reci\u00e9n ahora se est\u00e1n concretando. \u201cSon decisiones tomadas en un contexto quiz\u00e1s m\u00e1s optimista, que hoy requieren sostenerse para desarrollarse\u201d, afirman las fuentes.<\/span><\/li>\n<li data-icon=\"\u2b24\"><span><b>Los argentinos aprecian mucho las firmas del exterior<\/b>, dado que antes solo eran accesibles para aquellos que ten\u00edan la capacidad de viajar.<\/span><\/li>\n<li data-icon=\"\u2b24\"><span><b>El valor y posicionamiento<\/b> genera una demanda de nicho entre los <b>sectores de ingresos medios y altos<\/b>, particularmente en la Ciudad de Buenos Aires y el Corredor Norte.<\/span><\/li>\n<\/ol>\n<div class=\"visual__image\"><picture><source srcset=\"https:\/\/www.infobae.com\/resizer\/v2\/S675B7UUB5HRRBRKCO3PFJVN6I.jpg?auth=a6cce994bb5063240113c5f829821d43fc4573a48212a0d42746022ac3c018cd&amp;smart=true&amp;width=992&amp;height=558&amp;quality=85\" media=\"(min-width: 1000px)\"\/><source srcset=\"https:\/\/www.infobae.com\/resizer\/v2\/S675B7UUB5HRRBRKCO3PFJVN6I.jpg?auth=a6cce994bb5063240113c5f829821d43fc4573a48212a0d42746022ac3c018cd&amp;smart=true&amp;width=768&amp;height=432&amp;quality=85\" media=\"(min-width: 768px)\"\/><source srcset=\"https:\/\/www.infobae.com\/resizer\/v2\/S675B7UUB5HRRBRKCO3PFJVN6I.jpg?auth=a6cce994bb5063240113c5f829821d43fc4573a48212a0d42746022ac3c018cd&amp;smart=true&amp;width=577&amp;height=325&amp;quality=85\" media=\"(min-width: 580px)\"\/><source srcset=\"https:\/\/www.infobae.com\/resizer\/v2\/S675B7UUB5HRRBRKCO3PFJVN6I.jpg?auth=a6cce994bb5063240113c5f829821d43fc4573a48212a0d42746022ac3c018cd&amp;smart=true&amp;width=420&amp;height=236&amp;quality=85\" media=\"(min-width: 350px)\"\/><source srcset=\"https:\/\/www.infobae.com\/resizer\/v2\/S675B7UUB5HRRBRKCO3PFJVN6I.jpg?auth=a6cce994bb5063240113c5f829821d43fc4573a48212a0d42746022ac3c018cd&amp;smart=true&amp;width=350&amp;height=197&amp;quality=85\" media=\"(min-width: 80px)\"\/><img alt=\"Decathlon llega a Argentina, proyecta m\u00e1s de 20 locales en el pa\u00eds y una inversi\u00f3n que supera los 100 millones de d\u00f3lares\" class=\"global-image\" decoding=\"async\" fetchpriority=\"low\" height=\"1080\" loading=\"lazy\" src=\"https:\/\/www.infobae.com\/resizer\/v2\/S675B7UUB5HRRBRKCO3PFJVN6I.jpg?auth=a6cce994bb5063240113c5f829821d43fc4573a48212a0d42746022ac3c018cd&amp;smart=true&amp;width=350&amp;height=197&amp;quality=85\" width=\"1920\"\/><\/picture><figcaption class=\"article-figcaption-img\">Decathlon lleg\u00f3 a Argentina en noviembre de 2025<\/figcaption><\/div>\n<p class=\"paragraph\">Entre los importadores, hay quienes prev\u00e9n que haya un boom de ventas inicial por la novedad, para luego dar paso a una etapa de reacomodamiento hacia niveles m\u00e1s estables.<\/p>\n<p class=\"paragraph\">Otra fuente, que se dedica espec\u00edficamente a traer del exterior dichas etiquetas, reconoci\u00f3 que el consumo est\u00e1 golpeado, pero asegur\u00f3 que \u201c<b>la gente quiere tener cosas nuevas<\/b> y esta es la oportunidad\u201d. Agreg\u00f3: \u201cHay que acostumbrarse a que es un mercado m\u00e1s chico\u201d.<\/p>\n<p class=\"paragraph\"><b>Gast\u00f3n Manganiello<\/b>,<i> Chief Marketing Officer <\/i>de Grupo IRSA, dijo a este medio: \u201cEstamos viendo un <b>cambio de paradigma<\/b>: las marcas ya no toman decisiones mirando exclusivamente el consumo del momento, sino la proyecci\u00f3n de largo plazo. Argentina empieza a recuperar previsibilidad operativa, y eso la vuelve a poner en el radar como una plaza estrat\u00e9gica dentro de Latinoam\u00e9rica\u201d. <\/p>\n<div class=\"visual__image\"><picture><source srcset=\"https:\/\/www.infobae.com\/resizer\/v2\/U2NEXTQ4RBBFTEOWOHZ3LWLGDQ.jpeg?auth=47b02b30a6460ede67e55d4a819f12ff1afb147cd5d7546f7ee7b608dfa29709&amp;smart=true&amp;width=992&amp;height=558&amp;quality=85\" media=\"(min-width: 1000px)\"\/><source srcset=\"https:\/\/www.infobae.com\/resizer\/v2\/U2NEXTQ4RBBFTEOWOHZ3LWLGDQ.jpeg?auth=47b02b30a6460ede67e55d4a819f12ff1afb147cd5d7546f7ee7b608dfa29709&amp;smart=true&amp;width=768&amp;height=432&amp;quality=85\" media=\"(min-width: 768px)\"\/><source srcset=\"https:\/\/www.infobae.com\/resizer\/v2\/U2NEXTQ4RBBFTEOWOHZ3LWLGDQ.jpeg?auth=47b02b30a6460ede67e55d4a819f12ff1afb147cd5d7546f7ee7b608dfa29709&amp;smart=true&amp;width=577&amp;height=325&amp;quality=85\" media=\"(min-width: 580px)\"\/><source srcset=\"https:\/\/www.infobae.com\/resizer\/v2\/U2NEXTQ4RBBFTEOWOHZ3LWLGDQ.jpeg?auth=47b02b30a6460ede67e55d4a819f12ff1afb147cd5d7546f7ee7b608dfa29709&amp;smart=true&amp;width=420&amp;height=236&amp;quality=85\" media=\"(min-width: 350px)\"\/><source srcset=\"https:\/\/www.infobae.com\/resizer\/v2\/U2NEXTQ4RBBFTEOWOHZ3LWLGDQ.jpeg?auth=47b02b30a6460ede67e55d4a819f12ff1afb147cd5d7546f7ee7b608dfa29709&amp;smart=true&amp;width=350&amp;height=197&amp;quality=85\" media=\"(min-width: 80px)\"\/><img alt=\"Reapertura shopping Alto Palermo caba\" class=\"global-image\" decoding=\"async\" fetchpriority=\"low\" height=\"1080\" loading=\"lazy\" src=\"https:\/\/www.infobae.com\/resizer\/v2\/U2NEXTQ4RBBFTEOWOHZ3LWLGDQ.jpeg?auth=47b02b30a6460ede67e55d4a819f12ff1afb147cd5d7546f7ee7b608dfa29709&amp;smart=true&amp;width=350&amp;height=197&amp;quality=85\" width=\"1920\"\/><\/picture><figcaption class=\"article-figcaption-img\">Gast\u00f3n Manganiello dijo a Infobae: &#8220;Argentina empieza a recuperar previsibilidad operativa&#8221;<\/figcaption><\/div>\n<p class=\"paragraph\">Manganiello detall\u00f3 que existen <b>categor\u00edas todav\u00eda subdesarrolladas y consumidores muy conectados<\/b> con tendencias globales, lo que abre una oportunidad clara de crecimiento. Destac\u00f3 tambi\u00e9n que hab\u00eda una demanda latente que hoy se est\u00e1 logrando capturar.<\/p>\n<p class=\"paragraph\">Asimismo, subray\u00f3 que ingresar al mercado en este contexto tiene ventajas concretas: acceso a mejores ubicaciones, condiciones m\u00e1s competitivas y menor presi\u00f3n en el arranque.<\/p>\n<p class=\"paragraph\"><b>Cecilia Carbajal<\/b>, Gerente General de Carter\u2019s Argentina, se\u00f1al\u00f3: \u201cA pesar de la retracci\u00f3n de las ventas a nivel local, observamos un consumidor argentino expectante, que detecta productos que antes no ten\u00eda y a precios muy competitivos\u201d.<\/p>\n<div class=\"blockquote\">\n<blockquote class=\"color_figcaption\"><p>A pesar de la retracci\u00f3n de las ventas a nivel local, observamos un consumidor argentino expectante, que detecta productos que quiz\u00e1s antes no ten\u00eda y a precios muy competitivos (Carbajal)<\/p><\/blockquote>\n<\/div>\n<p class=\"paragraph\">La marca de ropa para ni\u00f1os planea<b> abrir 30 locales<\/b> en los pr\u00f3ximos 5 a\u00f1os, con una inversi\u00f3n proyectada de aproximadamente USD 10 millones. \u201cEn nuestro caso, la motivaci\u00f3n para expandirnos viene de la mano de una alta demanda\u201d, afirm\u00f3 la ejecutiva. <\/p>\n<div class=\"visual__image\"><picture><source srcset=\"https:\/\/www.infobae.com\/resizer\/v2\/AHB7SSM7ONE5ZJOKQGDLDP53DI.jpg?auth=7ce5332126da9e2b5f5a2873e5c836ea0c0518baf1e3be45de417281b90c28f3&amp;smart=true&amp;width=992&amp;height=661&amp;quality=85\" media=\"(min-width: 1000px)\"\/><source srcset=\"https:\/\/www.infobae.com\/resizer\/v2\/AHB7SSM7ONE5ZJOKQGDLDP53DI.jpg?auth=7ce5332126da9e2b5f5a2873e5c836ea0c0518baf1e3be45de417281b90c28f3&amp;smart=true&amp;width=768&amp;height=512&amp;quality=85\" media=\"(min-width: 768px)\"\/><source srcset=\"https:\/\/www.infobae.com\/resizer\/v2\/AHB7SSM7ONE5ZJOKQGDLDP53DI.jpg?auth=7ce5332126da9e2b5f5a2873e5c836ea0c0518baf1e3be45de417281b90c28f3&amp;smart=true&amp;width=577&amp;height=385&amp;quality=85\" media=\"(min-width: 580px)\"\/><source srcset=\"https:\/\/www.infobae.com\/resizer\/v2\/AHB7SSM7ONE5ZJOKQGDLDP53DI.jpg?auth=7ce5332126da9e2b5f5a2873e5c836ea0c0518baf1e3be45de417281b90c28f3&amp;smart=true&amp;width=420&amp;height=280&amp;quality=85\" media=\"(min-width: 350px)\"\/><source srcset=\"https:\/\/www.infobae.com\/resizer\/v2\/AHB7SSM7ONE5ZJOKQGDLDP53DI.jpg?auth=7ce5332126da9e2b5f5a2873e5c836ea0c0518baf1e3be45de417281b90c28f3&amp;smart=true&amp;width=350&amp;height=233&amp;quality=85\" media=\"(min-width: 80px)\"\/><img alt=\"Fachada de una tienda Carter's con su letrero azul brillante, dos grandes escaparates con ropa de beb\u00e9 y un banner azul que dice 'grand opening'\" class=\"global-image\" decoding=\"async\" fetchpriority=\"low\" height=\"720\" loading=\"lazy\" src=\"https:\/\/www.infobae.com\/resizer\/v2\/AHB7SSM7ONE5ZJOKQGDLDP53DI.jpg?auth=7ce5332126da9e2b5f5a2873e5c836ea0c0518baf1e3be45de417281b90c28f3&amp;smart=true&amp;width=350&amp;height=233&amp;quality=85\" width=\"1080\"\/><\/picture><figcaption class=\"article-figcaption-img\">La marca de ropa para ni\u00f1os planea abrir 30 locales en los pr\u00f3ximos 5 a\u00f1os<\/figcaption><\/div>\n<p class=\"paragraph\">Carbajal a\u00f1adi\u00f3: \u201cLo \u00fanico que podr\u00eda frenar ese fen\u00f3meno ser\u00edan medidas restrictivas en cuanto a la importaci\u00f3n, que nos impidan traer la colecci\u00f3n completa y, por ende, brindar una oferta limitada o escasa\u201d.<\/p>\n<p class=\"paragraph\">Mientras tanto, seg\u00fan la Confederaci\u00f3n Argentina de la Mediana Empresa (CAME), las ventas minoristas de las pyme mostraron en marzo una ca\u00edda interanual del 0,6% en t\u00e9rminos reales, acumulando 11 meses consecutivos de retroceso. En la comparaci\u00f3n con febrero, se registr\u00f3 una baja del 0,4 por ciento.<\/p>\n<div class=\"blockquote\">\n<blockquote class=\"color_figcaption\"><p>Las ventas minoristas de las pyme mostraron en marzo una ca\u00edda interanual del 0,6% en t\u00e9rminos reales, acumulando 11 meses consecutivos de retroceso (CAME)<\/p><\/blockquote>\n<\/div>\n<p class=\"paragraph\">La C\u00e1mara Industrial Argentina de la Indumentaria (CIAI) inform\u00f3 que la actividad comercial en el rubro se contrajo 8,4% interanual entre enero y febrero,<b> <\/b>lo que consolid\u00f3 un per\u00edodo prolongado de variaciones negativas.<\/p>\n<p class=\"paragraph\">El 59,1% de los comerciantes encuestados por CAME califica el escenario actual como no apto para nuevas inversiones, en contraste con 13,1% que ve oportunidades y 27,7% que no manifiesta una definici\u00f3n clara.<\/p>\n<\/div>\n<p><script defer=\"\">try{!function(f,b,e,v,n,t,s) {if(f.fbq)return;n=f.fbq=function(){n.callMethod? n.callMethod.apply(n,arguments):n.queue.push(arguments)}; if(!f._fbq)f._fbq=n;n.push=n;n.loaded=!0;n.version='2.0'; n.queue=[];t=b.createElement(e);t.async=!0; t.src=v;s=b.getElementsByTagName(e)[0]; s.parentNode.insertBefore(t,s)}(window, document,'script', ' fbq('init', '336383993555320'); fbq('track', 'PageView'); fbq('track', 'ViewContent');}catch(error){console.log(\"Error al inicializar facebookPixelRawCodeScript:\",error);}<\/script><\/p>\n","protected":false},"excerpt":{"rendered":"<p>Abri\u00f3 Miniso en la Argentina y gener\u00f3 cuadras de fila (@SirChandlerBlog) Aunque el consumo masivo sigue deprimido, marcas internacionales desembarcaron en Argentina, otras proyectan hacerlo en el corto plazo o, en el caso de aquellas ya instaladas, planean expandir su presencia con apertura de locales. Seg\u00fan fuentes del sector, el fen\u00f3meno responde m\u00e1s a estrategias [&hellip;]<\/p>\n","protected":false},"author":2,"featured_media":88170,"comment_status":"","ping_status":"","sticky":false,"template":"","format":"standard","meta":{"footnotes":""},"categories":[2],"tags":[],"_links":{"self":[{"href":"https:\/\/maxradio923.com.ar\/index.php\/wp-json\/wp\/v2\/posts\/88169"}],"collection":[{"href":"https:\/\/maxradio923.com.ar\/index.php\/wp-json\/wp\/v2\/posts"}],"about":[{"href":"https:\/\/maxradio923.com.ar\/index.php\/wp-json\/wp\/v2\/types\/post"}],"author":[{"embeddable":true,"href":"https:\/\/maxradio923.com.ar\/index.php\/wp-json\/wp\/v2\/users\/2"}],"replies":[{"embeddable":true,"href":"https:\/\/maxradio923.com.ar\/index.php\/wp-json\/wp\/v2\/comments?post=88169"}],"version-history":[{"count":0,"href":"https:\/\/maxradio923.com.ar\/index.php\/wp-json\/wp\/v2\/posts\/88169\/revisions"}],"wp:featuredmedia":[{"embeddable":true,"href":"https:\/\/maxradio923.com.ar\/index.php\/wp-json\/wp\/v2\/media\/88170"}],"wp:attachment":[{"href":"https:\/\/maxradio923.com.ar\/index.php\/wp-json\/wp\/v2\/media?parent=88169"}],"wp:term":[{"taxonomy":"category","embeddable":true,"href":"https:\/\/maxradio923.com.ar\/index.php\/wp-json\/wp\/v2\/categories?post=88169"},{"taxonomy":"post_tag","embeddable":true,"href":"https:\/\/maxradio923.com.ar\/index.php\/wp-json\/wp\/v2\/tags?post=88169"}],"curies":[{"name":"wp","href":"https:\/\/api.w.org\/{rel}","templated":true}]}}