{"id":88165,"date":"2026-05-02T00:28:09","date_gmt":"2026-05-02T03:28:09","guid":{"rendered":"https:\/\/maxradio923.com.ar\/index.php\/2026\/05\/02\/joaquin-levinton-del-susto-del-infarto-y-el-disco-que-espero-14-anos-por-ver-la-luz-a-los-proyectos-que-lo-tienen-mas-activo-que-nunca\/"},"modified":"2026-05-02T00:28:09","modified_gmt":"2026-05-02T03:28:09","slug":"joaquin-levinton-del-susto-del-infarto-y-el-disco-que-espero-14-anos-por-ver-la-luz-a-los-proyectos-que-lo-tienen-mas-activo-que-nunca","status":"publish","type":"post","link":"https:\/\/maxradio923.com.ar\/index.php\/2026\/05\/02\/joaquin-levinton-del-susto-del-infarto-y-el-disco-que-espero-14-anos-por-ver-la-luz-a-los-proyectos-que-lo-tienen-mas-activo-que-nunca\/","title":{"rendered":"Joaqu\u00edn Levinton: del susto del infarto y el disco que esper\u00f3 14 a\u00f1os por ver la luz a los proyectos que lo tienen m\u00e1s activo que nunca"},"content":{"rendered":"<p><\/p>\n<div>\n<nav class=\"com-breadcrumb --no-app \"><i class=\"--bullet --fourxs\">&gt;<\/i>LA NACION<i class=\"--bullet --fourxs\">&gt;<\/i>Espect\u00e1culos<i class=\"--bullet --fourxs\">&gt;<\/i>M\u00fasica<\/nav>\n<div class=\"mod-date-container flex flex-column gap-8 mb-16 text-neutral-light-600 jc-between flex-row_sm ai-center_sm\">\n<ul class=\"mod-date flex jc-start ai-center --bullet-list_12 w-100\">\n<li class=\"flex ai-center\"><time class=\"com-date --twoxs\" datetime=\"2 de mayo de 2026\">2 de mayo de 2026<\/time><\/li>\n<li class=\"mod-date-hour flex ai-center\"><time class=\"com-hour --twoxs\" datetime=\"00:01\">00:01<\/time><\/li>\n<li class=\"reading-time flex bullet-sm-none ml-auto_max767 flex gap-2 ai-center\"><i class=\"icon\" style=\"height:20px\"><img class=\"image flex --cover\" decoding=\"async\" fetchpriority=\"low\" loading=\"lazy\" src=\"https:\/\/www.lanacion.com.ar\/pf\/resources\/images\/svgDegrade\/timer-ia.webp?d=2000\" height=\"21\" alt=\"icono tiempo de lectura\"\/><\/i><span class=\"text text-neutral-light-700\">13<!-- --> <span class=\"sm-none\">minutos<!-- --> de lectura<\/span><span class=\"sm-only\">&#8216;<\/span><\/span><\/li>\n<\/ul>\n<\/div>\n<p class=\"com-paragraph  --capital --s\">Era el partido de su vida. Volaba por la punta derecha, volaba por la franja izquierda. Su presencia en el mediocampo recordaba el andar de Fernando Redondo. Incluso tap\u00f3 varios mano a mano como el mejor de los arqueros. Pero son\u00f3 el silbato en el momento menos esperado. Una tarjeta roja lo sacaba del partido. Ya conocen el final: el VAR revis\u00f3 la jugada y <strong>Joaqu\u00edn Levinton<\/strong> pudo seguir jugando el partido de su vida.<\/p>\n<p class=\"com-paragraph   --s\">A mediados de diciembre, a sus 50 a\u00f1os (ahora tiene 51), el cantante de <strong>Turf<\/strong> sufri\u00f3 un infarto cuando se encontraba en la calle, en el barrio de Palermo. Atin\u00f3 a entrar al restaurante El Tim\u00f3n, del que es un habitu\u00e9, pidi\u00f3 ayuda y lo dem\u00e1s es historia conocida. Lleg\u00f3 una ambulancia del SAME, lo traslad\u00f3 con urgencia al Hospital Fern\u00e1ndez y la celeridad y la eficiencia m\u00e9dica y de todo el personal que lo atendi\u00f3 garantiz\u00f3 que haya Joaqu\u00edn para rato. <\/p>\n<p class=\"com-paragraph   --s\">Este tipo de episodios de salud, muy graves, por cierto, suelen provocar que la persona afectada baje las revoluciones y se tome un buen tiempo para retomar sus actividades. Pero una vez que tuvo el alta m\u00e9dico definitivo, Levinton se dedic\u00f3 a reactivar los proyectos que ten\u00eda pendientes y a decirle que si a los que se sumaron. Sac\u00f3 un alfajor, el Pescado Ra\u00fal, aquella ocurrencia que tuvo en MasterChef Celebrity cuando Martitegui le pregunt\u00f3 c\u00f3mo se llamaba el pescado que estaba preparando; se sum\u00f3 al jurado del programa <em>Es mi sue\u00f1o<\/em>; se fue de gira por Europa con Turf, sigui\u00f3 grabando el nuevo disco de su banda y ahora se prepara para un gran show por los 30 a\u00f1os del grupo que cre\u00f3 y que comparte con Leandro Lopat\u00edn, Nicol\u00e1s Ottavianelli, Fernando Caloia y Carlos Tapia. \u00bfAlgo m\u00e1s? S\u00ed, lanz\u00f3 su primer disco solista, Yo soy Joaqu\u00edn, que tiene una historia bien particular.<\/p>\n<div class=\"content-media cursor-pointer container-center-100\">\n<section class=\"media-container relative ratio-16-9 mod-media pb-32\">\n<figure class=\"mod-video\">\n<div class=\"video-player bg-black ratio-16-9\" data-has-jwplayer=\"true\" data-video-id-jw=\"xsA3MEmn\" data-config=\"{&quot;title&quot;:&quot;Joaqu\u00edn Levinton habla de su \\&quot;renacimiento\\&quot;&quot;,&quot;mediaId&quot;:&quot;xsA3MEmn&quot;,&quot;playerId&quot;:&quot;ih0086X3&quot;,&quot;playlist&quot;:[{&quot;mediaid&quot;:&quot;xsA3MEmn&quot;,&quot;sources&quot;:[{&quot;file&quot;:&quot;https:\/\/cdn.jwplayer.com\/manifests\/xsA3MEmn.m3u8&quot;,&quot;type&quot;:&quot;application\/vnd.apple.mpegurl&quot;},{&quot;bitrate&quot;:387380,&quot;file&quot;:&quot;https:\/\/cdn.jwplayer.com\/videos\/xsA3MEmn-kTExGaWf.mp4&quot;,&quot;filesize&quot;:3825387,&quot;framerate&quot;:25,&quot;height&quot;:320,&quot;label&quot;:&quot;180p&quot;,&quot;type&quot;:&quot;video\/mp4&quot;,&quot;width&quot;:180},{&quot;bitrate&quot;:626561,&quot;file&quot;:&quot;https:\/\/cdn.jwplayer.com\/videos\/xsA3MEmn-K8B0kybS.mp4&quot;,&quot;filesize&quot;:6187299,&quot;framerate&quot;:25,&quot;height&quot;:480,&quot;label&quot;:&quot;270p&quot;,&quot;type&quot;:&quot;video\/mp4&quot;,&quot;width&quot;:270},{&quot;bitrate&quot;:1738426,&quot;file&quot;:&quot;https:\/\/cdn.jwplayer.com\/videos\/xsA3MEmn-46NIuRKO.mp4&quot;,&quot;filesize&quot;:17166965,&quot;framerate&quot;:25,&quot;height&quot;:1280,&quot;label&quot;:&quot;720p&quot;,&quot;type&quot;:&quot;video\/mp4&quot;,&quot;width&quot;:720},{&quot;bitrate&quot;:114758,&quot;file&quot;:&quot;https:\/\/cdn.jwplayer.com\/videos\/xsA3MEmn-hz5z2Tv4.m4a&quot;,&quot;filesize&quot;:1133241,&quot;label&quot;:&quot;AAC Audio&quot;,&quot;type&quot;:&quot;audio\/mp4&quot;},{&quot;bitrate&quot;:680761,&quot;file&quot;:&quot;https:\/\/cdn.jwplayer.com\/videos\/xsA3MEmn-FnZGUVnC.mp4&quot;,&quot;filesize&quot;:6722515,&quot;framerate&quot;:25,&quot;height&quot;:640,&quot;label&quot;:&quot;360p&quot;,&quot;type&quot;:&quot;video\/mp4&quot;,&quot;width&quot;:360},{&quot;bitrate&quot;:1158070,&quot;file&quot;:&quot;https:\/\/cdn.jwplayer.com\/videos\/xsA3MEmn-0G6Pwvlw.mp4&quot;,&quot;filesize&quot;:11435944,&quot;framerate&quot;:25,&quot;height&quot;:960,&quot;label&quot;:&quot;540p&quot;,&quot;type&quot;:&quot;video\/mp4&quot;,&quot;width&quot;:540}]}],&quot;hasAutoplay&quot;:false,&quot;autostart&quot;:true,&quot;tagsUrl&quot;:&quot;https:\/\/pubads.g.doubleclick.net\/gampad\/ads?slotname=\/133919216\/la_nacion_video\/nota\/preroll&amp;sz=640x480|400x300&amp;ciu_szs=300x250&amp;unviewed_position_start=1&amp;output=vast&amp;impl=s&amp;env=vp&amp;gdfp_req=1&amp;ad_rule=0&amp;vad_type=linear&amp;vpos=preroll&amp;cust_params=tags_nuevos%3Dte_joaquin_levinton%2Cte_musica%2Cte_la_salud_de_los_famosos%2Cte_salud%2Cte_aniversario%2Cca_musica%2Cca_espectaculos%2Cau_sebastian_esposito%2CEAEDT3VU2ZGZRC7WSWL5A5T5MI&amp;pod=3&amp;ppos=1&amp;lip=true&amp;min_ad_duration=0&amp;max_ad_duration=30000&amp;vrid=6256&amp;url=https%3A%2F%2Fwww.lanacion.com.ar%2Fespectaculos%2Fmusica%2Fjoaquin-levinton-del-susto-del-infarto-y-el-disco-que-espero-14-anos-por-ver-la-luz-a-los-proyectos-nid02052026%2F%3Fvariant%3DA&amp;description_url=https%3A%2F%2Fwww.lanacion.com.ar%2Fespectaculos%2Fmusica%2Fjoaquin-levinton-del-susto-del-infarto-y-el-disco-que-espero-14-anos-por-ver-la-luz-a-los-proyectos-nid02052026%2F%3Fvariant%3DA&amp;video_doc_id=short_onecue&amp;cmsid=496&amp;kfa=0&amp;tfcd=0&amp;correlator=1777692428790&quot;,&quot;arcSite&quot;:&quot;la-nacion-ar&quot;,&quot;duration&quot;:&quot;79000&quot;}\">\n<div id=\"facade-xsA3MEmn\" class=\"content-facade-jw relative bg-black ratio-16-9\"><picture><source media=\"(max-width: 767px)\" srcset=\"https:\/\/resizer.glanacion.com\/resizer\/v2\/https%3A%2F%2Fcdn.jwplayer.com%2Fv2%2Fmedia%2FxsA3MEmn%2Fposter.jpg%3Fwidth%3D720?auth=1038fb3d5bdc53d78191bbdd73c490ab4be6c1cd29cf3a80634f3ba62dade112&amp;width=480&amp;quality=70&amp;smart=false\"\/><img class=\"image com-image flex --cover\" decoding=\"async\" fetchpriority=\"low\" loading=\"lazy\" src=\"https:\/\/resizer.glanacion.com\/resizer\/v2\/https%3A%2F%2Fcdn.jwplayer.com%2Fv2%2Fmedia%2FxsA3MEmn%2Fposter.jpg%3Fwidth%3D720?auth=1038fb3d5bdc53d78191bbdd73c490ab4be6c1cd29cf3a80634f3ba62dade112&amp;width=720&amp;quality=70&amp;smart=false\" alt=\"Joaqu\u00edn Levinton habla de su &quot;renacimiento&quot;\"\/><\/picture><\/div>\n<\/div>\n<\/figure>\n<\/section>\n<\/div>\n<p class=\"com-paragraph   --s\"><strong>\u2013Tu humor y tu espontaneidad, esa que tuviste siempre pero quienes no te conoc\u00edan descubrieron durante tu participaci\u00f3n en <\/strong><em><strong>MasterChef Celebrity<\/strong><\/em><strong>, debe ser la que te llev\u00f3 a este presente en <\/strong><em><strong>Es mi sue\u00f1o<\/strong><\/em><strong>, el reality de canto que conduce Guido Kaczka&#8230;<\/strong><\/p>\n<p class=\"com-paragraph   --s\">\u2013Puede ser. Hay algo de la tele que me gusta, siempre me gust\u00f3, desde chico. Me gusta ir a la tele tanto a tocar como a participar de un show. Me divierte, siempre me gustaron los estudios de televisi\u00f3n, me parecen escenograf\u00edas de teatro. Los programas de chimento no, esos no me interesan, me parecen una porquer\u00eda.<\/p>\n<p class=\"com-paragraph   --s\"><strong>\u2013Esto no exist\u00eda cuando vos empezaste a tocar: formabas una banda de rock e ibas a aprendiendo sobre la marcha. \u00bfC\u00f3mo sos como juez, cuando ten\u00e9s que darle una respuesta a un participante?<\/strong><\/p>\n<p class=\"com-paragraph   --s\">\u2013Es una muy buena pregunta, lo fui aprendiendo con el correr de los programas. En el primero estaba re t\u00edmido. Para los participantes es su sue\u00f1o real cantar ah\u00ed. Lo ves en la televisi\u00f3n y por ah\u00ed frivoliz\u00e1s algo que en vivo es real. \u00bfPor qu\u00e9 lloran? Lo ves por la tele y te parece rid\u00edculo, pero est\u00e1 llorando porque esa persona est\u00e1 emocionada, es real y luch\u00f3 un mont\u00f3n para lograr llegar a ese lugar. Entonces ten\u00e9s que ser un poco en chiste como a m\u00ed me gusta, pero tambi\u00e9n responsable, porque est\u00e1s obrando sobre su destino, al menos a corto plazo.<\/p>\n<div class=\"content-media\">\n<section role=\"button\" class=\"mod-media   \">\n<figure role=\"button\" tabindex=\"0\" class=\"mod-figure \"><figcaption class=\"mod-figcaption\"><span class=\"com-text --caption --twoxs\">En diciembre, Joaqu\u00edn Levinton sufri\u00f3 un infarto. Una vez que tuvo el alta m\u00e9dico definitivo, se dedic\u00f3 a retomar sus proyectos y redoblar las apuestas para este 2026 <\/span><span class=\"com-text --credit --twoxs\">Soledad Aznarez<\/span><\/figcaption><\/figure>\n<\/section>\n<\/div>\n<p class=\"com-paragraph   --s\"><strong>\u2013Y lo que digas le va a quedar a esa persona. Todos recordamos alguna situaci\u00f3n violenta que vivimos con un maestro, un profesor&#8230;<\/strong><\/p>\n<p class=\"com-paragraph   --s\">\u2013S\u00ed, y adem\u00e1s que en el campo de lo que respecta al canto, si bien yo no soy una persona virtuosa, s\u00ed tengo recursos para aconsejarles. Si el participante supera la primera instancia, va a ir pasando y le es importante escuchar lo que uno aconseje porque la pr\u00f3xima vez lo va a hacer mejor. Me voy acomodando para el chiste y la seriedad en un mismo momento.<\/p>\n<p class=\"com-paragraph   --s\"><strong> \u2013Es el mismo sue\u00f1o que vos ten\u00edas hace treinta a\u00f1os cuando empezaste con Turf, el sue\u00f1o de tocar, de grabar un disco. \u00bfQu\u00e9 te acord\u00e1s de ese comienzo?<\/strong><\/p>\n<p class=\"com-paragraph   --s\">\u2013El sue\u00f1o de vivir de la m\u00fasica, el sue\u00f1o de escuchar la canci\u00f3n de uno en la radio. Ahora lo pon\u00e9s en tu celular, pero antes que sonara una canci\u00f3n tuya en una radio era una locura. Cuando yo escuch\u00e9 una canci\u00f3n m\u00eda por primera vez en la radio fue una sensaci\u00f3n \u00fanica de felicidad extrema.<\/p>\n<p class=\"com-paragraph   --s\"><strong>\u2013Qu\u00e9 canci\u00f3n fue?<\/strong><\/p>\n<p class=\"com-paragraph   --s\">\u2013\u201cCasanova\u201d. Fue una locura y ni te cuento que otros me dijeran \u201cescuch\u00e9 tu canci\u00f3n en la radio\u201d. Despu\u00e9s es verdad que yo estaba muy pre3determinado a lograr lo que quer\u00eda. Ni siquiera ten\u00eda otra idea por si fallaba.<\/p>\n<p><iframe loading=\"lazy\" title=\"Turf - Casanova\" width=\"1170\" height=\"878\" src=\"https:\/\/www.youtube.com\/embed\/hzN1a3AYLnQ?wmode=transparent&amp;rel=0&amp;feature=oembed\" frameborder=\"0\" allow=\"accelerometer; autoplay; clipboard-write; encrypted-media; gyroscope; picture-in-picture; web-share\" referrerpolicy=\"strict-origin-when-cross-origin\" allowfullscreen><\/iframe><\/p>\n<p class=\"com-paragraph   --s\"><strong>\u2013Los padres suelen aconsejar que haya un plan B&#8230;<\/strong><\/p>\n<p class=\"com-paragraph   --s\">\u2013Yo no ten\u00eda un plan B porque sab\u00eda que pod\u00eda hacer esto.<\/p>\n<p class=\"com-paragraph   --s\"><strong>\u2013\u00bfY la primera vez que escuchaste la m\u00fasica de \u201cPasos al costado\u201d cantada por una hinchada?<\/strong><\/p>\n<p class=\"com-paragraph   --s\">\u2013Es parte de la misma felicidad. Pens\u00e1 que yo voy a la cancha de River, toqu\u00e9 para River en el Monumental dos o tres veces, incluso con los jugadores en el escenario. Hay veces que estoy llegando a la cancha y est\u00e1n cantando el tema, parece que me lo est\u00e1n cantando a m\u00ed. \u00a1Entro y est\u00e1 sonando! Es tan loco y yo lo tengo asimilado como un mont\u00f3n de cosas que eran sue\u00f1os y que ya son casi cotidianas. Ser conocido, ser reconocido, que la gente conozca mis canciones, mi forma de ser. Es una realidad a la que ya me acostumbr\u00e9.<\/p>\n<p><iframe loading=\"lazy\" title=\"Yo soy Joaqu\u00edn\" width=\"1170\" height=\"878\" src=\"https:\/\/www.youtube.com\/embed\/QpFcY0WOTt8?wmode=transparent&amp;rel=0&amp;feature=oembed\" frameborder=\"0\" allow=\"accelerometer; autoplay; clipboard-write; encrypted-media; gyroscope; picture-in-picture; web-share\" referrerpolicy=\"strict-origin-when-cross-origin\" allowfullscreen><\/iframe><\/p>\n<p class=\"com-paragraph   --s\"><strong>\u2013Y otro sue\u00f1o cumplido es el disco solista que sacaste este a\u00f1o, <\/strong><em><strong>Yo soy Joaqu\u00edn<\/strong><\/em><strong>. \u00bfEs verdad que las canciones ya las ten\u00edas desde hace a\u00f1os?<\/strong><\/p>\n<p class=\"com-paragraph   --s\">\u2013S\u00ed, unos cuantos a\u00f1os, hace 14 a\u00f1os. Es verdad que fueron hechas en una situaci\u00f3n tan ca\u00f3tica, por as\u00ed decirlo, que qued\u00f3 escondido. Hubo una \u00e9poca en la que no par\u00e9 de hacer canciones. Fueron diez a\u00f1os sin parar. Hice los discos de Sponsors, la banda que tuve cuando se disolvi\u00f3 Turf; hice un disco de salsa, uno de dub, uno de rock crudo, otro de canciones lentas, otro con Cucho Parisi que se llama JoaCucho; un disco con Daniel Melingo y este solista. Todo eso est\u00e1 en mi computadora, terminado. <\/p>\n<p class=\"com-paragraph   --s\"><strong>\u2013Est\u00e1 solo ah\u00ed&#8230;<\/strong><\/p>\n<p class=\"com-paragraph   --s\">\u2013La vagancia era tal que yo nunca&#8230; No s\u00e9 c\u00f3mo se hace para tener mi propio nombre en Spotify. Ahora est\u00e1, o sea que ahora puedo empezar a ponerlo ah\u00ed porque ya estoy, pero alguien lo hizo por m\u00ed, yo no s\u00e9 hacerlo. <\/p>\n<p class=\"com-paragraph   --s\"><strong>\u2013Entonces es verdad cuando dec\u00edas que no sab\u00edas c\u00f3mo pagar Metrogas&#8230;<\/strong><\/p>\n<p class=\"com-paragraph   --s\">\u2013Exacto y con esto lo mismo. Pero ahora pongo Joaqu\u00edn Levinton y te aparece mi lugarcito ah\u00ed, en el que est\u00e1 este disco y en el que voy a empezar a subir cosas sin alterar lo dem\u00e1s. Estoy preparando el disco nuevo de Turf, tenemos el show por los 30 a\u00f1os [el s\u00e1bado 9 de mayo en C Art Media]. Hay un mont\u00f3n de proyectos con Turf y no tengo tiempo para tocar el disco solista, pero s\u00ed para contarles que sali\u00f3. Y lo saqu\u00e9 el 3 de marzo que es el d\u00eda de mi cumplea\u00f1os como un regalo m\u00edo para ustedes.<\/p>\n<div class=\"content-media\">\n<section role=\"button\" class=\"mod-media   \">\n<figure role=\"button\" tabindex=\"0\" class=\"mod-figure \"><figcaption class=\"mod-figcaption\"><span class=\"com-text --caption --twoxs\">Su disco, Yo soy Joaqu\u00edn, esper\u00f3 14 a\u00f1os por ver la luz<\/span><span class=\"com-text --credit --twoxs\">Soledad Aznarez<\/span><\/figcaption><\/figure>\n<\/section>\n<\/div>\n<p class=\"com-paragraph   --s\">El que pas\u00f3, el de los 51, no fue un cumplea\u00f1os m\u00e1s para Joaqu\u00edn. Por eso decidi\u00f3, en el festejo, reunir a la prensa para que escuche el disco solista y a sus amigos; al productor del disco, <strong>Ezequiel Araujo<\/strong> y a una banda capitaneada por el mismo productor para tocar algunos de los temas. Todo muy distendido. \u201cTeniendo en cuenta el infortunio que pas\u00e9 con respecto a mi salud, este cumplea\u00f1os fue una suerte de renacimiento. Esta cosa de sacar un disco tiene una m\u00edstica que me parece que es muy valiosa\u201d.<\/p>\n<p class=\"com-paragraph   --s\"><strong>\u2013Despu\u00e9s del susto que te pegaste, del episodio de salud, uno hubiese imaginado que ibas a tener un a\u00f1o m\u00e1s tranquilo, pero todo lo contario, se multiplicaron los proyectos&#8230;<\/strong><\/p>\n<p class=\"com-paragraph   --s\">\u2013El destino no as\u00ed lo quiso. En vez de la vida misma de decirme \u201ctomate el a\u00f1o sab\u00e1tico\u201d, me hizo como hacer de todo, pero no porque yo quiera, sale solo. Yo no soy un tipo que anda planificando el futuro. Saco conejos de una galera invisible, pero no llevo a todos lados la galera con el conejo guardado. Bueno este conejo, el disco, lo tuve guardado 14 a\u00f1os. Misteriosamente, todo pas\u00f3 al mismo tiempo. Yo empec\u00e9 el programa tambi\u00e9n el 3 de marzo, el d\u00eda de mi cumplea\u00f1os. Y ese mismo d\u00eda sali\u00f3 mi alfajor.<\/p>\n<p class=\"com-paragraph   --s\"><strong>\u2013Y el episodio de salud fue&#8230;<\/strong><\/p>\n<p class=\"com-paragraph   --s\">\u2013El 12 de diciembre. Todo sali\u00f3 y se dio como un nuevo comienzo. <\/p>\n<p class=\"com-paragraph   --s\"><strong>\u2013\u00bfC\u00f3mo lo viviste vos; te asustaste en el momento?<\/strong><\/p>\n<p class=\"com-paragraph   --s\">\u2013S\u00ed, asustarme me asust\u00e9. Te meten en una camilla que se mueve toda, no lleg\u00e1s m\u00e1s al Fern\u00e1ndez. Vuelvo a expresar mi agradecimiento eterno al Fern\u00e1ndez, a los doctores, enfermeros, a la salud p\u00fablica, a la educaci\u00f3n p\u00fablica, a nuestros recursos naturales; todo eso que uno ve que est\u00e1 siendo devastado hoy en d\u00eda, mi apoyo incondicional y la concientizaci\u00f3n de su importancia.<\/p>\n<div class=\"content-media\">\n<section role=\"button\" class=\"mod-media   \">\n<figure role=\"button\" tabindex=\"0\" class=\"mod-figure \"><figcaption class=\"mod-figcaption\"><span class=\"com-text --caption --twoxs\">Joaqu\u00edn Levinton al frente de Turf, en Cosqu\u00edn Rock 2022<\/span><span class=\"com-text --credit --twoxs\">Ignacio Arnedo<\/span><\/figcaption><\/figure>\n<\/section>\n<\/div>\n<p class=\"com-paragraph   --s\"><strong>\u2013Y saliste con mil proyectos, uno de ellos es tu alfajor&#8230;<\/strong><\/p>\n<p class=\"com-paragraph   --s\">\u2013El Pescado Ra\u00fal, que es incre\u00edble y de mis obras de arte es una de las m\u00e1s locas, qui\u00e9n se iba a imaginar que un alfajor pod\u00eda ser un pescado&#8230;<\/p>\n<p class=\"com-paragraph   --s\"><strong>\u2013Pero tambi\u00e9n te desmarcaste del resto porque los m\u00fasicos suelen tener un vino, no un alfajor&#8230;<\/strong><\/p>\n<p class=\"com-paragraph   --s\">\u2013Un vino no se llamar\u00eda Pescado Ra\u00fal&#8230;<\/p>\n<p class=\"com-paragraph   --s\"><strong>\u2013En el primer tema de <\/strong><em><strong>Yo soy Joaqu\u00edn<\/strong><\/em><strong> dec\u00eds que \u201ctrat\u00e1s de escapar de las tentaciones\u201d. \u00bfCu\u00e1les son esas tentaciones?<\/strong><\/p>\n<p class=\"com-paragraph   --s\">\u2013Hay un mont\u00f3n de tentaciones en la vida, de las cuales uno trata de ceder a algunas y a otras no. Es otra \u00e9poca de mi vida esa, tambi\u00e9n. Hay muchas cosas del disco que no est\u00e1n en este momento de mi vida. <\/p>\n<p class=\"com-paragraph   --s\"><strong>\u2013\u00bfAl componer te analiz\u00e1s un poco, pens\u00e1s en que por algo mostr\u00e1s ciertos temas que tienen letras muy \u00edntimas?<\/strong><\/p>\n<p class=\"com-paragraph   --s\">\u2013S\u00ed, por algo lo saqu\u00e9. A veces las canciones tienen algo tan m\u00e1gico que predicen el futuro. Hac\u00e9s una canci\u00f3n y despu\u00e9s la letra termina contando algo que te iba a pasar. Eso me sucedi\u00f3.<\/p>\n<div class=\"content-media\">\n<section role=\"button\" class=\"mod-media   \">\n<figure role=\"button\" tabindex=\"0\" class=\"mod-figure \"><figcaption class=\"mod-figcaption\"><span class=\"com-text --caption --twoxs\">Para Joaqu\u00edn Levinton, componer es &#8220;una suerte de catarsis&#8221; <\/span><span class=\"com-text --credit --twoxs\">Soledad Aznarez<\/span><\/figcaption><\/figure>\n<\/section>\n<\/div>\n<p class=\"com-paragraph   --s\"><strong>\u2013\u00bfCon cu\u00e1l te pas\u00f3?<\/strong><\/p>\n<p class=\"com-paragraph   --s\">\u2013\u201cEs el momento que todo comienza de vuelta en mi coraz\u00f3n, est\u00e1 alerta y el tuyo tambi\u00e9n&#8230;\u201d [\u201cPasos al costado\u201d]. Un mont\u00f3n de veces. Lo que pasa es que cuando vos hac\u00e9s una canci\u00f3n muchas veces la hac\u00e9s desde el subconsciente y no razon\u00e1s lo que est\u00e1 pasando. Es una suerte de catarsis. Te das cuenta de lo que dice despu\u00e9s de haberlo grabado, cuando la escuch\u00e1s. Sobre todo como compongo yo, que no lo hago como un trabajo ni lo pienso; compongo cuando me sale. Tampoco soy tan prol\u00edfico en este momento de mi vida. Hace treinta a\u00f1os que me dedico a esto, prefiero ir a pasear al perro. No soy de los loquitos de la m\u00fasica.<\/p>\n<p class=\"com-paragraph   --s\"><strong>\u2013\u00bfQu\u00e9 tiene esta etapa de Turf que es diferente a la anterior? \u00bfQue est\u00e1n m\u00e1s grandes?<\/strong><\/p>\n<p class=\"com-paragraph   --s\">\u2013No, estamos igual que siempre. Siempre buscando algo nuevo, ritmos nuevos, cosas que nos diviertan y sorprender al que escuche nuestra m\u00fasica. Divertirnos y divertir. Turf siempre es nuevo, nunca se copia de Turf. Eso es lo m\u00e1s genial que tenemos. Es un grupo chiflado.<\/p>\n<p class=\"com-paragraph   --s\"><strong>\u2013Cuando surgieron no hab\u00eda una banda de sus caracter\u00edsticas&#8230;<\/strong><\/p>\n<p class=\"com-paragraph   --s\">\u2013Siempre fuimos muy chiflados y eso lo puedo ver ahora. Antes lo \u00e9ramos y no me daba cuenta. Yo cuando canto o me pongo en acci\u00f3n me transformo en una lagartija fugitiva; ah\u00ed me dejo de ver y escuchar a m\u00ed mismo, ya no s\u00e9 lo que est\u00e1 pasando. Capaz ven\u00eda cansado, sin ganas de nada, pero se cuenta \u201cuno, dos, tres y cuatro\u201d y me transformo. No s\u00e9 lo que pasa y ellos tampoco saben por d\u00f3nde puede salir el tiro. Por suerte siempre termina saliendo bien, pero hay veces que digo: \u201cesto va a ser imposible\u201d, y de repente me encuentro colgado de un farol y no s\u00e9 c\u00f3mo sucedi\u00f3.<\/p>\n<div class=\"content-media\">\n<section role=\"button\" class=\"mod-media   \">\n<figure role=\"button\" tabindex=\"0\" class=\"mod-figure \"><figcaption class=\"mod-figcaption\"><span class=\"com-text --caption --twoxs\">&#8220;Soy una persona muy positiva, con mucha energ\u00eda&#8221;, reconoce Joaqu\u00edn Levinton<\/span><span class=\"com-text --credit --twoxs\">Soledad Aznarez<\/span><\/figcaption><\/figure>\n<\/section>\n<\/div>\n<p class=\"com-paragraph   --s\"><strong>\u2013\u00bfTen\u00e9s momentos tristes?<\/strong><\/p>\n<p class=\"com-paragraph   --s\">\u2013Si, si, ser\u00eda muy loco que no los tuviera. No soy as\u00ed, igual, soy una persona muy positiva, con mucha energ\u00eda. Mi familia es as\u00ed, mi mam\u00e1, mi papa; mis abuelos tambi\u00e9n, que en paz descansen, siempre fueron as\u00ed. A mi vieja la vi solo una vez triste. Mi pap\u00e1 tampoco, lo veo de otras maneras, pero triste nunca. Es gen\u00e9tico. Somos muy alegres nosotros. Nos juntamos desde siempre a cantar, contentos. Toco madera. Tengo una linda familia con buena suerte.<\/p>\n<p class=\"com-paragraph   --s\"><strong>\u2013Ten\u00e9s una hermana que te acompa\u00f1\u00f3 mucho&#8230;<\/strong><\/p>\n<p class=\"com-paragraph   --s\">\u2013Una hermana, Micaela y un hermano, Ezequiel. Micaela vive en Par\u00eds. Somos muy parecidos los tres.<\/p>\n<p class=\"com-paragraph   --s\"><strong>\u2013Tu fanatismo por Jorge Serrano se nota de a ratos en este primer disco solista&#8230;<\/strong><\/p>\n<p class=\"com-paragraph   --s\"> \u2013Tambi\u00e9n Leonardo Favio, Beach Boys, David Bowie, una manera de componer muy argentina y mucha poes\u00eda. Muy buena producci\u00f3n de Ezequiel Araujo, de disfrute auditivo. Tiene algo muy lindo el disco que no tiene deseo de venta, de desarrollo, de campa\u00f1a de marketing, de moda; es atemporal, solo pod\u00e9s disfrutarlo. Est\u00e1 compuesto por m\u00ed, no tiene otros compositores, no es un producto. Grab\u00e9 en mi casa de ese momento, sin un solo centavo para el disco y para nosotros. \u00a1Sin dinero en circulaci\u00f3n! Tiene muchas cosas especiales para que sea disfrutado sin pretensiones. No hay un hit. \u00bfCu\u00e1l es el corte? No hay, no me importa.<\/p>\n<div class=\"content-media\">\n<section role=\"button\" class=\"mod-media   \">\n<figure role=\"button\" tabindex=\"0\" class=\"mod-figure \"><figcaption class=\"mod-figcaption\"><span class=\"com-text --caption --twoxs\">Con su amigo y socio en Turf, Lea Lopat\u00edn<\/span><span class=\"com-text --credit --twoxs\">Santiago Filipuzzi &#8211; Santiago Filipuzzi<\/span><\/figcaption><\/figure>\n<\/section>\n<\/div>\n<p class=\"com-paragraph   --s\"><strong>\u2013Habl\u00e1s de deseo y en esta cultura del single el deseo se convierte r\u00e1pidamente en presi\u00f3n&#8230;<\/strong><\/p>\n<p class=\"com-paragraph   --s\">\u2013Tiene toda la profundidad del amor por la m\u00fasica, el deseo era simplemente hacerlo. Ahora, despu\u00e9s de tanto tiempo, estaba instalado el deseo de que saliera, el deseo de compartirlo. Es un obsequio, nadie pretende ganar plata con esto, no lo vamos a presentar. <\/p>\n<p class=\"com-paragraph   --s\"><strong>\u2013\u00bfPensaste en ser padre?<\/strong><\/p>\n<p class=\"com-paragraph   --s\">\u2013Me encantar\u00eda, pero no miro mucho a largo plazo, voy por a\u00f1o. Mi manera de pensar es: \u00bfqu\u00e9 cosas lindas quiero hacer este a\u00f1o? Me armo un lindo viaje. Pero lindo, a un lugar que no conozca, que me acuerde para siempre y con alguien especial que yo quiero, un amigo, una mujer. Un lindo proyecto: hacer un disco. Me pongo esos objetivos y los cumplo. Al a\u00f1o siguiente vienen otros. Siempre tienen que ver con algo musical, con hacer un viaje y con alguna chifladura. Esa es mi organizaci\u00f3n.<\/p>\n<p class=\"com-paragraph   --s\"><strong>\u2013\u00bfQu\u00e9 viaje te impact\u00f3?<\/strong><\/p>\n<p class=\"com-paragraph   --s\">\u2013Todos. Ponele, me fui a Jap\u00f3n. Lo pens\u00e9, lo planifiqu\u00e9. Como grabar un disco con Turf. Al a\u00f1o siguiente dije: Me voy a ver a Oasis a Manchester. La banda de mi vida. Planazo. No me lo voy a olvidar nunca y adem\u00e1s sacamos un disco. Y adopt\u00e9 un perro. Cosas muy trascendentales. \u00bfY este a\u00f1o? Me voy a China, saqu\u00e9 un alfajor, estoy en un programa de televisi\u00f3n, preparo un disco con Turf y mi perra Salsa cumpli\u00f3 1 a\u00f1o el 3 de marzo, igual que yo. Este a\u00f1o me tiene en sorpresa, muy emocionante, porque estoy haciendo de todo. M\u00e1s no existe porque no tengo m\u00e1s tiempo.<\/p>\n<section class=\"container-center-100 mb-40 border border-bottom border-thin border-neutral-light-700\">\n<hr\/>\n<\/section>\n<\/div>\n<p><script id=\"facebookpixel\" defer=\"\" type=\"text\/javascript\">\n        !function(f,b,e,v,n,t,s)\n        {if(f.fbq)return;n=f.fbq=function(){n.callMethod?\n        n.callMethod.apply(n,arguments):n.queue.push(arguments)};\n        if(!f._fbq)f._fbq=n;n.push=n;n.loaded=!0;n.version='2.0';\n        n.queue=[];t=b.createElement(e);t.async=!0;\n        t.src=v;s=b.getElementsByTagName(e)[0];\n        s.parentNode.insertBefore(t,s)}(window, document,'script',\n        '\n        fbq('init', '492459597522335');\n        fbq('track', 'PageView');\n    <\/script><\/p>\n","protected":false},"excerpt":{"rendered":"<p>&gt;LA NACION&gt;Espect\u00e1culos&gt;M\u00fasica 2 de mayo de 2026 00:01 13 minutos de lectura&#8216; Era el partido de su vida. Volaba por la punta derecha, volaba por la franja izquierda. Su presencia en el mediocampo recordaba el andar de Fernando Redondo. Incluso tap\u00f3 varios mano a mano como el mejor de los arqueros. Pero son\u00f3 el silbato [&hellip;]<\/p>\n","protected":false},"author":2,"featured_media":88166,"comment_status":"","ping_status":"","sticky":false,"template":"","format":"standard","meta":{"footnotes":""},"categories":[14],"tags":[],"_links":{"self":[{"href":"https:\/\/maxradio923.com.ar\/index.php\/wp-json\/wp\/v2\/posts\/88165"}],"collection":[{"href":"https:\/\/maxradio923.com.ar\/index.php\/wp-json\/wp\/v2\/posts"}],"about":[{"href":"https:\/\/maxradio923.com.ar\/index.php\/wp-json\/wp\/v2\/types\/post"}],"author":[{"embeddable":true,"href":"https:\/\/maxradio923.com.ar\/index.php\/wp-json\/wp\/v2\/users\/2"}],"replies":[{"embeddable":true,"href":"https:\/\/maxradio923.com.ar\/index.php\/wp-json\/wp\/v2\/comments?post=88165"}],"version-history":[{"count":0,"href":"https:\/\/maxradio923.com.ar\/index.php\/wp-json\/wp\/v2\/posts\/88165\/revisions"}],"wp:featuredmedia":[{"embeddable":true,"href":"https:\/\/maxradio923.com.ar\/index.php\/wp-json\/wp\/v2\/media\/88166"}],"wp:attachment":[{"href":"https:\/\/maxradio923.com.ar\/index.php\/wp-json\/wp\/v2\/media?parent=88165"}],"wp:term":[{"taxonomy":"category","embeddable":true,"href":"https:\/\/maxradio923.com.ar\/index.php\/wp-json\/wp\/v2\/categories?post=88165"},{"taxonomy":"post_tag","embeddable":true,"href":"https:\/\/maxradio923.com.ar\/index.php\/wp-json\/wp\/v2\/tags?post=88165"}],"curies":[{"name":"wp","href":"https:\/\/api.w.org\/{rel}","templated":true}]}}