{"id":88163,"date":"2026-05-02T00:07:03","date_gmt":"2026-05-02T03:07:03","guid":{"rendered":"https:\/\/maxradio923.com.ar\/index.php\/2026\/05\/02\/valeria-gastaldi-el-caos-que-casi-destruye-a-bandana-el-dolor-por-la-muerte-de-su-padre-y-el-mito-de-su-boda-con-alejandro-sanz\/"},"modified":"2026-05-02T00:07:03","modified_gmt":"2026-05-02T03:07:03","slug":"valeria-gastaldi-el-caos-que-casi-destruye-a-bandana-el-dolor-por-la-muerte-de-su-padre-y-el-mito-de-su-boda-con-alejandro-sanz","status":"publish","type":"post","link":"https:\/\/maxradio923.com.ar\/index.php\/2026\/05\/02\/valeria-gastaldi-el-caos-que-casi-destruye-a-bandana-el-dolor-por-la-muerte-de-su-padre-y-el-mito-de-su-boda-con-alejandro-sanz\/","title":{"rendered":"Valeria Gastaldi: el caos que casi destruye a Bandana, el dolor por la muerte de su padre y el mito de su boda con Alejandro Sanz"},"content":{"rendered":"<p><\/p>\n<div>\n<p class=\"com-paragraph  --capital --s\">A 25 a\u00f1os de aquel fen\u00f3meno televisivo y musical que convirti\u00f3 a Bandana en un \u00edcono del pop argentino, <strong>Valeria Gastaldi<\/strong> vive este presente con la misma emoci\u00f3n que en los comienzos, pero con otra madurez. <\/p>\n<p class=\"com-paragraph   --s\">Despu\u00e9s de dos funciones agotadas en el Gran Rex y con una tercera fecha ya confirmada para el 23 de septiembre, la banda reafirma el v\u00ednculo intacto con sus fans. <strong>\u201cCreo que Bandana tiene el mejor p\u00fablico\u201d<\/strong>, asegura la cantante sorprendida por la fidelidad de una generaci\u00f3n que creci\u00f3 con ellas y que hoy vuelve a acompa\u00f1arlas con la misma intensidad.<\/p>\n<p class=\"com-paragraph   --s\">Sin embargo, el regreso no estuvo exento de turbulencias. El a\u00f1o pasado, una fuerte crisis interna y la salida moment\u00e1nea de Lissa Vera pusieron en duda la continuidad del proyecto. <strong>\u201cSent\u00ed que explotaba todo por el aire\u201d<\/strong>, admite Gastaldi, que fue una de las que m\u00e1s trabaj\u00f3 para sostener el grupo puertas adentro. El conflicto termin\u00f3 fortaleciendo el lazo entre las integrantes y hoy hay Bandana para rato: al show en el Gran Rex, se suma una gira por el interior del pa\u00eds, un documental y temas nuevos. <\/p>\n<p class=\"com-paragraph   --s\">Radicada en los Estados Unidos desde la pandemia, donde desarroll\u00f3 su faceta como compositora y reconstruy\u00f3 su vida tras la muerte de su padre, el empresario Marcos Gastaldi, Valeria se anima a <strong>hablar del duelo, de las canciones que escribi\u00f3 para sanar y hasta de aquel romance juvenil con Alejandro Sanz<\/strong>, a quien recuerda como \u201cun amor divino y m\u00e1gico\u201d. <\/p>\n<p class=\"com-paragraph   --s\"><strong>\u201425 a\u00f1os de Bandana y en septiembre se viene otro Gran Rex\u2026<\/strong><\/p>\n<p class=\"com-paragraph   --s\">\u2014S\u00ed, los sue\u00f1os se siguen cumpliendo porque se viene un nuevo Gran Rex: el tercero. Los primeros dos estuvieron <em>sold out<\/em> entonces dijimos: \u201cVamos a animarnos a hacer uno m\u00e1s\u201d. Creo que Bandana tiene el mejor p\u00fablico, de verdad. Tambi\u00e9n, vamos a empezar una gira por el interior del pa\u00eds porque hay mucho agradecimiento, mucha gratitud de parte de la gente. As\u00ed que estamos dise\u00f1ando una gira para estar en ciudades que no hemos estado. El 11 de julio estaremos en Resistencia, Chaco, donde nunca fuimos. Despu\u00e9s volvemos al espacio Quality en C\u00f3rdoba en septiembre, al Bioceres en Rosario y estamos terminando de cerrar Mendoza. <\/p>\n<div class=\"content-media\">\n<section role=\"button\" class=\"mod-media   \">\n<figure role=\"button\" tabindex=\"0\" class=\"mod-figure \"><figcaption class=\"mod-figcaption\"><span class=\"com-text --caption --twoxs\">Bandana en el festejo por sus 25 a\u00f1os en el Gran Rex<\/span><span class=\"com-text --credit --twoxs\">Tadeo Bourbon <\/span><\/figcaption><\/figure>\n<\/section>\n<\/div>\n<p class=\"com-paragraph   --s\"><strong>\u2014El a\u00f1o pasado hubo un quiebre que casi arruina la vuelta\u2026 <\/strong><\/p>\n<p class=\"com-paragraph   --s\">\u2014Lo pudimos remontar. Justo en estos d\u00edas que estamos trabajando mucho y nos encontramos de nuevo, recapitulamos todo el tiempo el caos del a\u00f1o pasado y decimos: \u201c\u00bfC\u00f3mo pas\u00f3 esto?\u201d. Pero bueno, nosotras somos muy reales. Si bien cada una tiene sus cosas s\u00faper locas y distintas, somos muy reales. Hab\u00eda y hay mucho inter\u00e9s sobre Bandana y sobre nuestras vidas, y sin planificarlo se dio el tema de Lourdes, que fue muy serio y empez\u00f3 a tomar una dimensi\u00f3n que nosotras nunca imaginamos. Lo quer\u00edamos mantener puertas adentro, se descontrol\u00f3 y a partir de ah\u00ed se arm\u00f3 como una cosa medi\u00e1tica que, claro, se empez\u00f3 a perder de vista el objetivo inicial que era: Bandana se re\u00fane de nuevo para celebrar los 25 a\u00f1os y a retomar esos proyectos que ten\u00edamos pendientes desde 2016 y que hab\u00edan surgido con Bandana, la vuelta. Se nos empez\u00f3 a ir todo de las manos. Lissa empez\u00f3 a sufrir estr\u00e9s y hoy la entendemos todas. A ella le peg\u00f3 para un lado, a nosotras nos peg\u00f3 para otro.<\/p>\n<p class=\"com-paragraph   --s\"><strong>\u2014\u00bfC\u00f3mo te peg\u00f3 todo eso?<\/strong><\/p>\n<p class=\"com-paragraph   --s\">\u2014Trat\u00e9 obviamente de apaciguar, de proteger a Lourdes lo m\u00e1s que pude. Ayudarla mucho desde el lado personal. No fue f\u00e1cil. Obviamente, la que m\u00e1s lo sufri\u00f3 fue ella. Pero s\u00ed vimos que el grupo, m\u00e1s all\u00e1 del trabajo, tiene una calidad humana que es lo que hace que Bandana tenga la potencia que tiene hoy. Nos subimos arriba del escenario, nos agarramos de la mano las cuatro y lo que pasa entre nosotras es real; lo bueno y lo malo. Y creo que eso tambi\u00e9n fue un mensaje lindo para la gente de decir: \u201cBueno, estas cosas pasan entre las amigas que son equipo de trabajo s\u00f3lido, entre las mejores amigas, entre las parejas. A veces explota todo por el aire y hay que reacomodar las fichas\u201d.<\/p>\n<p class=\"com-paragraph   --s\"><strong>\u2014\u00bfSentiste que explotaba todo por el aire en el momento?<\/strong><\/p>\n<p class=\"com-paragraph   --s\">\u2014S\u00ed, la verdad que s\u00ed. A nivel convivencia era insostenible. Los cortocircuitos se iban moviendo de lugar y las que est\u00e1bamos por ah\u00ed m\u00e1s tranquilas empezamos a entender lo que le pasaba a una, lo que le pasaba a la otra. Y tambi\u00e9n empezamos todas a sanar un mont\u00f3n de cuestiones que por ah\u00ed estaban medio en cortocircuito desde hace un mont\u00f3n de tiempo. Aprovechamos para arreglarlo profundamente.<\/p>\n<p class=\"com-paragraph   --s\"><strong>\u2014Es que hab\u00eda que volver a un escenario, con la posibilidad de hacer una pel\u00edcula y temas musicales\u2026 No era solamente sanar como grupo y ver qu\u00e9 les hab\u00eda pasado en estos 25 a\u00f1os<\/strong><\/p>\n<p class=\"com-paragraph   --s\">\u2014Claro, adem\u00e1s ya hab\u00eda muchas propuestas andando y todo organizado. Nos pas\u00f3 con la conferencia de prensa que est\u00e1bamos listas y, de repente, \u00e9ramos tres. Pero la gente nos ama tanto que por respeto a ellos las tres que est\u00e1bamos ah\u00ed, dijimos: \u201cHag\u00e1moslo. Esto sigue adelante. Nosotros tenemos un compromiso con la gente, esto sigue adelante\u201d. Y despu\u00e9s Lissa por suerte dijo: \u201cPar\u00e1, yo no me lo quiero perder\u201d. Sin ella es como si faltara un ri\u00f1\u00f3n. Cuando hicimos los dos Gran Rex el 6 y 7 de marzo la gente entendi\u00f3 que Bandana hab\u00eda regresado y a su casa, que es el Rex. Fue un nivel de magia\u2026 Volvi\u00f3 Banana pisando muy fuerte. Eso fue lo que nos hizo lanzar el tercero y planificar la gira. <\/p>\n<div class=\"content-media\">\n<section role=\"button\" class=\"mod-media   \">\n<figure role=\"button\" tabindex=\"0\" class=\"mod-figure \"><figcaption class=\"mod-figcaption\"><span class=\"com-text --caption --twoxs\">Hace 25 a\u00f1os Lowrdez, Valeria, Ivonne, Virginia y Lissa ganaron Popstars y se convirtieron en Bandana<\/span><\/figcaption><\/figure>\n<\/section>\n<\/div>\n<p class=\"com-paragraph   --s\"><strong>\u2014\u00bfTe gustar\u00eda que por un ratito vuelva Ivonne? <\/strong><\/p>\n<p class=\"com-paragraph   --s\">\u2014Ya no s\u00e9 si va a suceder eso, pero no importa.<\/p>\n<p class=\"com-paragraph   --s\"><strong>\u2014\u00bfNo lo ves posible?<\/strong><\/p>\n<p class=\"com-paragraph   --s\">\u2014No, no lo veo. En un momento ella ten\u00eda ganas pero despu\u00e9s como que no le result\u00f3 org\u00e1nico. Y creo que a nosotras tampoco. Como somos nosotras cuatro, sino es algo demasiado natural y honesto, sentimos que no iba a cuadrar y que iba a ser un esfuerzo innecesario de ella. Son muchos a\u00f1os que venimos trabajando de a cuatro, entonces todas dijimos: \u201cEsto es medio raro, es muy forzado\u201d. <\/p>\n<p class=\"com-paragraph   --s\"><strong>\u2014Cuando ganaste <\/strong><em><strong>Popstars<\/strong><\/em><strong>, de todas eras la que m\u00e1s conoc\u00eda este medio por tu pap\u00e1 y por Marcela Tinayre\u2026 <\/strong><\/p>\n<p class=\"com-paragraph   --s\">\u2014En realidad, cuando quedo en Bandana mi pap\u00e1 la conoce a Marcela. Pero bueno, despu\u00e9s por muchos a\u00f1os yo conoc\u00ed el mundo de la tele por ellos. Si bien yo estaba en Bandana y Bandana era el suceso que siempre fue, el mundo de la m\u00fasica se diferencia un mont\u00f3n del mundo de la tele. A nosotras nos pas\u00f3 algo muy loco. Ahora ya las chicas que se anoten en <em>Popstars<\/em> van a saber lo que va a suceder pero nosotras no sab\u00edamos nada.<\/p>\n<p class=\"com-paragraph   --s\"><strong>\u2014\u00bfC\u00f3mo lo viviste vos en ese momento? \u00bfTe cost\u00f3 mucho?<\/strong><\/p>\n<p class=\"com-paragraph   --s\">\u2014Yo soy una persona que no miro mucho para atr\u00e1s. No me gusta mirar lo que no estuvo bien. Prefiero agarrar del pasado lo que estuvo buen\u00edsimo, crecer y mirar para adelante. Cuando alguna de las chicas est\u00e1 muy en el pasado, le digo: \u201c\u00bfPor qu\u00e9 no pensamos en los \u2019s\u00ed\u2019 y miramos para adelante?\u201d. Esta vuelta es todo un proceso que hicimos nosotras cuatro solas, con mucha madurez. Si bien hay toda una estructura enorme alrededor nuestro, es algo que generamos nosotras de cero. Y si no hubi\u00e9ramos vivido eso, hoy no estar\u00edamos viviendo esto. As\u00ed que yo soy muy del agradecimiento. La vida siempre me dio cosas buenas. <\/p>\n<p class=\"com-paragraph   --s\"><strong>\u2014\u00bfQu\u00e9 dicen tus hijos? \u00bfTe vieron cantar?<\/strong><\/p>\n<p class=\"com-paragraph   --s\">\u2014Saben que me dedico a la m\u00fasica pero, por ejemplo, el m\u00e1s chiquitito (que tiene 4 a\u00f1os) me ve en un video y no termina de entender. Cuando vine para hacer los Rex fue la primera vez que lo dej\u00e9 tantos d\u00edas. Lo dej\u00e9 15 d\u00edas y fue un desaf\u00edo dif\u00edcil para m\u00ed y para \u00e9l. \u00c9l se dorm\u00eda a la noche mirando las im\u00e1genes de los ensayos y despu\u00e9s del primer Rex. Mi segunda madre (la persona que me cuidaba a m\u00ed cuando era chica) ahora vive casualmente en los Estados Unidos entonces se turnaba con mi mam\u00e1 y le daba el tel\u00e9fono para que me mire. <\/p>\n<p class=\"com-paragraph   --s\"><strong>\u2014\u00bfY los otros?<\/strong><\/p>\n<p class=\"com-paragraph   --s\">\u2014El m\u00e1s grande vio todo mi proceso. El del medio (que tiene 11) me vio en todos los Lola Membrives. Era chiquito en ese momento pero \u00e9l sabe a lo que me dedico. Yo lanc\u00e9 canciones de solista estando en los Estados Unidos, he ido a trabajar a M\u00e9xico, entonces ellos me tienen m\u00e1s vinculada con la m\u00fasica.<\/p>\n<div class=\"content-media\">\n<section role=\"button\" class=\"mod-media   \">\n<figure role=\"button\" tabindex=\"0\" class=\"mod-figure \"><figcaption class=\"mod-figcaption\"><span class=\"com-text --caption --twoxs\">La cantante junto a su marido y sus hijos<\/span><span class=\"com-text --credit --twoxs\">Pilar Bustelo<\/span><\/figcaption><\/figure>\n<\/section>\n<\/div>\n<p class=\"com-paragraph   --s\"><strong>\u2014\u00bfY les gusta? \u00bfLes divierte?<\/strong><\/p>\n<p class=\"com-paragraph   --s\">\u2014S\u00ed, les divierte mucho. No entienden tanto en realidad. Su pap\u00e1 tambi\u00e9n produce shows de m\u00fasica. Pero ellos no salieron muy m\u00fasicos. El m\u00e1s grande es muy futbolero, el del medio tiene pasi\u00f3n por la F\u00f3rmula 1. Quiere ser corredor. Mi viejo ten\u00eda mucha conexi\u00f3n con la F\u00f3rmula 1, entonces agarraron para esos lados.<\/p>\n<p class=\"com-paragraph   --s\"><strong>\u2014\u00bfPor qu\u00e9 te fuiste a vivir a los Estados Unidos?<\/strong><\/p>\n<p class=\"com-paragraph   --s\">\u2014En la pandemia con mi marido necesit\u00e1bamos cambiar de aire. En mi caso, yo hab\u00eda perdido a pap\u00e1 y sucedieron cosas en la pandemia que a m\u00ed me dolieron mucho como el final de su vida, las reglas que hab\u00eda ac\u00e1 y el no haberlo podido acompa\u00f1ar. A m\u00ed eso me rompi\u00f3 el coraz\u00f3n. A nivel social obviamente el discurso era cuidarnos entre todos pero siento que se podr\u00eda haber hecho algo para que nuestros seres queridos no se mueran sin tener a sus hijos, a su mujer, a sus hermanos agarr\u00e1ndoles la mano. Eso me pareci\u00f3 muy doloroso. En un momento nos fuimos a vacunar (cuando ya se pod\u00eda viajar) y ah\u00ed dijimos: \u201c\u00bfPor qu\u00e9 no probamos de venir un tiempo?\u201d. Yo estaba rota a nivel emocional y me ven\u00eda bien cambiar de aire. Y a mi marido le entusiasmaba probar esa experiencia de vida. \u00c9l hab\u00eda querido toda su vida vivir un tiempo afuera en cualquier pa\u00eds del mundo. Con su socio planeaban agrandar la empresa y abrir en M\u00e9xico. <\/p>\n<p class=\"com-paragraph   --s\"><strong>\u2014Vos te dedicaste a desarrollar mucho tu faceta como compositora all\u00e1\u2026<\/strong><\/p>\n<p class=\"com-paragraph   --s\">\u2014S\u00ed,<strong> <\/strong>ten\u00eda muchas ganas de ampliar mi carrera solista y mi carrera como compositora, que fue el primer objetivo all\u00e1. Me firm\u00f3 Sony Publishing entonces empec\u00e9 a desarrollarme en ese aspecto y ah\u00ed empec\u00e9 tambi\u00e9n a sanar un poquitito ese dolor de lo que hab\u00eda pasado ac\u00e1. Obviamente que yo amo mi pa\u00eds y ahora estoy viniendo mucho por Bandana. Y tambi\u00e9n por mi carrera solista porque los que me siguen me quieren ver tambi\u00e9n arriba del escenario con mis temas.<\/p>\n<div class=\"content-media\">\n<section role=\"button\" class=\"mod-media   \">\n<figure role=\"button\" tabindex=\"0\" class=\"mod-figure \"><figcaption class=\"mod-figcaption\"><span class=\"com-text --caption --twoxs\">Valeria Gastaldi no s\u00f3lo desarroll\u00f3 una carrera solista sino que escribe temas para otros artistas como Carlos Rivera y David Bisbal<\/span><span class=\"com-text --credit --twoxs\">Tadeo Bourbon <\/span><\/figcaption><\/figure>\n<\/section>\n<\/div>\n<p class=\"com-paragraph   --s\"><strong>\u2014Hay una canci\u00f3n que le dedicaste a tu viejo, \u00bfno?<\/strong><\/p>\n<p class=\"com-paragraph   --s\">\u2014Le hice varias. Son canciones muy tristes pero muy profundas, con un contenido emocional muy fuerte y la gente las valora un mont\u00f3n. Y ese abrazo de la gente hacia m\u00ed me empez\u00f3 a hacer muy bien. Y a la gente tambi\u00e9n, porque volv\u00ed a sentir eso de que pod\u00e9s curar al otro con la m\u00fasica. Por ah\u00ed Bandana va por el lado m\u00e1s festivo, y con mis canciones como solista mucha gente se me acerca y me dice: \u201cMe acompa\u00f1aste en el momento m\u00e1s dif\u00edcil de mi vida cuando perd\u00ed a mi madre, cuando perd\u00ed a mi padre\u201d. <\/p>\n<p class=\"com-paragraph   --s\"><strong>\u2014\u00bfPodemos nombrar a alguno de los artistas para los que compon\u00e9s? <\/strong><\/p>\n<p class=\"com-paragraph   --s\">\u2014Obvio, le hice a Carlos Rivera, a David Bisbal, le hice a Juana (Viale) la apertura de su programa, que es un \u00e9xito y cada vez crece m\u00e1s. Ella tiene la canci\u00f3n ya hace un mont\u00f3n de a\u00f1os y se la hice especialmente para ella, \u201cJuana contigo\u201d, y me encanta esa cercan\u00eda que ella logr\u00f3 con la gente. Y bueno, lo de Carlos Rivera tambi\u00e9n. Cuando me mandan la canci\u00f3n cantada por \u00e9l, yo lloraba. Hice tambi\u00e9n algunas cositas para las series de Story Lab, la productora de Nacho Viale. En realidad me llam\u00f3 Diego Palacios que es su socio; Nacho ni sab\u00eda. Sali\u00f3 muy bien eso.<\/p>\n<p class=\"com-paragraph   --s\"><strong>\u2014\u00bfTe gusta componer? \u00bfLo disfrut\u00e1s?<\/strong><\/p>\n<p class=\"com-paragraph   --s\">\u2014S\u00ed, un mont\u00f3n. Disfruto mucho mi parte de compositora y ver qui\u00e9n va a cantar esa canci\u00f3n. <\/p>\n<div class=\"content-media\">\n<section role=\"button\" class=\"mod-media   \">\n<figure role=\"button\" tabindex=\"0\" class=\"mod-figure \"><figcaption class=\"mod-figcaption\"><span class=\"com-text --caption --twoxs\">Valeria record\u00f3 a su pap\u00e1, Marcos Gastaldi; qui\u00e9n muri\u00f3 en plena pandemia <\/span><span class=\"com-text --credit --twoxs\">HOLA<\/span><\/figcaption><\/figure>\n<\/section>\n<\/div>\n<p class=\"com-paragraph   --s\"><strong>\u2014Volviendo a esto que vos cont\u00e1s que le pas\u00f3 a tantos argentinos&#8230; \u00bfEn tu caso, hac\u00eda tiempo que no lo ve\u00edas a tu pap\u00e1?<\/strong><\/p>\n<p class=\"com-paragraph   --s\">\u2014Yo lo iba a ver pero hab\u00eda que tener una restricci\u00f3n muy fuerte porque como \u00e9l estaba ya muy enfermo, estaba fr\u00e1gil como un papel. Entonces hab\u00eda que tener mucho cuidado y hab\u00eda toda una log\u00edstica muy estricta. Pero yo lo iba a ver todos los d\u00edas. Ya al final \u00e9l me dec\u00eda: \u201cAnd\u00e1 a hacer tus cosas\u201d, \u201cAndate a tu casa\u201d, \u201cAnd\u00e1 con tus hijos\u201d. Fue muy loco porque el d\u00eda que \u00e9l se rompe, que su salud colapsa, hac\u00eda dos d\u00edas que yo sent\u00eda algo raro. Ese d\u00eda, su enfermero me dijo: \u201cLo veo raro, ven\u00ed\u201d y no pude ir porque algo en m\u00ed sab\u00eda que ya no\u2026 Cuando lleg\u00f3 con la ambulancia al hospital, fue todo siniestro. Lo ten\u00edan envuelto en un pl\u00e1stico por si ten\u00eda Covid. Me acuerdo que lo abrac\u00e9, me tir\u00e9 arriba de la camilla. Justo Marcela tambi\u00e9n entr\u00f3, lo abraz\u00f3 y no nos lo dejaron ver m\u00e1s. Lo subieron a un ascensor con enfermeros y nunca m\u00e1s. Eso fue una locura. Eso est\u00e1 mal. \u00c9l adem\u00e1s muri\u00f3 de otra cosa. Le empez\u00f3 a fallar el sistema renal por el tipo de enfermedad que ten\u00eda.<\/p>\n<p class=\"com-paragraph   --s\"><strong>\u2014\u00bf\u00c9l fallece despu\u00e9s de estar internado?<\/strong><\/p>\n<p class=\"com-paragraph   --s\">\u2014S\u00ed, estuvo ocho o diez d\u00edas internado y no lo pudimos ver. Todos los d\u00edas hab\u00eda un parte. Era desesperante esperar que alguien nos diga algo. <\/p>\n<p class=\"com-paragraph   --s\"><strong>\u2014\u00bfY c\u00f3mo te enteraste?<\/strong><\/p>\n<p class=\"com-paragraph   --s\">\u2014Lo llamaron a un hermano m\u00edo, fue dur\u00edsimo. Tuvo un paro card\u00edaco. Yo ese d\u00eda estaba en la cama y mi cuarto se ilumin\u00f3 todo como de una luz amarilla que yo nunca vi en mi vida. Y al toque mi hermano llama y dice: \u201cPap\u00e1 tuvo un paro, pero lo revivieron\u201d. A la media hora muri\u00f3. Me fui a ba\u00f1ar r\u00e1pido para ir al hospital. Todos dijimos: \u201cVamos a darle un beso, a abrazarlo, a decirle adi\u00f3s\u201d y no llegamos. Igual no nos iban a dejar entrar. Me fui encontrando con tanta gente que sufri\u00f3 eso\u2026<\/p>\n<p class=\"com-paragraph   --s\"><strong>\u2014Y esa se\u00f1al que ilumin\u00f3 tu cuarto, \u00bfte volvi\u00f3 a pasar?<\/strong><\/p>\n<p class=\"com-paragraph   --s\">\u2014Yo siento que fue \u00e9l que vino a despedirse. Despu\u00e9s so\u00f1\u00e9 con \u00e9l apenas me hab\u00eda mudado a los Estados Unidos. Yo estaba en el sue\u00f1o agarr\u00e1ndome de su pierna y \u00e9l desaparec\u00eda. Despu\u00e9s cuando uno se informa, parece que no les gusta a los que est\u00e1n en otro plano que los retengas y ah\u00ed se tard\u00f3 much\u00edsimo tiempo en volver a aparecer en mis sue\u00f1os. Despu\u00e9s lo volv\u00ed a ver una vez muy sonriente, muy feliz, muy pleno. Yo creo en esas cosas. Uno aprende a vivir con ese dolor, aprende a vivir sabiendo que esa persona est\u00e1 en ese otro lugar y se sale adelante, que eso es lo m\u00e1s importante.<\/p>\n<p class=\"com-paragraph   --s\"><strong>\u2014Tuviste un romance con Ale Sanz. \u00bfTe casaste con \u00e9l?<\/strong> <\/p>\n<p class=\"com-paragraph   --s\">\u2014No, no, no me cas\u00e9 en el mar (risas). Te juro que fue re loco y me causa gracia. Creo que justo estaba viajando para ac\u00e1 y veo en una revista mi cara y la de \u00e9l, diciendo: \u201c\u00bfSe casan?\u201d. Yo dije: \u201c\u00bfLe habr\u00e1 dicho \u00e9l a alguien, porque a m\u00ed no me lo dijo?\u201d. No me acuerdo si despu\u00e9s de ah\u00ed estuvimos un tiempo m\u00e1s. Yo era muy chica, \u00e9l tambi\u00e9n aunque era bastante m\u00e1s grande que yo en esa \u00e9poca. Ahora est\u00e1 espectacular, es como si no le hubiese pasado el tiempo. <\/p>\n<p class=\"com-paragraph   --s\"><strong>\u2014\u00bfEstando en Miami no te lo cruzaste?<\/strong><\/p>\n<p class=\"com-paragraph   --s\">\u2014No me lo cruc\u00e9 nunca todav\u00eda. S\u00ed me ha pasado de estar en un lugar y despu\u00e9s ver alguna noticia que \u00e9l estuvo ah\u00ed pero no nos cruzamos (risas).<\/p>\n<p class=\"com-paragraph   --s\"><strong>\u2014\u00bfFue un lindo amor?<\/strong><\/p>\n<p class=\"com-paragraph   --s\">\u2014S\u00ed, divino. Fue de esos amores s\u00faper m\u00e1gicos. \u00c9l hizo una canci\u00f3n que me la escribi\u00f3 a m\u00ed y yo escrib\u00ed algunas partes. \u00c9l me lo propuso y yo hasta el momento s\u00f3lo hab\u00eda compuesto las canciones de mi primer disco y me pareci\u00f3 un re lindo gesto. Siempre sent\u00ed mucha admiraci\u00f3n por \u00e9l. Escrib\u00ed lo que \u00e9l us\u00f3 despu\u00e9s en el estribillo. <\/p>\n<p><iframe loading=\"lazy\" title=\"En la planta de tus pies\" width=\"1170\" height=\"878\" src=\"https:\/\/www.youtube.com\/embed\/4eQUSQWsOrQ?wmode=transparent&amp;rel=0&amp;feature=oembed\" frameborder=\"0\" allow=\"accelerometer; autoplay; clipboard-write; encrypted-media; gyroscope; picture-in-picture; web-share\" referrerpolicy=\"strict-origin-when-cross-origin\" allowfullscreen><\/iframe><\/p>\n<p class=\"com-paragraph   --s\"><strong>\u2014\u00bfCu\u00e1l es la canci\u00f3n?<\/strong><\/p>\n<p class=\"com-paragraph   --s\">\u2014\u201cEn la planta de tus pies\u201d. En ese momento, yo estaba re flasheada de que me escriba esas cosas. \u00c9l es espectacular. <\/p>\n<section class=\"container-center-100 mb-40 border border-bottom border-thin border-neutral-light-700\">\n<hr\/>\n<\/section>\n<\/div>\n<p><script id=\"facebookpixel\" defer=\"\" type=\"text\/javascript\">\n        !function(f,b,e,v,n,t,s)\n        {if(f.fbq)return;n=f.fbq=function(){n.callMethod?\n        n.callMethod.apply(n,arguments):n.queue.push(arguments)};\n        if(!f._fbq)f._fbq=n;n.push=n;n.loaded=!0;n.version='2.0';\n        n.queue=[];t=b.createElement(e);t.async=!0;\n        t.src=v;s=b.getElementsByTagName(e)[0];\n        s.parentNode.insertBefore(t,s)}(window, document,'script',\n        '\n        fbq('init', '492459597522335');\n        fbq('track', 'PageView');\n    <\/script><\/p>\n","protected":false},"excerpt":{"rendered":"<p>A 25 a\u00f1os de aquel fen\u00f3meno televisivo y musical que convirti\u00f3 a Bandana en un \u00edcono del pop argentino, Valeria Gastaldi vive este presente con la misma emoci\u00f3n que en los comienzos, pero con otra madurez. Despu\u00e9s de dos funciones agotadas en el Gran Rex y con una tercera fecha ya confirmada para el 23 [&hellip;]<\/p>\n","protected":false},"author":2,"featured_media":88164,"comment_status":"","ping_status":"","sticky":false,"template":"","format":"standard","meta":{"footnotes":""},"categories":[14],"tags":[],"_links":{"self":[{"href":"https:\/\/maxradio923.com.ar\/index.php\/wp-json\/wp\/v2\/posts\/88163"}],"collection":[{"href":"https:\/\/maxradio923.com.ar\/index.php\/wp-json\/wp\/v2\/posts"}],"about":[{"href":"https:\/\/maxradio923.com.ar\/index.php\/wp-json\/wp\/v2\/types\/post"}],"author":[{"embeddable":true,"href":"https:\/\/maxradio923.com.ar\/index.php\/wp-json\/wp\/v2\/users\/2"}],"replies":[{"embeddable":true,"href":"https:\/\/maxradio923.com.ar\/index.php\/wp-json\/wp\/v2\/comments?post=88163"}],"version-history":[{"count":0,"href":"https:\/\/maxradio923.com.ar\/index.php\/wp-json\/wp\/v2\/posts\/88163\/revisions"}],"wp:featuredmedia":[{"embeddable":true,"href":"https:\/\/maxradio923.com.ar\/index.php\/wp-json\/wp\/v2\/media\/88164"}],"wp:attachment":[{"href":"https:\/\/maxradio923.com.ar\/index.php\/wp-json\/wp\/v2\/media?parent=88163"}],"wp:term":[{"taxonomy":"category","embeddable":true,"href":"https:\/\/maxradio923.com.ar\/index.php\/wp-json\/wp\/v2\/categories?post=88163"},{"taxonomy":"post_tag","embeddable":true,"href":"https:\/\/maxradio923.com.ar\/index.php\/wp-json\/wp\/v2\/tags?post=88163"}],"curies":[{"name":"wp","href":"https:\/\/api.w.org\/{rel}","templated":true}]}}