{"id":88149,"date":"2026-05-01T16:26:06","date_gmt":"2026-05-01T19:26:06","guid":{"rendered":"https:\/\/maxradio923.com.ar\/index.php\/2026\/05\/01\/el-hospital-marcial-quiroga-presento-la-seccion-de-salud-mental-infanto-juvenil\/"},"modified":"2026-05-01T16:26:06","modified_gmt":"2026-05-01T19:26:06","slug":"el-hospital-marcial-quiroga-presento-la-seccion-de-salud-mental-infanto-juvenil","status":"publish","type":"post","link":"https:\/\/maxradio923.com.ar\/index.php\/2026\/05\/01\/el-hospital-marcial-quiroga-presento-la-seccion-de-salud-mental-infanto-juvenil\/","title":{"rendered":"El Hospital Marcial Quiroga present\u00f3 la Secci\u00f3n de Salud Mental Infanto Juvenil"},"content":{"rendered":"<p><\/p>\n<div>\n<p>El Hospital Marcial Quiroga present\u00f3 oficialmente la Secci\u00f3n de Salud Mental Infanto Juvenil, un espacio destinado a dar respuesta a una necesidad creciente y prioritaria en la comunidad: acompa\u00f1ar, cuidar y fortalecer la salud mental de ni\u00f1os y adolescentes.<\/p>\n<p>El acto cont\u00f3 con la presencia de la jefa de Salud Mental del Ministerio de Salud, Dra. Noelia Villena; el director ejecutivo del hospital, Dr. Juan Manuel Campayo; el director m\u00e9dico, Dr. Sergio Albarrac\u00edn; junto a personal de la instituci\u00f3n.<\/p>\n<p>La creaci\u00f3n de esta secci\u00f3n fue aprobada el pasado 9 de abril mediante resoluci\u00f3n ministerial, en el marco de las pol\u00edticas impulsadas por el Ministerio de Salud a trav\u00e9s del Plan Provincial de Salud Mental. Su puesta en funcionamiento responde a la necesidad de contar con dispositivos de atenci\u00f3n especializada destinados a un sector de la poblaci\u00f3n que presenta problem\u00e1ticas cada vez m\u00e1s complejas y espec\u00edficas.<\/p>\n<p>Este nuevo espacio se configura como un dispositivo de tercer nivel de atenci\u00f3n, orientado al diagn\u00f3stico y tratamiento de ni\u00f1os y adolescentes con padecimientos mentales y problem\u00e1ticas asociadas a la salud mental que requieren intervenciones de mayor complejidad, y que no han podido resolverse en niveles previos de atenci\u00f3n.<\/p>\n<p>En este sentido, la jefa de la secci\u00f3n, Lic. Mabel Clavijo, destac\u00f3: \u201cSu nombre fue pensado desde el paradigma actual de la atenci\u00f3n en salud mental, priorizando una mirada interdisciplinaria e integral, con respeto por las especialidades, pero sustentada en los preceptos de la Ley de Salud Mental, promoviendo la corresponsabilidad entre los distintos actores de la comunidad\u201d.<\/p>\n<p>Asimismo, la Secci\u00f3n de Salud Mental Infanto Juvenil aspira a constituirse como un referente provincial, brindando apoyo a centros de primer y segundo nivel mediante asesoramiento e interconsultas, adem\u00e1s de promover instancias de capacitaci\u00f3n y formaci\u00f3n continua, tanto interna como externa.<\/p>\n<p>El equipo interdisciplinario est\u00e1 conformado por profesionales de distintas \u00e1reas:<\/p>\n<p><strong>Psicolog\u00eda:<\/strong> Lic. Luciana Bordas, Lic. Mabel Clavijo, Lic. Eugenia Guirado y Lic. Alberto Mattar.<\/p>\n<p><strong>Psiquiatr\u00eda:<\/strong> Dra. Mar\u00eda Jos\u00e9 Castro Reche.<\/p>\n<p><strong>Psicopedagog\u00eda:<\/strong> Lic. Viviana Pellegrinuzzi.<\/p>\n<p><strong>Terapia Ocupacional:<\/strong> Lic. Cecilia Abdala.<\/p>\n<p><strong>Kinesiolog\u00eda\/Psicomotricidad:<\/strong> Lic. Melisa Manrique.<\/p>\n<p><strong>Trabajo Social:<\/strong> Lic. Antonella R\u00edos.<\/p>\n<p>Con esta incorporaci\u00f3n, el Hospital Marcial Quiroga fortalece su compromiso con la salud p\u00fablica, ampliando y jerarquizando la atenci\u00f3n integral en salud mental para las infancias y adolescencias de la provincia.<\/p>\n<\/p><\/div>\n<p><script async defer crossorigin=\"anonymous\" src=\"https:\/\/connect.facebook.net\/es_ES\/sdk.js#xfbml=1&#038;version=v3.3\"><\/script><\/p>\n","protected":false},"excerpt":{"rendered":"<p>El Hospital Marcial Quiroga present\u00f3 oficialmente la Secci\u00f3n de Salud Mental Infanto Juvenil, un espacio destinado a dar respuesta a una necesidad creciente y prioritaria en la comunidad: acompa\u00f1ar, cuidar y fortalecer la salud mental de ni\u00f1os y adolescentes. El acto cont\u00f3 con la presencia de la jefa de Salud Mental del Ministerio de Salud, [&hellip;]<\/p>\n","protected":false},"author":2,"featured_media":88150,"comment_status":"","ping_status":"","sticky":false,"template":"","format":"standard","meta":{"footnotes":""},"categories":[8],"tags":[],"_links":{"self":[{"href":"https:\/\/maxradio923.com.ar\/index.php\/wp-json\/wp\/v2\/posts\/88149"}],"collection":[{"href":"https:\/\/maxradio923.com.ar\/index.php\/wp-json\/wp\/v2\/posts"}],"about":[{"href":"https:\/\/maxradio923.com.ar\/index.php\/wp-json\/wp\/v2\/types\/post"}],"author":[{"embeddable":true,"href":"https:\/\/maxradio923.com.ar\/index.php\/wp-json\/wp\/v2\/users\/2"}],"replies":[{"embeddable":true,"href":"https:\/\/maxradio923.com.ar\/index.php\/wp-json\/wp\/v2\/comments?post=88149"}],"version-history":[{"count":0,"href":"https:\/\/maxradio923.com.ar\/index.php\/wp-json\/wp\/v2\/posts\/88149\/revisions"}],"wp:featuredmedia":[{"embeddable":true,"href":"https:\/\/maxradio923.com.ar\/index.php\/wp-json\/wp\/v2\/media\/88150"}],"wp:attachment":[{"href":"https:\/\/maxradio923.com.ar\/index.php\/wp-json\/wp\/v2\/media?parent=88149"}],"wp:term":[{"taxonomy":"category","embeddable":true,"href":"https:\/\/maxradio923.com.ar\/index.php\/wp-json\/wp\/v2\/categories?post=88149"},{"taxonomy":"post_tag","embeddable":true,"href":"https:\/\/maxradio923.com.ar\/index.php\/wp-json\/wp\/v2\/tags?post=88149"}],"curies":[{"name":"wp","href":"https:\/\/api.w.org\/{rel}","templated":true}]}}