{"id":88127,"date":"2026-05-01T10:16:05","date_gmt":"2026-05-01T13:16:05","guid":{"rendered":"https:\/\/maxradio923.com.ar\/index.php\/2026\/05\/01\/entra-hoy-en-vigencia-de-forma-provisional-el-acuerdo-comercial-ue-mercosur-que-implica-para-la-argentina\/"},"modified":"2026-05-01T10:16:05","modified_gmt":"2026-05-01T13:16:05","slug":"entra-hoy-en-vigencia-de-forma-provisional-el-acuerdo-comercial-ue-mercosur-que-implica-para-la-argentina","status":"publish","type":"post","link":"https:\/\/maxradio923.com.ar\/index.php\/2026\/05\/01\/entra-hoy-en-vigencia-de-forma-provisional-el-acuerdo-comercial-ue-mercosur-que-implica-para-la-argentina\/","title":{"rendered":"Entra hoy en vigencia de forma provisional el acuerdo comercial UE-Mercosur: qu\u00e9 implica para la Argentina"},"content":{"rendered":"<p><\/p>\n<div>\n<div class=\"visual__image image-initial-width\"><picture><source srcset=\"https:\/\/www.infobae.com\/resizer\/v2\/NQOXP5JNJJAO7MCN7PXPTDV4WI.JPG?auth=058f177a03b43c63c5db1d4cdd4d666ed2c827257b7c5ca25a38cdd82da5b080&amp;smart=true&amp;width=992&amp;height=660&amp;quality=85\" media=\"(min-width: 1000px)\"\/><source srcset=\"https:\/\/www.infobae.com\/resizer\/v2\/NQOXP5JNJJAO7MCN7PXPTDV4WI.JPG?auth=058f177a03b43c63c5db1d4cdd4d666ed2c827257b7c5ca25a38cdd82da5b080&amp;smart=true&amp;width=768&amp;height=511&amp;quality=85\" media=\"(min-width: 768px)\"\/><source srcset=\"https:\/\/www.infobae.com\/resizer\/v2\/NQOXP5JNJJAO7MCN7PXPTDV4WI.JPG?auth=058f177a03b43c63c5db1d4cdd4d666ed2c827257b7c5ca25a38cdd82da5b080&amp;smart=true&amp;width=577&amp;height=384&amp;quality=85\" media=\"(min-width: 580px)\"\/><source srcset=\"https:\/\/www.infobae.com\/resizer\/v2\/NQOXP5JNJJAO7MCN7PXPTDV4WI.JPG?auth=058f177a03b43c63c5db1d4cdd4d666ed2c827257b7c5ca25a38cdd82da5b080&amp;smart=true&amp;width=420&amp;height=279&amp;quality=85\" media=\"(min-width: 350px)\"\/><source srcset=\"https:\/\/www.infobae.com\/resizer\/v2\/NQOXP5JNJJAO7MCN7PXPTDV4WI.JPG?auth=058f177a03b43c63c5db1d4cdd4d666ed2c827257b7c5ca25a38cdd82da5b080&amp;smart=true&amp;width=350&amp;height=233&amp;quality=85\" media=\"(min-width: 80px)\"\/><img alt=\"El acuerdo entre ambos bloques comenz\u00f3 a aplicarse este viernes con rebajas arancelarias graduales y cuotas preferenciales&#10;&#10;REUTERS\/Cesar Olmedo\" class=\"global-image\" decoding=\"async\" fetchpriority=\"high\" height=\"532\" loading=\"eager\" src=\"https:\/\/www.infobae.com\/resizer\/v2\/NQOXP5JNJJAO7MCN7PXPTDV4WI.JPG?auth=058f177a03b43c63c5db1d4cdd4d666ed2c827257b7c5ca25a38cdd82da5b080&amp;smart=true&amp;width=350&amp;height=233&amp;quality=85\" width=\"800\"\/><\/picture><figcaption class=\"article-figcaption-img\">El acuerdo entre ambos bloques comenz\u00f3 a aplicarse este viernes con rebajas arancelarias graduales y cuotas preferenciales<\/p>\n<p>REUTERS\/Cesar Olmedo<\/figcaption><\/div>\n<p class=\"paragraph\">El acuerdo comercial entre la <b>Uni\u00f3n Europea<\/b> y el <b>Mercosur<\/b> entr\u00f3 este viernes en vigor de manera provisional, m\u00e1s de 25 a\u00f1os despu\u00e9s del inicio de las negociaciones. El pacto comenz\u00f3 a aplicarse pese a las resistencias de algunos pa\u00edses europeos y a la espera de la ratificaci\u00f3n definitiva en distintas instancias institucionales de la UE.<\/p>\n<p class=\"paragraph\">El acuerdo cre\u00f3 un mercado integrado de m\u00e1s de 700 millones de personas y eliminar\u00e1 m\u00e1s del 90% de los aranceles entre ambos bloques. La implementaci\u00f3n no ser\u00e1 inmediata para todos los productos: algunas rebajas empezar\u00e1n desde hoy y otras se aplicar\u00e1n de forma gradual durante per\u00edodos que ir\u00e1n de 7 a 18 a\u00f1os, dependiendo del sector.<\/p>\n<p class=\"paragraph\">El entendimiento involucr\u00f3 a la Uni\u00f3n Europea, Brasil, Argentina, Uruguay y Paraguay. En varios rubros sensibles, especialmente agroindustriales, las partes acordaron esquemas de cuotas arancelarias y mecanismos de salvaguarda.<\/p>\n<p class=\"paragraph\">En t\u00e9rminos pol\u00edticos, el acuerdo tambi\u00e9n reflej\u00f3 la intenci\u00f3n europea de reforzar su v\u00ednculo con Am\u00e9rica Latina en un contexto de creciente competencia con China y de tensiones comerciales globales. Seg\u00fan consign\u00f3 EFE, el pacto avanz\u00f3 adem\u00e1s como una se\u00f1al de respaldo al multilateralismo en medio de un escenario geopol\u00edtico m\u00e1s fragmentado.<\/p>\n<p class=\"paragraph\">Seg\u00fan el detalle difundido por la agencia EFE, algunos productos comenzar\u00e1n a reducir aranceles desde este mismo viernes y otros iniciar\u00e1n cronogramas graduales de desgravaci\u00f3n.<\/p>\n<p class=\"paragraph\"><b>Exportaciones europeas hacia el Mercosur<\/b><\/p>\n<ul data-icon=\"\u2b24\" class=\"list\">\n<li data-icon=\"\u2b24\"><span><b>Autos europeos:<\/b> el arancel actual del 35% empezar\u00e1 un esquema de reducci\u00f3n gradual. Para los veh\u00edculos de combusti\u00f3n el plazo ser\u00e1 de 15 a\u00f1os y para los el\u00e9ctricos llegar\u00e1 a 18 a\u00f1os. <\/span><\/li>\n<li data-icon=\"\u2b24\"><span><b>Vinos europeos:<\/b> el arancel vigente del 27% se eliminar\u00e1 totalmente en el octavo a\u00f1o. Sin embargo, los vinos espumosos premium quedar\u00e1n liberados desde hoy mismo, mientras que los productos de gama baja tendr\u00e1n un cronograma de hasta 12 a\u00f1os. <\/span><\/li>\n<li data-icon=\"\u2b24\"><span><b>Maquinaria:<\/b> el arancel actual del 20% se reducir\u00e1 progresivamente hasta desaparecer en un m\u00e1ximo de 15 a\u00f1os. <\/span><\/li>\n<li data-icon=\"\u2b24\"><span><b>Indicaciones Geogr\u00e1ficas:<\/b> el acuerdo reconocer\u00e1 344 productos europeos protegidos por denominaci\u00f3n de origen, entre ellos vinos, aceites de oliva, jamones y otros alimentos regionales. <\/span><\/li>\n<\/ul>\n<p class=\"paragraph\"><b>Exportaciones del Mercosur hacia Europa<\/b><\/p>\n<ul data-icon=\"\u2b24\" class=\"list\">\n<li data-icon=\"\u2b24\"><span><b>Carne vacuna:<\/b> se habilit\u00f3 una cuota de 99.000 toneladas anuales con un arancel preferencial del 7,5%. <\/span><\/li>\n<li data-icon=\"\u2b24\"><span><b>Carne aviar:<\/b> el acuerdo fij\u00f3 una cuota de 180.000 toneladas anuales libres de aranceles. <\/span><\/li>\n<li data-icon=\"\u2b24\"><span><b>Az\u00facar:<\/b> Brasil dispondr\u00e1 de una cuota de 180.000 toneladas sin aranceles y Paraguay contar\u00e1 con un cupo adicional de 10.000 toneladas tambi\u00e9n al 0%. <\/span><\/li>\n<li data-icon=\"\u2b24\"><span><b>Miel:<\/b> se estableci\u00f3 una cuota anual de 45.000 toneladas libres de aranceles. <\/span><\/li>\n<li data-icon=\"\u2b24\"><span><b>Huevos:<\/b> el cupo ser\u00e1 de 3.000 toneladas anuales al 0%. <\/span><\/li>\n<li data-icon=\"\u2b24\"><span><b>Limones:<\/b> la exportaci\u00f3n quedar\u00e1 libre de aranceles en un plazo de siete a\u00f1os. <\/span><\/li>\n<li data-icon=\"\u2b24\"><span><b>Naranjas y mandarinas:<\/b> alcanzar\u00e1n el arancel cero en diez a\u00f1os. <\/span><\/li>\n<\/ul>\n<p class=\"paragraph\">El proceso de desgravaci\u00f3n arancelaria se dar\u00e1, a partir de hoy, de forma mucho m\u00e1s r\u00e1pida para las exportaciones del Mercosur a Europa que viceversa. Sin embargo, hay que dejar en claro que m\u00e1s all\u00e1 de que la rebaja arancelaria se produzca a partir de hoy o en un plazo relativamente corto, muchas veces operan otras medidas paraarancelarias que pueden frenar ese impulso exportador. <\/p>\n<p class=\"paragraph\">Por ejemplo, en el caso de harinas y pellets de soja, el arancel base era del 6% hasta ahora y desde hoy baja a 0%, pero seg\u00fan explicaron fuentes del sector privado, desde diciembre Europa exigir\u00e1 la geolocalizaci\u00f3n de cada lote de soja que ingrese a la UE, por lo que si la Argentina u otro pa\u00eds de la regi\u00f3n no puede cumplirlo, por m\u00e1s baja de arancel que exista, no podr\u00e1 venderle soja al Viejo Continente. <\/p>\n<p class=\"paragraph\">Otro producto que desde este viernes podr\u00e1 entrar a Europa con arancel 0% es el man\u00ed sin c\u00e1scara, que ten\u00eda 10% y se elimina completamente desde este viernes, sin cuota ni restricci\u00f3n de volumen. Lo mismo suceder\u00e1 con los garbanzos, lentejas, porotos, arvejas y semillas de girasol y soja, cuyas exportaciones entrar\u00e1n con 0% de arancel desde hoy. Es el mismo caso que el aceite de ma\u00edz crudo, que pagaba 10% y de forma inmediata el arancel bajar\u00e1 a 0%. <\/p>\n<p class=\"paragraph\">Respecto de los productos que tienen cuotas, el Gobierno avanz\u00f3 recientemente en la reglamentaci\u00f3n local para administrar las cuotas arancelarias abiertas por el acuerdo. A trav\u00e9s de las resoluciones 50\/2026 y 53\/2026, la Secretar\u00eda de Agricultura, Ganader\u00eda y Pesca estableci\u00f3 las condiciones de acceso para los contingentes habilitados por la Uni\u00f3n Europea para productos agroindustriales del Mercosur. Entre los rubros alcanzados aparecen carne bovina, carne aviar, carne porcina, miel, arroz, az\u00facar, ma\u00edz, sorgo, etanol, l\u00e1cteos, ajos y ovoproductos.<\/p>\n<p class=\"paragraph\">Las normas definieron los mecanismos de asignaci\u00f3n de los cupos, los requisitos para las empresas exportadoras y los procedimientos administrativos necesarios para acceder a las preferencias arancelarias. En la pr\u00e1ctica, el esquema determinar\u00e1 c\u00f3mo se repartir\u00e1n entre las compa\u00f1\u00edas argentinas los vol\u00famenes habilitados para ingresar al mercado europeo con arancel reducido o al 0%. Seg\u00fan inform\u00f3 el Gobierno, el objetivo apunt\u00f3 a ordenar la distribuci\u00f3n de los contingentes y dar previsibilidad a los exportadores<\/p>\n<p class=\"paragraph\">Para la Argentina, el inicio de la aplicaci\u00f3n provisional abri\u00f3 expectativas tanto en materia de exportaciones como de inversiones. Un informe de la consultora <b>Abeceb<\/b> estim\u00f3 que las ventas argentinas hacia la Uni\u00f3n Europea podr\u00edan pasar de USD 8.499 millones en 2025 a USD 15.100 millones hacia 2030, lo que implicar\u00eda un incremento del 79%.<\/p>\n<p class=\"paragraph\">El mismo informe sostuvo que la participaci\u00f3n argentina en las importaciones europeas podr\u00eda crecer desde el actual 0,30% hasta el 0,50% en los pr\u00f3ximos a\u00f1os. La consultora identific\u00f3 como principales motores de ese crecimiento a los complejos <b>sojero<\/b>, <b>ganadero<\/b> y <b>manicero<\/b>, junto con productos como aceites vegetales, ma\u00edz, miel, vinos premium y autopartes.<\/p>\n<div class=\"visual__image\"><picture><source srcset=\"https:\/\/www.infobae.com\/resizer\/v2\/4HAN4U6FRVBVDDJTJXAUOUODLI.jpg?auth=816c9a07b811f084c684bddd597f6b16a7814a43eb2e5c57a0805eb00163f2ca&amp;smart=true&amp;width=992&amp;height=661&amp;quality=85\" media=\"(min-width: 1000px)\"\/><source srcset=\"https:\/\/www.infobae.com\/resizer\/v2\/4HAN4U6FRVBVDDJTJXAUOUODLI.jpg?auth=816c9a07b811f084c684bddd597f6b16a7814a43eb2e5c57a0805eb00163f2ca&amp;smart=true&amp;width=768&amp;height=512&amp;quality=85\" media=\"(min-width: 768px)\"\/><source srcset=\"https:\/\/www.infobae.com\/resizer\/v2\/4HAN4U6FRVBVDDJTJXAUOUODLI.jpg?auth=816c9a07b811f084c684bddd597f6b16a7814a43eb2e5c57a0805eb00163f2ca&amp;smart=true&amp;width=577&amp;height=385&amp;quality=85\" media=\"(min-width: 580px)\"\/><source srcset=\"https:\/\/www.infobae.com\/resizer\/v2\/4HAN4U6FRVBVDDJTJXAUOUODLI.jpg?auth=816c9a07b811f084c684bddd597f6b16a7814a43eb2e5c57a0805eb00163f2ca&amp;smart=true&amp;width=420&amp;height=280&amp;quality=85\" media=\"(min-width: 350px)\"\/><source srcset=\"https:\/\/www.infobae.com\/resizer\/v2\/4HAN4U6FRVBVDDJTJXAUOUODLI.jpg?auth=816c9a07b811f084c684bddd597f6b16a7814a43eb2e5c57a0805eb00163f2ca&amp;smart=true&amp;width=350&amp;height=233&amp;quality=85\" media=\"(min-width: 80px)\"\/><img alt=\"Exportaci\u00f3n de carne vacuna argentina\" class=\"global-image\" decoding=\"async\" fetchpriority=\"low\" height=\"1706\" loading=\"lazy\" src=\"https:\/\/www.infobae.com\/resizer\/v2\/4HAN4U6FRVBVDDJTJXAUOUODLI.jpg?auth=816c9a07b811f084c684bddd597f6b16a7814a43eb2e5c57a0805eb00163f2ca&amp;smart=true&amp;width=350&amp;height=233&amp;quality=85\" width=\"2560\"\/><\/picture><figcaption class=\"article-figcaption-img\">Carnes, miel, az\u00facar y c\u00edtricos ingresar\u00e1n al mercado europeo mediante cuotas preferenciales y esquemas de desgravaci\u00f3n<\/figcaption><\/div>\n<p class=\"paragraph\">Seg\u00fan la consultora que dirige <b>Dante Sica<\/b>, el acuerdo funcionar\u00e1 adem\u00e1s como un marco institucional que reducir\u00e1 el riesgo percibido por los inversores internacionales. La entidad proyect\u00f3 que los flujos netos anuales de inversi\u00f3n europea hacia la Argentina podr\u00edan duplicarse respecto de sus niveles recientes y ubicarse entre USD 3.500 millones y USD 4.000 millones anuales entre 2026 y 2030.<\/p>\n<p class=\"paragraph\">La consultora calcul\u00f3 que el stock acumulado de inversi\u00f3n extranjera directa europea en la Argentina podr\u00eda alcanzar los USD 92.000 millones hacia el final de la d\u00e9cada. Actualmente, la Uni\u00f3n Europea representa cerca del 40% del capital extranjero radicado en el pa\u00eds, con un stock acumulado de USD 75.000 millones. En el caso de Espa\u00f1a, el informe se\u00f1al\u00f3 que se ubic\u00f3 como el segundo mayor inversor individual en la Argentina, con fuerte presencia en infraestructura, banca y energ\u00eda.<\/p>\n<p class=\"paragraph\">El acuerdo incorpor\u00f3 adem\u00e1s mecanismos de protecci\u00f3n para los sectores agr\u00edcolas europeos. La Comisi\u00f3n Europea podr\u00e1 activar medidas de salvaguarda si las importaciones de productos considerados sensibles aumentan m\u00e1s de 5% respecto del promedio de los \u00faltimos tres a\u00f1os y, al mismo tiempo, los precios de importaci\u00f3n se ubican 5% por debajo de los valores internos europeos. Los productos alcanzados por esas cl\u00e1usulas incluyen carne vacuna, carne aviar, huevos, c\u00edtricos y az\u00facar.<\/p>\n<p class=\"paragraph\">La Comisi\u00f3n Europea tambi\u00e9n anunci\u00f3 mayores controles fitosanitarios en frontera para verificar que alimentos, animales y productos vegetales provenientes del Mercosur cumplan con las normas comunitarias.<\/p>\n<p class=\"paragraph\">En el caso argentino, una de las principales exigencias aparecer\u00e1 en materia de trazabilidad ambiental y certificaciones. El informe de Abeceb indic\u00f3 que la Uni\u00f3n Europea exigir\u00e1 trazabilidad y georreferenciaci\u00f3n lote por lote para el complejo sojero desde diciembre de 2026, en l\u00ednea con la normativa europea sobre deforestaci\u00f3n. La consultora se\u00f1al\u00f3 que la capacidad instalada argentina en soja no representa el principal problema, pero advirti\u00f3 que los sistemas de trazabilidad todav\u00eda est\u00e1n en desarrollo.<\/p>\n<p class=\"paragraph\">En carnes, el informe sostuvo que la demanda europea se mantiene firme, aunque el n\u00famero de frigor\u00edficos argentinos habilitados para exportar hacia la UE todav\u00eda resulta limitado frente al potencial de crecimiento. En man\u00ed, la Argentina ya ocupa una posici\u00f3n dominante a nivel mundial y el sector presenta una menor brecha entre el acceso que abre el acuerdo y la capacidad efectiva de abastecimiento.<\/p>\n<p class=\"paragraph\">Para los vinos premium, el principal desaf\u00edo aparecer\u00e1 en el posicionamiento comercial. El informe indic\u00f3 que el acceso inmediato beneficiar\u00e1 \u00fanicamente a productos con precio de aduana superior a USD 8 por litro. En autopartes, Abeceb plante\u00f3 que la adaptaci\u00f3n de proveedores y el cumplimiento de las reglas de origen demandar\u00e1n inversiones y procesos de reconversi\u00f3n industrial.<\/p>\n<p class=\"paragraph\">El avance del pacto no elimin\u00f3 las tensiones pol\u00edticas dentro de Europa. Francia encabez\u00f3 las cr\u00edticas m\u00e1s fuertes junto a organizaciones agr\u00edcolas europeas que cuestionaron el impacto sobre la producci\u00f3n local.<\/p>\n<p class=\"paragraph\">El Parlamento Europeo consult\u00f3 al Tribunal de Justicia de la Uni\u00f3n Europea sobre la legalidad del mecanismo de aplicaci\u00f3n provisional antes de completar la ratificaci\u00f3n definitiva. Polonia tambi\u00e9n expres\u00f3 objeciones al inicio de la implementaci\u00f3n antes de la aprobaci\u00f3n plena por parte de la Euroc\u00e1mara.<\/p>\n<p class=\"paragraph\">Mientras tanto, Brasil, Argentina, Uruguay y Paraguay validaron internamente el acuerdo y habilitaron el comienzo de la aplicaci\u00f3n provisional desde este 1\u00b0 de mayo.<\/p>\n<\/div>\n<p><script defer=\"\">try{!function(f,b,e,v,n,t,s) {if(f.fbq)return;n=f.fbq=function(){n.callMethod? n.callMethod.apply(n,arguments):n.queue.push(arguments)}; if(!f._fbq)f._fbq=n;n.push=n;n.loaded=!0;n.version='2.0'; n.queue=[];t=b.createElement(e);t.async=!0; t.src=v;s=b.getElementsByTagName(e)[0]; s.parentNode.insertBefore(t,s)}(window, document,'script', ' fbq('init', '336383993555320'); fbq('track', 'PageView'); fbq('track', 'ViewContent');}catch(error){console.log(\"Error al inicializar facebookPixelRawCodeScript:\",error);}<\/script><\/p>\n","protected":false},"excerpt":{"rendered":"<p>El acuerdo entre ambos bloques comenz\u00f3 a aplicarse este viernes con rebajas arancelarias graduales y cuotas preferenciales REUTERS\/Cesar Olmedo El acuerdo comercial entre la Uni\u00f3n Europea y el Mercosur entr\u00f3 este viernes en vigor de manera provisional, m\u00e1s de 25 a\u00f1os despu\u00e9s del inicio de las negociaciones. El pacto comenz\u00f3 a aplicarse pese a las [&hellip;]<\/p>\n","protected":false},"author":2,"featured_media":88078,"comment_status":"","ping_status":"","sticky":false,"template":"","format":"standard","meta":{"footnotes":""},"categories":[2],"tags":[],"_links":{"self":[{"href":"https:\/\/maxradio923.com.ar\/index.php\/wp-json\/wp\/v2\/posts\/88127"}],"collection":[{"href":"https:\/\/maxradio923.com.ar\/index.php\/wp-json\/wp\/v2\/posts"}],"about":[{"href":"https:\/\/maxradio923.com.ar\/index.php\/wp-json\/wp\/v2\/types\/post"}],"author":[{"embeddable":true,"href":"https:\/\/maxradio923.com.ar\/index.php\/wp-json\/wp\/v2\/users\/2"}],"replies":[{"embeddable":true,"href":"https:\/\/maxradio923.com.ar\/index.php\/wp-json\/wp\/v2\/comments?post=88127"}],"version-history":[{"count":0,"href":"https:\/\/maxradio923.com.ar\/index.php\/wp-json\/wp\/v2\/posts\/88127\/revisions"}],"wp:featuredmedia":[{"embeddable":true,"href":"https:\/\/maxradio923.com.ar\/index.php\/wp-json\/wp\/v2\/media\/88078"}],"wp:attachment":[{"href":"https:\/\/maxradio923.com.ar\/index.php\/wp-json\/wp\/v2\/media?parent=88127"}],"wp:term":[{"taxonomy":"category","embeddable":true,"href":"https:\/\/maxradio923.com.ar\/index.php\/wp-json\/wp\/v2\/categories?post=88127"},{"taxonomy":"post_tag","embeddable":true,"href":"https:\/\/maxradio923.com.ar\/index.php\/wp-json\/wp\/v2\/tags?post=88127"}],"curies":[{"name":"wp","href":"https:\/\/api.w.org\/{rel}","templated":true}]}}