{"id":88125,"date":"2026-05-01T09:50:09","date_gmt":"2026-05-01T12:50:09","guid":{"rendered":"https:\/\/maxradio923.com.ar\/index.php\/2026\/05\/01\/extienden-las-inscripciones-para-los-programas-centros-de-familia-y-centros-faro\/"},"modified":"2026-05-01T09:50:09","modified_gmt":"2026-05-01T12:50:09","slug":"extienden-las-inscripciones-para-los-programas-centros-de-familia-y-centros-faro","status":"publish","type":"post","link":"https:\/\/maxradio923.com.ar\/index.php\/2026\/05\/01\/extienden-las-inscripciones-para-los-programas-centros-de-familia-y-centros-faro\/","title":{"rendered":"Extienden las inscripciones para los programas Centros de Familia y Centros Faro"},"content":{"rendered":"<p><\/p>\n<div>\n<p>Del 4 al 8 de mayo continuar\u00e1n las inscripciones para los programas Centros de Familia y Centros Faro que est\u00e1n destinados a familias que reciben la prestaci\u00f3n Alimentar, para que los hijos de entre 6 y 17 a\u00f1os, puedan elegir la actividad extracurricular que deseen, dentro del \u00e1mbito art\u00edstico, deportivo o cultural. Mientras que para los padres hay una propuesta paralela de diferentes talleres basados en la crianza y el bienestar familiar.<\/p>\n<p>Hay un cupo de 4.000 vacantes, quienes recibir\u00e1n vouchers que se entregar\u00e1n a modo de pago de las actividades, sin intermediarios ni gestores. Las clases las brindar\u00e1n tanto institutos o centros privados -inscriptos en ARCA- como instituciones intermedias que tengan su Personer\u00eda Jur\u00eddica en regla (entre otros clubes, uniones vecinales, fundaciones, etc). Se podr\u00e1 aprender un idioma, instrumentos musicales, rob\u00f3tica, arte, deportes, entre otros.<\/p>\n<p>Tanto el Programa Centro de Familia, para ni\u00f1os, ni\u00f1as y adolescentes, como el Programa Centro Faro son iniciativas del Ministerio de Capital Humano de Naci\u00f3n, que se gestionan a trav\u00e9s del Ministerio de Familia y Desarrollo Humano y se ejecutan por medio del municipio de la Ciudad de San Juan. De los programas podr\u00e1 participar cualquier persona que re\u00fana los requisitos exigidos, sin importar su lugar de residencia.<\/p>\n<p>Adem\u00e1s de los plazos, tambi\u00e9n se suman otros puntos para las inscripciones de los interesados seg\u00fan el siguiente cronograma:<\/p>\n<p><strong>.Direcci\u00f3n de Juventudes<\/strong> (Santa Fe 321 este): del 4 al 8 de mayo de 13 a 19 horas.<br \/><strong>.Planta Baja del Centro C\u00edvico<\/strong> -zona de exposiciones-: del 4 al 8 de mayo de 8 a 12 horas.<br \/><strong>.Direcci\u00f3n de Comunidades del Municipio de la Ciudad de San Juan<\/strong> (Anexo Municipal sobre calle G\u00fcemes): lunes 4 y martes 5 de mayo de 10 a 13 horas.<br \/><strong>.Club Desamparados<\/strong>: lunes 4 de mayo de 16:30 a 19 horas.<br \/><strong>.Club La Petro<\/strong> (Paula Albarrac\u00edn de Sarmiento y Circunvalaci\u00f3n): martes 5 de mayo de 16:30 a 19 horas<br \/><strong>.Uni\u00f3n Vecinal del Barrio Frondizi<\/strong>: mi\u00e9rcoles 6 de mayo de 10 a 13 horas.<br \/><strong>.Club CPC Concepci\u00f3n Pat\u00edn Club<\/strong>: mi\u00e9rcoles 6 de mayo de 16:30 a 19 horas.<br \/><strong>.CIC Barrio Manantial<\/strong>: jueves 7 y viernes 8 de mayo de 10 a 13 horas.<br \/><strong>.Club Sporting Estrella<\/strong>: jueves 7 de mayo de 16:30 a 19 horas.<br \/><strong>.Club Pe\u00f1arol<\/strong>: viernes 8 de mayo de 16:30 a 19 horas.<\/p>\n<p>Para inscribirse es fundamental presentar el DNI.<\/p>\n<\/p><\/div>\n<p><script async defer crossorigin=\"anonymous\" src=\"https:\/\/connect.facebook.net\/es_ES\/sdk.js#xfbml=1&#038;version=v3.3\"><\/script><\/p>\n","protected":false},"excerpt":{"rendered":"<p>Del 4 al 8 de mayo continuar\u00e1n las inscripciones para los programas Centros de Familia y Centros Faro que est\u00e1n destinados a familias que reciben la prestaci\u00f3n Alimentar, para que los hijos de entre 6 y 17 a\u00f1os, puedan elegir la actividad extracurricular que deseen, dentro del \u00e1mbito art\u00edstico, deportivo o cultural. Mientras que para [&hellip;]<\/p>\n","protected":false},"author":2,"featured_media":88126,"comment_status":"","ping_status":"","sticky":false,"template":"","format":"standard","meta":{"footnotes":""},"categories":[8],"tags":[],"_links":{"self":[{"href":"https:\/\/maxradio923.com.ar\/index.php\/wp-json\/wp\/v2\/posts\/88125"}],"collection":[{"href":"https:\/\/maxradio923.com.ar\/index.php\/wp-json\/wp\/v2\/posts"}],"about":[{"href":"https:\/\/maxradio923.com.ar\/index.php\/wp-json\/wp\/v2\/types\/post"}],"author":[{"embeddable":true,"href":"https:\/\/maxradio923.com.ar\/index.php\/wp-json\/wp\/v2\/users\/2"}],"replies":[{"embeddable":true,"href":"https:\/\/maxradio923.com.ar\/index.php\/wp-json\/wp\/v2\/comments?post=88125"}],"version-history":[{"count":0,"href":"https:\/\/maxradio923.com.ar\/index.php\/wp-json\/wp\/v2\/posts\/88125\/revisions"}],"wp:featuredmedia":[{"embeddable":true,"href":"https:\/\/maxradio923.com.ar\/index.php\/wp-json\/wp\/v2\/media\/88126"}],"wp:attachment":[{"href":"https:\/\/maxradio923.com.ar\/index.php\/wp-json\/wp\/v2\/media?parent=88125"}],"wp:term":[{"taxonomy":"category","embeddable":true,"href":"https:\/\/maxradio923.com.ar\/index.php\/wp-json\/wp\/v2\/categories?post=88125"},{"taxonomy":"post_tag","embeddable":true,"href":"https:\/\/maxradio923.com.ar\/index.php\/wp-json\/wp\/v2\/tags?post=88125"}],"curies":[{"name":"wp","href":"https:\/\/api.w.org\/{rel}","templated":true}]}}