{"id":88123,"date":"2026-05-01T09:33:02","date_gmt":"2026-05-01T12:33:02","guid":{"rendered":"https:\/\/maxradio923.com.ar\/index.php\/2026\/05\/01\/desde-que-asumio-milei-mas-de-67-000-personas-dejaron-de-trabajar-para-el-estado\/"},"modified":"2026-05-01T09:33:02","modified_gmt":"2026-05-01T12:33:02","slug":"desde-que-asumio-milei-mas-de-67-000-personas-dejaron-de-trabajar-para-el-estado","status":"publish","type":"post","link":"https:\/\/maxradio923.com.ar\/index.php\/2026\/05\/01\/desde-que-asumio-milei-mas-de-67-000-personas-dejaron-de-trabajar-para-el-estado\/","title":{"rendered":"Desde que asumi\u00f3 Milei, m\u00e1s de 67.000 personas dejaron de trabajar para el Estado"},"content":{"rendered":"<p><\/p>\n<div>\n<div class=\"visual__image image-initial-width\"><picture><source srcset=\"https:\/\/www.infobae.com\/resizer\/v2\/DJTMFZPGGVH4XJHJZLG3OYGASU.jpg?auth=83b9206e8f142fab59ab08314e8c6f367fc79e7315e5ad7bf4c1d7478ab2c544&amp;smart=true&amp;width=992&amp;height=661&amp;quality=85\" media=\"(min-width: 1000px)\"\/><source srcset=\"https:\/\/www.infobae.com\/resizer\/v2\/DJTMFZPGGVH4XJHJZLG3OYGASU.jpg?auth=83b9206e8f142fab59ab08314e8c6f367fc79e7315e5ad7bf4c1d7478ab2c544&amp;smart=true&amp;width=768&amp;height=512&amp;quality=85\" media=\"(min-width: 768px)\"\/><source srcset=\"https:\/\/www.infobae.com\/resizer\/v2\/DJTMFZPGGVH4XJHJZLG3OYGASU.jpg?auth=83b9206e8f142fab59ab08314e8c6f367fc79e7315e5ad7bf4c1d7478ab2c544&amp;smart=true&amp;width=577&amp;height=385&amp;quality=85\" media=\"(min-width: 580px)\"\/><source srcset=\"https:\/\/www.infobae.com\/resizer\/v2\/DJTMFZPGGVH4XJHJZLG3OYGASU.jpg?auth=83b9206e8f142fab59ab08314e8c6f367fc79e7315e5ad7bf4c1d7478ab2c544&amp;smart=true&amp;width=420&amp;height=280&amp;quality=85\" media=\"(min-width: 350px)\"\/><source srcset=\"https:\/\/www.infobae.com\/resizer\/v2\/DJTMFZPGGVH4XJHJZLG3OYGASU.jpg?auth=83b9206e8f142fab59ab08314e8c6f367fc79e7315e5ad7bf4c1d7478ab2c544&amp;smart=true&amp;width=350&amp;height=233&amp;quality=85\" media=\"(min-width: 80px)\"\/><img alt=\"AmCham Summit 2026 - Javier Milei\" class=\"global-image\" decoding=\"async\" fetchpriority=\"high\" height=\"2535\" loading=\"eager\" src=\"https:\/\/www.infobae.com\/resizer\/v2\/DJTMFZPGGVH4XJHJZLG3OYGASU.jpg?auth=83b9206e8f142fab59ab08314e8c6f367fc79e7315e5ad7bf4c1d7478ab2c544&amp;smart=true&amp;width=350&amp;height=233&amp;quality=85\" width=\"3802\"\/><\/picture><figcaption class=\"article-figcaption-img\">El presidente Milei declar\u00f3 recientemente que &#8220;la veradera presi\u00f3n fiscal es el tama\u00f1o del Estado&#8221;.<\/figcaption><\/div>\n<p class=\"paragraph\">El <b>empleo p\u00fablico<\/b> fue una constante de ajuste en los primeros 28 meses de gobierno de Milei. Seg\u00fan datos publicados por el Instituto Nacional de Estad\u00edstica y Censos (Indec), desde que Javier Milei desembarc\u00f3 en la Casa Rosada, <b>dejaron de trabajar para el Estado un total de 67.253 personas <\/b>en todo el pa\u00eds. <\/p>\n<p class=\"paragraph\">El \u00faltimo informe del organismo de estad\u00edsticas se\u00f1ala que, de los 67.253 despidos y renuncias, la mayor parte pertenec\u00edan a la <b>Administraci\u00f3n P\u00fablica Nacional (APN)<\/b>. En concreto, hab\u00eda 233.098 trabajadores activos en la APN en noviembre del 2023 -justo antes de la llegada de Milei-, y hay 187.734 en la actualidad. Es decir que, de punta a punta, se registr\u00f3 una <b>ca\u00edda de 45.364 trabajadores <\/b>en esa \u00e1rea.<\/p>\n<p class=\"paragraph\">A su vez, de esos 45.364 ex empleados, <b>22.975 pertenec\u00edan a la \u201cAdministraci\u00f3n descentralizada\u201d<\/b>, <b>16.893 a la \u201cAdministraci\u00f3n centralizada\u201d<\/b>, <b>3.885 a la \u201cAdministraci\u00f3n desconcentrada\u201d<\/b> y<b> 1.611 a \u201cOtros entes\u201d<\/b>. <\/p>\n<div class=\"rawHTML raw_html \">\n<div class=\"flourish-embed flourish-chart\" data-src=\"https:\/\/www.infobae.com\/economia\/2026\/05\/01\/desde-que-asumio-milei-mas-de-67000-personas-dejaron-de-trabajar-para-el-estado\/visualisation\/28777730\"><img decoding=\"async\" src=\"https:\/\/public.flourish.studio\/visualisation\/28777730\/thumbnail\" width=\"100%\" alt=\"chart visualization\"\/><\/div>\n<\/div>\n<p class=\"paragraph\">La otra gran rama, la de <b>\u201cEmpresas y sociedades\u201d<\/b>, ten\u00eda 110.259 trabajadores en noviembre de 2023 y baj\u00f3 a 88.370 empleados en marzo de 2026. De ah\u00ed se desprende que en ese segmento hubo un <b>recorte de 21.889 trabajadores<\/b>.<\/p>\n<p class=\"paragraph\">Hay que tener en cuenta que en el transcurso de los primeros 28 meses de la administraci\u00f3n libertaria muchas \u00e1reas de la APN dejaron de existir y otras fueron reestructuradas, lo que condujo a la desaparici\u00f3n de muchos puestos de trabajo. <\/p>\n<p class=\"paragraph\">Lo mismo ocurri\u00f3 con las empresas y sociedades. Varias fueron cerradas o ingresaron en procesos de privatizaci\u00f3n, lo que llev\u00f3 a que miles de personas dejaran su cargo. <\/p>\n<p class=\"paragraph\">El tercer mes del a\u00f1o no fue una excepci\u00f3n, sino que confirm\u00f3 la continuidad de una larga tendencia de recorte del empleo p\u00fablico. En total, se contabilizaron 276.104 trabajadores en todos los niveles de Gobierno, lo que represent\u00f3 una<b> ca\u00edda de 818 empleados <\/b>respecto al mes de febrero. <\/p>\n<p class=\"paragraph\">Una vez m\u00e1s, se puede hacer una segmentaci\u00f3n entre lo ocurrido en la <b>Administraci\u00f3n P\u00fablica Nacional <\/b>y las <b>\u201cEmpresas y sociedades\u201d<\/b>. En el primer caso, los datos de Indec muestran que la planta de personal se achic\u00f3 en <b>479 trabajadores<\/b>. En lo que respecta a las empresas, se perdieron <b>339 puestos de trabajo<\/b>. <\/p>\n<p class=\"paragraph\">En ambos casos hubo algunas excepciones, con ciertas \u00e1reas o entidades que tuvieron m\u00e1s altas que bajas en el tercer mes de este a\u00f1o. Sin embargo, la tendencia general sigui\u00f3 mostrando el resultado contrario.<\/p>\n<p class=\"paragraph\">Si se analiza la Administraci\u00f3n P\u00fablica Nacional en detalle, se encuentra que la mayor parte de los despidos y renuncias se concentraron en la<b> Administraci\u00f3n descentralizada<\/b>, que sufri\u00f3 una baja de 485 trabajadores. Si se \u201cabre\u201d ese n\u00famero, se encuentra que el recorte m\u00e1s significativo lo tuvo el Ente Nacional de Comunicaciones (Enacom), que tuvo una reducci\u00f3n de personal de 135 trabajadores. Se destacaron tambi\u00e9n los resultados en el INTA (-54 empleados) y la Comisi\u00f3n Nacional de Energ\u00eda (-32).<\/p>\n<div class=\"visual__image\"><picture><source srcset=\"https:\/\/www.infobae.com\/resizer\/v2\/DNWXH2YISFAHRMUCKSTYCO5LOI.jpg?auth=b09ff183249fe820e51aafe48ccfd5a41a6f393a043f4e96195ee04c1a497a61&amp;smart=true&amp;width=992&amp;height=558&amp;quality=85\" media=\"(min-width: 1000px)\"\/><source srcset=\"https:\/\/www.infobae.com\/resizer\/v2\/DNWXH2YISFAHRMUCKSTYCO5LOI.jpg?auth=b09ff183249fe820e51aafe48ccfd5a41a6f393a043f4e96195ee04c1a497a61&amp;smart=true&amp;width=768&amp;height=432&amp;quality=85\" media=\"(min-width: 768px)\"\/><source srcset=\"https:\/\/www.infobae.com\/resizer\/v2\/DNWXH2YISFAHRMUCKSTYCO5LOI.jpg?auth=b09ff183249fe820e51aafe48ccfd5a41a6f393a043f4e96195ee04c1a497a61&amp;smart=true&amp;width=577&amp;height=325&amp;quality=85\" media=\"(min-width: 580px)\"\/><source srcset=\"https:\/\/www.infobae.com\/resizer\/v2\/DNWXH2YISFAHRMUCKSTYCO5LOI.jpg?auth=b09ff183249fe820e51aafe48ccfd5a41a6f393a043f4e96195ee04c1a497a61&amp;smart=true&amp;width=420&amp;height=236&amp;quality=85\" media=\"(min-width: 350px)\"\/><source srcset=\"https:\/\/www.infobae.com\/resizer\/v2\/DNWXH2YISFAHRMUCKSTYCO5LOI.jpg?auth=b09ff183249fe820e51aafe48ccfd5a41a6f393a043f4e96195ee04c1a497a61&amp;smart=true&amp;width=350&amp;height=197&amp;quality=85\" media=\"(min-width: 80px)\"\/><img alt=\"El INTA perdi\u00f3 a 54 trabajadores a nivel nacional durante el mes de marzo.\" class=\"global-image\" decoding=\"async\" fetchpriority=\"low\" height=\"1080\" loading=\"lazy\" src=\"https:\/\/www.infobae.com\/resizer\/v2\/DNWXH2YISFAHRMUCKSTYCO5LOI.jpg?auth=b09ff183249fe820e51aafe48ccfd5a41a6f393a043f4e96195ee04c1a497a61&amp;smart=true&amp;width=350&amp;height=197&amp;quality=85\" width=\"1920\"\/><\/picture><figcaption class=\"article-figcaption-img\">El INTA perdi\u00f3 a 54 trabajadores a nivel nacional durante el mes de marzo.<\/figcaption><\/div>\n<p class=\"paragraph\">En la <b>Administraci\u00f3n Centralizada<\/b> dejaron de trabajar 313 personas entre febrero y marzo. Entre ellos, la mayor\u00eda pertenec\u00edan a Presidencia de la Naci\u00f3n (-79 trabajadores entre febrero y marzo), el Ministerio de Capital Humano (-66) y el Ministerio de Econom\u00eda (-60).<\/p>\n<p class=\"paragraph\">Por su parte, el segmento de<b> \u201cOtros entes\u201d<\/b> tuvo un recorte de 74 puestos de trabajo y la gran mayor\u00eda pertenec\u00edan al Instituto Nacional de Servicios Sociales para Jubilados y Pensionados (INSSJP\/PAMI), que registr\u00f3 un recorte de 63 puestos de trabajo.<\/p>\n<p class=\"paragraph\">Un contraparte, la<b> \u201cAdministraci\u00f3n desconcentrada\u201d <\/b>sum\u00f3 a 393 empleados en el mes de marzo. Si bien varias \u00e1reas tuvieron recortes, la diferencia la hizo el Estado Mayor General del Ej\u00e9rcito Argentino, que incorpor\u00f3 a 443 empleados.<\/p>\n<p class=\"paragraph\">Como se mencion\u00f3, entre todas las empresas y sociedades que actualmente pertenecen al Estado se perdieron 339 puestos de trabajo en marzo. Ahora bien, al mirar \u201cdentro\u201d de ese n\u00famero, se observa que fueron tres las compa\u00f1\u00edas que tuvieron recortes significativos.<\/p>\n<p class=\"paragraph\">El caso m\u00e1s llamativo es el de la <b>Operadora Ferroviaria S.E.<\/b>, que rest\u00f3 a 136 empleados en el tercer mes del a\u00f1o. Las otras dos empresas que se destacaron fueron el <b>Correo Argentino<\/b> (-75 empleados) y el<b> Banco Naci\u00f3n <\/b>(-59 trabajadores).<\/p>\n<p class=\"paragraph\">Con estos n\u00fameros, se confirma que el recorte de la planta de personal sigue siendo uno de los mecanismos de ajuste elegidos por el Gobierno. De hecho, el propio presidente de la Naci\u00f3n, <b>Javier Milei<\/b>, declar\u00f3 esta semana que \u201cla verdadera presi\u00f3n fiscal es el tama\u00f1o del Estado\u201d, por lo que se presume que la tendencia de ajuste continuar\u00e1 en los pr\u00f3ximos meses.<\/p>\n<\/div>\n<p><script defer=\"\">try{!function(f,b,e,v,n,t,s) {if(f.fbq)return;n=f.fbq=function(){n.callMethod? n.callMethod.apply(n,arguments):n.queue.push(arguments)}; if(!f._fbq)f._fbq=n;n.push=n;n.loaded=!0;n.version='2.0'; n.queue=[];t=b.createElement(e);t.async=!0; t.src=v;s=b.getElementsByTagName(e)[0]; s.parentNode.insertBefore(t,s)}(window, document,'script', ' fbq('init', '336383993555320'); fbq('track', 'PageView'); fbq('track', 'ViewContent');}catch(error){console.log(\"Error al inicializar facebookPixelRawCodeScript:\",error);}<\/script><\/p>\n","protected":false},"excerpt":{"rendered":"<p>El presidente Milei declar\u00f3 recientemente que &#8220;la veradera presi\u00f3n fiscal es el tama\u00f1o del Estado&#8221;. El empleo p\u00fablico fue una constante de ajuste en los primeros 28 meses de gobierno de Milei. Seg\u00fan datos publicados por el Instituto Nacional de Estad\u00edstica y Censos (Indec), desde que Javier Milei desembarc\u00f3 en la Casa Rosada, dejaron de [&hellip;]<\/p>\n","protected":false},"author":2,"featured_media":88124,"comment_status":"","ping_status":"","sticky":false,"template":"","format":"standard","meta":{"footnotes":""},"categories":[2],"tags":[],"_links":{"self":[{"href":"https:\/\/maxradio923.com.ar\/index.php\/wp-json\/wp\/v2\/posts\/88123"}],"collection":[{"href":"https:\/\/maxradio923.com.ar\/index.php\/wp-json\/wp\/v2\/posts"}],"about":[{"href":"https:\/\/maxradio923.com.ar\/index.php\/wp-json\/wp\/v2\/types\/post"}],"author":[{"embeddable":true,"href":"https:\/\/maxradio923.com.ar\/index.php\/wp-json\/wp\/v2\/users\/2"}],"replies":[{"embeddable":true,"href":"https:\/\/maxradio923.com.ar\/index.php\/wp-json\/wp\/v2\/comments?post=88123"}],"version-history":[{"count":0,"href":"https:\/\/maxradio923.com.ar\/index.php\/wp-json\/wp\/v2\/posts\/88123\/revisions"}],"wp:featuredmedia":[{"embeddable":true,"href":"https:\/\/maxradio923.com.ar\/index.php\/wp-json\/wp\/v2\/media\/88124"}],"wp:attachment":[{"href":"https:\/\/maxradio923.com.ar\/index.php\/wp-json\/wp\/v2\/media?parent=88123"}],"wp:term":[{"taxonomy":"category","embeddable":true,"href":"https:\/\/maxradio923.com.ar\/index.php\/wp-json\/wp\/v2\/categories?post=88123"},{"taxonomy":"post_tag","embeddable":true,"href":"https:\/\/maxradio923.com.ar\/index.php\/wp-json\/wp\/v2\/tags?post=88123"}],"curies":[{"name":"wp","href":"https:\/\/api.w.org\/{rel}","templated":true}]}}