{"id":88117,"date":"2026-05-01T08:29:02","date_gmt":"2026-05-01T11:29:02","guid":{"rendered":"https:\/\/maxradio923.com.ar\/index.php\/2026\/05\/01\/la-industria-argentina-retrocedio-27-en-el-primer-trimestre-pero-mejoro-en-marzo-segun-la-uia\/"},"modified":"2026-05-01T08:29:02","modified_gmt":"2026-05-01T11:29:02","slug":"la-industria-argentina-retrocedio-27-en-el-primer-trimestre-pero-mejoro-en-marzo-segun-la-uia","status":"publish","type":"post","link":"https:\/\/maxradio923.com.ar\/index.php\/2026\/05\/01\/la-industria-argentina-retrocedio-27-en-el-primer-trimestre-pero-mejoro-en-marzo-segun-la-uia\/","title":{"rendered":"La industria argentina retrocedi\u00f3 2,7% en el primer trimestre pero mejor\u00f3 en marzo, seg\u00fan la UIA"},"content":{"rendered":"<p><\/p>\n<div>\n<div class=\"visual__image image-initial-width\"><picture><source srcset=\"https:\/\/www.infobae.com\/resizer\/v2\/7IC4CAGTGRDAJNBCBG4VADAAJ4.jpg?auth=c40364e4f937d33fde36cae34f0c33d092952317a0151eba8843414e72bb8e96&amp;smart=true&amp;width=992&amp;height=560&amp;quality=85\" media=\"(min-width: 1000px)\"\/><source srcset=\"https:\/\/www.infobae.com\/resizer\/v2\/7IC4CAGTGRDAJNBCBG4VADAAJ4.jpg?auth=c40364e4f937d33fde36cae34f0c33d092952317a0151eba8843414e72bb8e96&amp;smart=true&amp;width=768&amp;height=433&amp;quality=85\" media=\"(min-width: 768px)\"\/><source srcset=\"https:\/\/www.infobae.com\/resizer\/v2\/7IC4CAGTGRDAJNBCBG4VADAAJ4.jpg?auth=c40364e4f937d33fde36cae34f0c33d092952317a0151eba8843414e72bb8e96&amp;smart=true&amp;width=577&amp;height=325&amp;quality=85\" media=\"(min-width: 580px)\"\/><source srcset=\"https:\/\/www.infobae.com\/resizer\/v2\/7IC4CAGTGRDAJNBCBG4VADAAJ4.jpg?auth=c40364e4f937d33fde36cae34f0c33d092952317a0151eba8843414e72bb8e96&amp;smart=true&amp;width=420&amp;height=237&amp;quality=85\" media=\"(min-width: 350px)\"\/><source srcset=\"https:\/\/www.infobae.com\/resizer\/v2\/7IC4CAGTGRDAJNBCBG4VADAAJ4.jpg?auth=c40364e4f937d33fde36cae34f0c33d092952317a0151eba8843414e72bb8e96&amp;smart=true&amp;width=350&amp;height=197&amp;quality=85\" media=\"(min-width: 80px)\"\/><img alt=\"Vista a\u00e9rea de una l\u00ednea de ensamblaje automatizada con brazos rob\u00f3ticos gris claro sobre cintas transportadoras negras y una pieza de autom\u00f3vil met\u00e1lica\" class=\"global-image\" decoding=\"async\" fetchpriority=\"high\" height=\"1083\" loading=\"eager\" src=\"https:\/\/www.infobae.com\/resizer\/v2\/7IC4CAGTGRDAJNBCBG4VADAAJ4.jpg?auth=c40364e4f937d33fde36cae34f0c33d092952317a0151eba8843414e72bb8e96&amp;smart=true&amp;width=350&amp;height=197&amp;quality=85\" width=\"1920\"\/><\/picture><figcaption class=\"article-figcaption-img\">La producci\u00f3n automotriz creci\u00f3 m\u00e1s de 12% mensual en marzo, pero cay\u00f3 casi 20% interanual. (Infobae)<\/figcaption><\/div>\n<p class=\"paragraph\">La <b>industria argentina<\/b> cerr\u00f3 el primer trimestre de 2026 con una <b>ca\u00edda acumulada del 2,7%<\/b>, aunque el sector vislumbra una recuperaci\u00f3n para marzo y se\u00f1ales de mejora en el corto plazo. <\/p>\n<p class=\"paragraph\">As\u00ed se desprende del <b>Informe Industrial N\u00ba3 CEU de la Uni\u00f3n Industrial Argentina (UIA).<\/b> De acuerdo a los datos relevados, la actividad industrial registr\u00f3 en el tercer mes del a\u00f1o un avance interanual del <b>3,6%<\/b> y un crecimiento mensual del <b>5%<\/b>, lo que implica un repunte respecto al per\u00edodo anterior de debilidad.<\/p>\n<p class=\"paragraph\">Durante el primer trimestre de 2026, la producci\u00f3n industrial nacional retrocedi\u00f3 un <b>2,7%<\/b> con relaci\u00f3n al a\u00f1o previo. Esta ca\u00edda se explica por la combinaci\u00f3n de una demanda interna moderada, una baja utilizaci\u00f3n de la capacidad productiva y factores estacionales que restringieron la actividad, aunque la entidad anticipa para marzo un rebote parcial y mejores perspectivas. Los principales indicadores sectoriales del per\u00edodo muestran una realidad dispar y reflejan la complejidad de la coyuntura productiva local.<\/p>\n<p class=\"paragraph\">La<b> construcci\u00f3n<\/b> evidenci\u00f3 resultados mixtos. Los despachos de cemento aumentaron un <b>5,2%<\/b> en marzo respecto a febrero, y el \u00cdndice Construya avanz\u00f3 un <b>1,3%<\/b>, pero ambas mediciones siguen muy por debajo de los niveles de 2022, con retrocesos superiores al <b>19%<\/b> y al <b>30%<\/b> respectivamente.<\/p>\n<p class=\"paragraph\">La <b>industria automotriz<\/b> mostr\u00f3 una recuperaci\u00f3n en la producci\u00f3n de autom\u00f3viles, que creci\u00f3 un <b>12,6%<\/b> mensual, aunque el balance interanual todav\u00eda es <b>19% menor<\/b> que el del primer trimestre de 2025.<\/p>\n<p class=\"paragraph\">Por su parte, el <b>sector metalmec\u00e1nico<\/b> registr\u00f3 una suba mensual en la producci\u00f3n de acero del <b>30,4%<\/b> y de la metalmec\u00e1nica general del <b>1,5%<\/b>, aunque todav\u00eda se enfrenta a p\u00e9rdidas en la comparaci\u00f3n anual.<\/p>\n<p class=\"paragraph\">En la <b>industria de alimentos y bebidas<\/b>, algunos segmentos como la faena vacuna y la producci\u00f3n l\u00e1ctea crecieron un <b>3,3%<\/b> y un <b>4,6%<\/b> respectivamente en el mes, mientras que la molienda de oleaginosas tuvo un avance destacado del <b>30,1 por ciento<\/b>. Sin embargo, rubros como la confiter\u00eda y el chocolate continuaron con debilidad en su desempe\u00f1o respecto al a\u00f1o pasado.<\/p>\n<p class=\"paragraph\">Uno de los elementos clave que explican estas variaciones es el bajo nivel de comparaci\u00f3n con meses previos, en particular febrero, cuando la actividad industrial funcion\u00f3 a menor capacidad por factores estacionales. El <b>Informe Industrial <\/b>se\u00f1ala que la menor cantidad de d\u00edas h\u00e1biles y la incidencia de las vacaciones contribuyeron a una base baja para medir el rebote observado en marzo.<\/p>\n<div class=\"visual__image\"><picture><source srcset=\"https:\/\/www.infobae.com\/resizer\/v2\/RRHRQSOJ3NCXBIY6CE5U7ATXPU.jpg?auth=d6c2fe61453a8342eed22e729604a00b0eaf84ea2b97e4c657af96ac56ec2169&amp;smart=true&amp;width=992&amp;height=637&amp;quality=85\" media=\"(min-width: 1000px)\"\/><source srcset=\"https:\/\/www.infobae.com\/resizer\/v2\/RRHRQSOJ3NCXBIY6CE5U7ATXPU.jpg?auth=d6c2fe61453a8342eed22e729604a00b0eaf84ea2b97e4c657af96ac56ec2169&amp;smart=true&amp;width=768&amp;height=493&amp;quality=85\" media=\"(min-width: 768px)\"\/><source srcset=\"https:\/\/www.infobae.com\/resizer\/v2\/RRHRQSOJ3NCXBIY6CE5U7ATXPU.jpg?auth=d6c2fe61453a8342eed22e729604a00b0eaf84ea2b97e4c657af96ac56ec2169&amp;smart=true&amp;width=577&amp;height=371&amp;quality=85\" media=\"(min-width: 580px)\"\/><source srcset=\"https:\/\/www.infobae.com\/resizer\/v2\/RRHRQSOJ3NCXBIY6CE5U7ATXPU.jpg?auth=d6c2fe61453a8342eed22e729604a00b0eaf84ea2b97e4c657af96ac56ec2169&amp;smart=true&amp;width=420&amp;height=270&amp;quality=85\" media=\"(min-width: 350px)\"\/><source srcset=\"https:\/\/www.infobae.com\/resizer\/v2\/RRHRQSOJ3NCXBIY6CE5U7ATXPU.jpg?auth=d6c2fe61453a8342eed22e729604a00b0eaf84ea2b97e4c657af96ac56ec2169&amp;smart=true&amp;width=350&amp;height=225&amp;quality=85\" media=\"(min-width: 80px)\"\/><img alt=\"Industria Ferreres\" class=\"global-image\" decoding=\"async\" fetchpriority=\"low\" height=\"751\" loading=\"lazy\" src=\"https:\/\/www.infobae.com\/resizer\/v2\/RRHRQSOJ3NCXBIY6CE5U7ATXPU.jpg?auth=d6c2fe61453a8342eed22e729604a00b0eaf84ea2b97e4c657af96ac56ec2169&amp;smart=true&amp;width=350&amp;height=225&amp;quality=85\" width=\"1169\"\/><\/picture><figcaption class=\"article-figcaption-img\">El \u00cdndice de Producci\u00f3n Industrial de la consultora OJF &amp; Asociados arroj\u00f3 un avance de 0,7% en marzo y una ca\u00edda de 3,1% en el primer trimestre del a\u00f1o.<\/figcaption><\/div>\n<p class=\"paragraph\">La <b>din\u00e1mica estacional<\/b> en el sector agroindustrial tambi\u00e9n tuvo impacto, impulsada por el comienzo de la cosecha y la concentraci\u00f3n de la liquidaci\u00f3n de divisas agropecuarias. Adem\u00e1s, la demanda interna se mantuvo d\u00e9bil en algunas ramas, y la competitividad de la industria estuvo condicionada por la presi\u00f3n de las importaciones.<\/p>\n<p class=\"paragraph\">En el \u00e1mbito energ\u00e9tico, el consumo de electricidad de los grandes usuarios industriales aument\u00f3 un <b>16%<\/b> en marzo respecto a febrero, indicando una reactivaci\u00f3n parcial de algunas ramas manufactureras tras la desaceleraci\u00f3n de los meses anteriores.<\/p>\n<p class=\"paragraph\">El an\u00e1lisis sectorial identifica claros ganadores y perdedores. La <b>refinaci\u00f3n de petr\u00f3leo<\/b> creci\u00f3 un <b>19,7%<\/b> interanual, favorecida por el desarrollo de Vaca Muerta y una mejor din\u00e1mica en la refinaci\u00f3n dom\u00e9stica. El sector qu\u00edmico mostr\u00f3 un incremento del <b>3,7%<\/b>, sostenido por la expansi\u00f3n de productos farmac\u00e9uticos, de limpieza y qu\u00edmicos b\u00e1sicos.<\/p>\n<p class=\"paragraph\">En el extremo opuesto, el sector <b>textil<\/b> fue uno de los m\u00e1s afectados, con una baja superior al <b>33%<\/b> frente al a\u00f1o anterior, agravada por el descenso en el consumo y la competencia de importaciones. Las ramas de bienes durables y de capital registraron un <b>descenso del 29,4%<\/b> en maquinaria y equipo y ca\u00eddas cercanas al <b>25%<\/b> en automotores y otros aparatos el\u00e9ctricos.<\/p>\n<div class=\"visual__image\"><picture><source srcset=\"https:\/\/www.infobae.com\/resizer\/v2\/CXVUPEOGO5D3NBBDRF5PXGUABQ.JPG?auth=50284288be0afc9366d8e52273220479bab24c7de3d3600e025c1a15efc8cba4&amp;smart=true&amp;width=992&amp;height=650&amp;quality=85\" media=\"(min-width: 1000px)\"\/><source srcset=\"https:\/\/www.infobae.com\/resizer\/v2\/CXVUPEOGO5D3NBBDRF5PXGUABQ.JPG?auth=50284288be0afc9366d8e52273220479bab24c7de3d3600e025c1a15efc8cba4&amp;smart=true&amp;width=768&amp;height=503&amp;quality=85\" media=\"(min-width: 768px)\"\/><source srcset=\"https:\/\/www.infobae.com\/resizer\/v2\/CXVUPEOGO5D3NBBDRF5PXGUABQ.JPG?auth=50284288be0afc9366d8e52273220479bab24c7de3d3600e025c1a15efc8cba4&amp;smart=true&amp;width=577&amp;height=378&amp;quality=85\" media=\"(min-width: 580px)\"\/><source srcset=\"https:\/\/www.infobae.com\/resizer\/v2\/CXVUPEOGO5D3NBBDRF5PXGUABQ.JPG?auth=50284288be0afc9366d8e52273220479bab24c7de3d3600e025c1a15efc8cba4&amp;smart=true&amp;width=420&amp;height=275&amp;quality=85\" media=\"(min-width: 350px)\"\/><source srcset=\"https:\/\/www.infobae.com\/resizer\/v2\/CXVUPEOGO5D3NBBDRF5PXGUABQ.JPG?auth=50284288be0afc9366d8e52273220479bab24c7de3d3600e025c1a15efc8cba4&amp;smart=true&amp;width=350&amp;height=229&amp;quality=85\" media=\"(min-width: 80px)\"\/><img alt=\"El sector textil es uno de los m\u00e1s golpeados en los \u00faltimos a\u00f1os. REUTERS\/Agustin Marcarian\" class=\"global-image\" decoding=\"async\" fetchpriority=\"low\" height=\"3424\" loading=\"lazy\" src=\"https:\/\/www.infobae.com\/resizer\/v2\/CXVUPEOGO5D3NBBDRF5PXGUABQ.JPG?auth=50284288be0afc9366d8e52273220479bab24c7de3d3600e025c1a15efc8cba4&amp;smart=true&amp;width=350&amp;height=229&amp;quality=85\" width=\"5223\"\/><\/picture><figcaption class=\"article-figcaption-img\">El sector textil es uno de los m\u00e1s golpeados en los \u00faltimos a\u00f1os. REUTERS\/Agustin Marcarian<\/figcaption><\/div>\n<p class=\"paragraph\">Otras industrias vinculadas al consumo masivo, como la de bebidas, tambi\u00e9n retrocedieron, aunque en menor proporci\u00f3n. Segmentos orientados a la demanda interna \u2014muebles, colchones, madera y papel\u2014 experimentaron bajas interanuales de entre el <b>-1,5%<\/b> y el <b>-12%<\/b>, de acuerdo con la UIA.<\/p>\n<p class=\"paragraph\">En el mercado externo, las <b>exportaciones industriales a Brasil<\/b>, principal socio comercial de Argentina, cayeron un <b>1,5%<\/b> en marzo respecto al mes anterior, y acumulan una baja interanual del <b>12,1 por ciento<\/b>. Esta tendencia afect\u00f3 principalmente a la manufactura de bienes durables y la industria automotriz, que dependen de la demanda brasile\u00f1a.<\/p>\n<p class=\"paragraph\">En cambio, la liquidaci\u00f3n de divisas de la <b>producci\u00f3n agroindustrial<\/b> aument\u00f3 un <b>54,2%<\/b> mensual, empujada por factores estacionales relacionados con el calendario de cosecha.<\/p>\n<p class=\"paragraph\">La combinaci\u00f3n de estos factores locales y externos llev\u00f3 a que catorce de las diecis\u00e9is ramas industriales incluidas en el \u00edndice manufacturero presentaran ca\u00eddas interanuales al cierre de febrero, lo que pone de manifiesto la persistente heterogeneidad sectorial de la <b>industria argentina<\/b> en este ciclo.<\/p>\n<\/div>\n<p><script defer=\"\">try{!function(f,b,e,v,n,t,s) {if(f.fbq)return;n=f.fbq=function(){n.callMethod? n.callMethod.apply(n,arguments):n.queue.push(arguments)}; if(!f._fbq)f._fbq=n;n.push=n;n.loaded=!0;n.version='2.0'; n.queue=[];t=b.createElement(e);t.async=!0; t.src=v;s=b.getElementsByTagName(e)[0]; s.parentNode.insertBefore(t,s)}(window, document,'script', ' fbq('init', '336383993555320'); fbq('track', 'PageView'); fbq('track', 'ViewContent');}catch(error){console.log(\"Error al inicializar facebookPixelRawCodeScript:\",error);}<\/script><\/p>\n","protected":false},"excerpt":{"rendered":"<p>La producci\u00f3n automotriz creci\u00f3 m\u00e1s de 12% mensual en marzo, pero cay\u00f3 casi 20% interanual. (Infobae) La industria argentina cerr\u00f3 el primer trimestre de 2026 con una ca\u00edda acumulada del 2,7%, aunque el sector vislumbra una recuperaci\u00f3n para marzo y se\u00f1ales de mejora en el corto plazo. As\u00ed se desprende del Informe Industrial N\u00ba3 CEU [&hellip;]<\/p>\n","protected":false},"author":2,"featured_media":88118,"comment_status":"","ping_status":"","sticky":false,"template":"","format":"standard","meta":{"footnotes":""},"categories":[2],"tags":[],"_links":{"self":[{"href":"https:\/\/maxradio923.com.ar\/index.php\/wp-json\/wp\/v2\/posts\/88117"}],"collection":[{"href":"https:\/\/maxradio923.com.ar\/index.php\/wp-json\/wp\/v2\/posts"}],"about":[{"href":"https:\/\/maxradio923.com.ar\/index.php\/wp-json\/wp\/v2\/types\/post"}],"author":[{"embeddable":true,"href":"https:\/\/maxradio923.com.ar\/index.php\/wp-json\/wp\/v2\/users\/2"}],"replies":[{"embeddable":true,"href":"https:\/\/maxradio923.com.ar\/index.php\/wp-json\/wp\/v2\/comments?post=88117"}],"version-history":[{"count":0,"href":"https:\/\/maxradio923.com.ar\/index.php\/wp-json\/wp\/v2\/posts\/88117\/revisions"}],"wp:featuredmedia":[{"embeddable":true,"href":"https:\/\/maxradio923.com.ar\/index.php\/wp-json\/wp\/v2\/media\/88118"}],"wp:attachment":[{"href":"https:\/\/maxradio923.com.ar\/index.php\/wp-json\/wp\/v2\/media?parent=88117"}],"wp:term":[{"taxonomy":"category","embeddable":true,"href":"https:\/\/maxradio923.com.ar\/index.php\/wp-json\/wp\/v2\/categories?post=88117"},{"taxonomy":"post_tag","embeddable":true,"href":"https:\/\/maxradio923.com.ar\/index.php\/wp-json\/wp\/v2\/tags?post=88117"}],"curies":[{"name":"wp","href":"https:\/\/api.w.org\/{rel}","templated":true}]}}