{"id":88107,"date":"2026-05-01T01:23:03","date_gmt":"2026-05-01T04:23:03","guid":{"rendered":"https:\/\/maxradio923.com.ar\/index.php\/2026\/05\/01\/abril-cerro-con-inflacion-en-baja-por-primera-vez-en-diez-meses-en-mayo-se-puede-perforar-el-2\/"},"modified":"2026-05-01T01:23:03","modified_gmt":"2026-05-01T04:23:03","slug":"abril-cerro-con-inflacion-en-baja-por-primera-vez-en-diez-meses-en-mayo-se-puede-perforar-el-2","status":"publish","type":"post","link":"https:\/\/maxradio923.com.ar\/index.php\/2026\/05\/01\/abril-cerro-con-inflacion-en-baja-por-primera-vez-en-diez-meses-en-mayo-se-puede-perforar-el-2\/","title":{"rendered":"Abril cerr\u00f3 con inflaci\u00f3n en baja por primera vez en diez meses: \u00bfen mayo se puede perforar el 2%?"},"content":{"rendered":"<p><\/p>\n<div>\n<div class=\"visual__image image-initial-width\"><picture><source srcset=\"https:\/\/www.infobae.com\/resizer\/v2\/OQLFAFWYKBBUTDKMZELEC2GWVM.JPG?auth=498dd7e9baf63cfc901b22a2ecb88d810a79224b4ffdb597f1e072d2da0f786d&amp;smart=true&amp;width=992&amp;height=558&amp;quality=85\" media=\"(min-width: 1000px)\"\/><source srcset=\"https:\/\/www.infobae.com\/resizer\/v2\/OQLFAFWYKBBUTDKMZELEC2GWVM.JPG?auth=498dd7e9baf63cfc901b22a2ecb88d810a79224b4ffdb597f1e072d2da0f786d&amp;smart=true&amp;width=768&amp;height=432&amp;quality=85\" media=\"(min-width: 768px)\"\/><source srcset=\"https:\/\/www.infobae.com\/resizer\/v2\/OQLFAFWYKBBUTDKMZELEC2GWVM.JPG?auth=498dd7e9baf63cfc901b22a2ecb88d810a79224b4ffdb597f1e072d2da0f786d&amp;smart=true&amp;width=577&amp;height=325&amp;quality=85\" media=\"(min-width: 580px)\"\/><source srcset=\"https:\/\/www.infobae.com\/resizer\/v2\/OQLFAFWYKBBUTDKMZELEC2GWVM.JPG?auth=498dd7e9baf63cfc901b22a2ecb88d810a79224b4ffdb597f1e072d2da0f786d&amp;smart=true&amp;width=420&amp;height=236&amp;quality=85\" media=\"(min-width: 350px)\"\/><source srcset=\"https:\/\/www.infobae.com\/resizer\/v2\/OQLFAFWYKBBUTDKMZELEC2GWVM.JPG?auth=498dd7e9baf63cfc901b22a2ecb88d810a79224b4ffdb597f1e072d2da0f786d&amp;smart=true&amp;width=350&amp;height=197&amp;quality=85\" media=\"(min-width: 80px)\"\/><img alt=\"Las consultoras privadas anticipan una desaceleraci\u00f3n de la inflaci\u00f3n en abril tras 10 meses consecutivos al alza. REUTERS\/Irina Dambrauskas\" class=\"global-image\" decoding=\"async\" fetchpriority=\"high\" height=\"1816\" loading=\"eager\" src=\"https:\/\/www.infobae.com\/resizer\/v2\/OQLFAFWYKBBUTDKMZELEC2GWVM.JPG?auth=498dd7e9baf63cfc901b22a2ecb88d810a79224b4ffdb597f1e072d2da0f786d&amp;smart=true&amp;width=350&amp;height=197&amp;quality=85\" width=\"3229\"\/><\/picture><figcaption class=\"article-figcaption-img\">Las consultoras privadas anticipan una desaceleraci\u00f3n de la inflaci\u00f3n en abril tras 10 meses consecutivos al alza. REUTERS\/Irina Dambrauskas<\/figcaption><\/div>\n<p class=\"paragraph\">Tal como se esperaba en su arranque, finalmente<b> abril marc\u00f3 el primer mes de desinflaci\u00f3n en casi un a\u00f1o<\/b>. Analistas econ\u00f3micos coinciden en que el \u00edndice habr\u00eda cerrado en torno al 2,5% luego del pico de 3,4% alcanzado en marzo.<\/p>\n<p class=\"paragraph\">Aunque todav\u00eda sigue siendo un dato elevado, se trata de un punto de inflexi\u00f3n luego de diez meses de subas consecutivas. El piso del gobierno de <b>Javier Milei <\/b>se alcanz\u00f3 en <b>mayo del 2025<\/b>, cuando el \u00cdndice de Precios al Consumidor (IPC) toc\u00f3 el<b> 1,5 por ciento<\/b>. Desde entonces, la din\u00e1mica comenz\u00f3 un recorrido alcista que reci\u00e9n ahora se estar\u00eda quebrando.<\/p>\n<p class=\"paragraph\">Hubo varios factores que ayudaron a que en abril se diera un salto menor significativo en los precios. <b>Retrocedi\u00f3 levemente la carne, se congelaron los valores de la nafta<\/b> (aunque en parte se traslad\u00f3 la suba de marzo) y adem\u00e1s el <b>d\u00f3lar oper\u00f3 con mucha tranquilidad<\/b>. En simult\u00e1neo, no pesaron algunos aumentos estacionales como educaci\u00f3n, que impact\u00f3 fuerte en marzo.<\/p>\n<p class=\"paragraph\">El economista <b>Fernando Marull<\/b> proyect\u00f3 que en mayo el \u00edndice podr\u00eda bajar otro escal\u00f3n hasta niveles de 2%, aunque no descart\u00f3 \u201cque incluso pueda ser menos\u201d.<\/p>\n<p class=\"paragraph\">La hip\u00f3tesis es que se repitan algunos comportamientos de abril que estar\u00edan ayudando a la desaceleraci\u00f3n inflacionaria. La carne, por ejemplo, tendr\u00eda otro mes tranquilo por delante, lo que impactar\u00eda favorablemente en el rubro alimentos y bebidas.<\/p>\n<p class=\"paragraph\">Al mismo tiempo, el 10 de mayo vence el compromiso de YPF de mantener los precios estables en los surtidores, pero <b>no se espera una suba significativa a\u00fan con las presiones<\/b> que siguen afectando al barril de petr\u00f3leo internacional por el conflicto en Medio Oriente. Adem\u00e1s, el ajuste tarifario se moderar\u00e1 de manera significativa.<\/p>\n<p class=\"paragraph\">Por otro lado, <b>no se prev\u00e9 que el tipo de cambio vaya a tener un salto significativo<\/b> durante el mes, especialmente porque se viene una verdadera lluvia de d\u00f3lares por la liquidaci\u00f3n de la cosecha gruesa.<\/p>\n<p class=\"paragraph\">Ayer el Central compr\u00f3 nuevamente una cifra muy significativa, USD 207 millones, pero el tipo de cambio oficial minorista ni se movi\u00f3 y cerr\u00f3 la semana a $1.415 para la venta. La tranquilidad cambiaria es una condici\u00f3n necesaria, aunque no suficiente, para anclar los precios.<\/p>\n<p class=\"paragraph\">En tal sentido, Marull destac\u00f3 que la principal consecuencia de la baja de la inflaci\u00f3n en abril es que<b> los salarios le estar\u00edan ganando a los precios por primera vez en el a\u00f1o<\/b>. El 2,6% de aumento de inflaci\u00f3n que este economista espera para abril compara contra un aumento de salarios promedio del orden de 4,8 por ciento. En los tres primeros meses del a\u00f1o se hab\u00eda dado la relaci\u00f3n opuesta.<\/p>\n<p class=\"paragraph\">Ahora la expectativa es que <b>la econom\u00eda ingrese lentamente en una suerte de c\u00edrculo virtuoso<\/b>: baja la inflaci\u00f3n, se reduce la tasa de inter\u00e9s, mejoran los salarios y la demanda interna empieza a repuntar. <\/p>\n<p class=\"paragraph\">Aunque todo indica que se vienen mejores meses para la econom\u00eda, resulta muy dif\u00edcil determinar si la mejora ser\u00e1 significativa para que se sienta en los grandes centros urbanos. Por ahora, el crecimiento se concentra en sectores como la miner\u00eda, el agro y la energ\u00eda. <\/p>\n<p class=\"paragraph\">El titular del Central, <b>Santiago Bausili<\/b>, hab\u00eda se\u00f1alado que \u201cel \u00edndice de precios aument\u00f3 m\u00e1s de lo deseado en marzo, y que, a nivel general, podr\u00eda indicarse que hubo un cambio de tendencia en el nivel de inflaci\u00f3n mensual. Nosotros creemos que esto es temporario\u201d, afirm\u00f3.<\/p>\n<p class=\"paragraph\">Seg\u00fan explic\u00f3, el salto reciente respondi\u00f3 a la ca\u00edda en la demanda de dinero registrada en la previa electoral del a\u00f1o pasado, combinada con una serie de reacomodamientos de precios relativos. \u201cLas expectativas de mercado permanecen bien ancladas y tambi\u00e9n se\u00f1alan un proceso desinflacionario hacia delante\u201d, concluy\u00f3.<\/p>\n<\/div>\n<p><script defer=\"\">try{!function(f,b,e,v,n,t,s) {if(f.fbq)return;n=f.fbq=function(){n.callMethod? n.callMethod.apply(n,arguments):n.queue.push(arguments)}; if(!f._fbq)f._fbq=n;n.push=n;n.loaded=!0;n.version='2.0'; n.queue=[];t=b.createElement(e);t.async=!0; t.src=v;s=b.getElementsByTagName(e)[0]; s.parentNode.insertBefore(t,s)}(window, document,'script', ' fbq('init', '336383993555320'); fbq('track', 'PageView'); fbq('track', 'ViewContent');}catch(error){console.log(\"Error al inicializar facebookPixelRawCodeScript:\",error);}<\/script><\/p>\n","protected":false},"excerpt":{"rendered":"<p>Las consultoras privadas anticipan una desaceleraci\u00f3n de la inflaci\u00f3n en abril tras 10 meses consecutivos al alza. REUTERS\/Irina Dambrauskas Tal como se esperaba en su arranque, finalmente abril marc\u00f3 el primer mes de desinflaci\u00f3n en casi un a\u00f1o. Analistas econ\u00f3micos coinciden en que el \u00edndice habr\u00eda cerrado en torno al 2,5% luego del pico de [&hellip;]<\/p>\n","protected":false},"author":2,"featured_media":66777,"comment_status":"","ping_status":"","sticky":false,"template":"","format":"standard","meta":{"footnotes":""},"categories":[2],"tags":[],"_links":{"self":[{"href":"https:\/\/maxradio923.com.ar\/index.php\/wp-json\/wp\/v2\/posts\/88107"}],"collection":[{"href":"https:\/\/maxradio923.com.ar\/index.php\/wp-json\/wp\/v2\/posts"}],"about":[{"href":"https:\/\/maxradio923.com.ar\/index.php\/wp-json\/wp\/v2\/types\/post"}],"author":[{"embeddable":true,"href":"https:\/\/maxradio923.com.ar\/index.php\/wp-json\/wp\/v2\/users\/2"}],"replies":[{"embeddable":true,"href":"https:\/\/maxradio923.com.ar\/index.php\/wp-json\/wp\/v2\/comments?post=88107"}],"version-history":[{"count":0,"href":"https:\/\/maxradio923.com.ar\/index.php\/wp-json\/wp\/v2\/posts\/88107\/revisions"}],"wp:featuredmedia":[{"embeddable":true,"href":"https:\/\/maxradio923.com.ar\/index.php\/wp-json\/wp\/v2\/media\/66777"}],"wp:attachment":[{"href":"https:\/\/maxradio923.com.ar\/index.php\/wp-json\/wp\/v2\/media?parent=88107"}],"wp:term":[{"taxonomy":"category","embeddable":true,"href":"https:\/\/maxradio923.com.ar\/index.php\/wp-json\/wp\/v2\/categories?post=88107"},{"taxonomy":"post_tag","embeddable":true,"href":"https:\/\/maxradio923.com.ar\/index.php\/wp-json\/wp\/v2\/tags?post=88107"}],"curies":[{"name":"wp","href":"https:\/\/api.w.org\/{rel}","templated":true}]}}