{"id":88105,"date":"2026-04-30T21:28:10","date_gmt":"2026-05-01T00:28:10","guid":{"rendered":"https:\/\/maxradio923.com.ar\/index.php\/2026\/04\/30\/horacio-marin-ceo-de-ypf-argentina-va-a-terminar-exportando-un-millon-de-barriles-de-petroleo-diarios-en-unos-anos\/"},"modified":"2026-04-30T21:28:10","modified_gmt":"2026-05-01T00:28:10","slug":"horacio-marin-ceo-de-ypf-argentina-va-a-terminar-exportando-un-millon-de-barriles-de-petroleo-diarios-en-unos-anos","status":"publish","type":"post","link":"https:\/\/maxradio923.com.ar\/index.php\/2026\/04\/30\/horacio-marin-ceo-de-ypf-argentina-va-a-terminar-exportando-un-millon-de-barriles-de-petroleo-diarios-en-unos-anos\/","title":{"rendered":"Horacio Mar\u00edn, CEO de YPF: \u201cArgentina va a terminar exportando un mill\u00f3n de barriles de petr\u00f3leo diarios en unos a\u00f1os\u201d"},"content":{"rendered":"<p><\/p>\n<div>\n<div class=\"visual__image image-initial-width\"><picture><source srcset=\"https:\/\/www.infobae.com\/resizer\/v2\/UIFXCSMXUFFGDHF7EW5NJENT5Y.jpg?auth=0c1d11ac21908f17f3640455c5aae154009c23cf79fce892c5584560987e50e5&amp;smart=true&amp;width=992&amp;height=661&amp;quality=85\" media=\"(min-width: 1000px)\"\/><source srcset=\"https:\/\/www.infobae.com\/resizer\/v2\/UIFXCSMXUFFGDHF7EW5NJENT5Y.jpg?auth=0c1d11ac21908f17f3640455c5aae154009c23cf79fce892c5584560987e50e5&amp;smart=true&amp;width=768&amp;height=512&amp;quality=85\" media=\"(min-width: 768px)\"\/><source srcset=\"https:\/\/www.infobae.com\/resizer\/v2\/UIFXCSMXUFFGDHF7EW5NJENT5Y.jpg?auth=0c1d11ac21908f17f3640455c5aae154009c23cf79fce892c5584560987e50e5&amp;smart=true&amp;width=577&amp;height=385&amp;quality=85\" media=\"(min-width: 580px)\"\/><source srcset=\"https:\/\/www.infobae.com\/resizer\/v2\/UIFXCSMXUFFGDHF7EW5NJENT5Y.jpg?auth=0c1d11ac21908f17f3640455c5aae154009c23cf79fce892c5584560987e50e5&amp;smart=true&amp;width=420&amp;height=280&amp;quality=85\" media=\"(min-width: 350px)\"\/><source srcset=\"https:\/\/www.infobae.com\/resizer\/v2\/UIFXCSMXUFFGDHF7EW5NJENT5Y.jpg?auth=0c1d11ac21908f17f3640455c5aae154009c23cf79fce892c5584560987e50e5&amp;smart=true&amp;width=350&amp;height=233&amp;quality=85\" media=\"(min-width: 80px)\"\/><img alt=\"Fundaci\u00f3n YPF, en La Feria del Libro\" class=\"global-image\" decoding=\"async\" fetchpriority=\"high\" height=\"3593\" loading=\"eager\" src=\"https:\/\/www.infobae.com\/resizer\/v2\/UIFXCSMXUFFGDHF7EW5NJENT5Y.jpg?auth=0c1d11ac21908f17f3640455c5aae154009c23cf79fce892c5584560987e50e5&amp;smart=true&amp;width=350&amp;height=233&amp;quality=85\" width=\"5389\"\/><\/picture><figcaption class=\"article-figcaption-img\">El titular de YPF proyect\u00f3 una producci\u00f3n de un mill\u00f3n de barriles diarios para exportaci\u00f3n.(Jaime Olivos)<\/figcaption><\/div>\n<p class=\"paragraph\">La aceleraci\u00f3n de la industria energ\u00e9tica argentina, que se proyecta hacia una producci\u00f3n diaria de 1 mill\u00f3n de barriles de petr\u00f3leo y un potencial exportador equivalente en menos de seis a\u00f1os, fue el eje central de un encuentro estrat\u00e9gico en la Feria Internacional del Libro de Buenos Aires. La charla, protagonizada por <b>Horacio Mar\u00edn<\/b>, presidente y CEO de YPF, y <b>Rolando Figueroa<\/b>, gobernador de Neuqu\u00e9n, se desarroll\u00f3 en el stand de <b>Ticmas<\/b>, la plataforma educativa digital e integral de origen argentino que lidera la transformaci\u00f3n escolar en Latinoam\u00e9rica a trav\u00e9s de contenidos interactivos, rob\u00f3tica y gamificaci\u00f3n.<\/p>\n<p class=\"paragraph\">En ese contexto, Mar\u00edn manifest\u00f3 ante el p\u00fablico reunido, entre quienes se encontraban asistentes del propio evento, entre otros dirigentes de la industria, que la Argentina \u201c<b>va a terminar exportando el mill\u00f3n de barriles<\/b>\u201d. Sin embargo, adelant\u00f3: \u201cNo creo que est\u00e9 en YPF para ese entonces; quiz\u00e1s sea en <b>2033<\/b> o <b>2034<\/b>\u2033. <\/p>\n<p class=\"paragraph\">En este sentido, resalt\u00f3, no obstante, que este esfuerzo \u201cno depende s\u00f3lo de YPF, sino que incluye a toda la Argentina y a toda la industria. Nosotros vamos con todo para llegar al pico antes del 31\u201d, asegur\u00f3. Mar\u00edn explic\u00f3 que este salto sin precedentes en la escala de la actividad colocar\u00eda al pa\u00eds por encima del umbral que hoy solo superan un pu\u00f1ado de naciones productoras de petr\u00f3leo.<\/p>\n<p class=\"paragraph\">Para el presidente de YPF, la clave para alcanzar este objetivo in\u00e9dito radica en el nuevo entorno regulatorio y en la apertura de mercados: \u201cPara desarrollar Vaca Muerta hay que entender que hay que exportar. No se van a invertir millones y millones si no se va a poder exportar. Primero el gobierno ten\u00eda que lograr <b>RIGI<\/b>, libre mercado, apertura de los mercados, <i>business friendly<\/i> -los negocios son bien vistos-. <b>Sabemos que la riqueza no la genera el Estado, la generan los privados\u201d<\/b>.<\/p>\n<div class=\"visual__image\"><picture><source srcset=\"https:\/\/www.infobae.com\/resizer\/v2\/KJLOXQTRMVGWJEZC5RQD7M433U.jpg?auth=933c39c2a92b14b27ff5a27c13ea841e8ad64ba5cefa509dfbc10823806875a4&amp;smart=true&amp;width=992&amp;height=661&amp;quality=85\" media=\"(min-width: 1000px)\"\/><source srcset=\"https:\/\/www.infobae.com\/resizer\/v2\/KJLOXQTRMVGWJEZC5RQD7M433U.jpg?auth=933c39c2a92b14b27ff5a27c13ea841e8ad64ba5cefa509dfbc10823806875a4&amp;smart=true&amp;width=768&amp;height=512&amp;quality=85\" media=\"(min-width: 768px)\"\/><source srcset=\"https:\/\/www.infobae.com\/resizer\/v2\/KJLOXQTRMVGWJEZC5RQD7M433U.jpg?auth=933c39c2a92b14b27ff5a27c13ea841e8ad64ba5cefa509dfbc10823806875a4&amp;smart=true&amp;width=577&amp;height=385&amp;quality=85\" media=\"(min-width: 580px)\"\/><source srcset=\"https:\/\/www.infobae.com\/resizer\/v2\/KJLOXQTRMVGWJEZC5RQD7M433U.jpg?auth=933c39c2a92b14b27ff5a27c13ea841e8ad64ba5cefa509dfbc10823806875a4&amp;smart=true&amp;width=420&amp;height=280&amp;quality=85\" media=\"(min-width: 350px)\"\/><source srcset=\"https:\/\/www.infobae.com\/resizer\/v2\/KJLOXQTRMVGWJEZC5RQD7M433U.jpg?auth=933c39c2a92b14b27ff5a27c13ea841e8ad64ba5cefa509dfbc10823806875a4&amp;smart=true&amp;width=350&amp;height=233&amp;quality=85\" media=\"(min-width: 80px)\"\/><img alt=\"Fundaci\u00f3n YPF, en La Feria del Libro\" class=\"global-image\" decoding=\"async\" fetchpriority=\"low\" height=\"3760\" loading=\"lazy\" src=\"https:\/\/www.infobae.com\/resizer\/v2\/KJLOXQTRMVGWJEZC5RQD7M433U.jpg?auth=933c39c2a92b14b27ff5a27c13ea841e8ad64ba5cefa509dfbc10823806875a4&amp;smart=true&amp;width=350&amp;height=233&amp;quality=85\" width=\"5640\"\/><\/picture><figcaption class=\"article-figcaption-img\">Horacio Mar\u00edn destac\u00f3 la importancia del RIGI para motorizar el crecimiento de Vaca Muerta. (Jaime Olivos)<\/figcaption><\/div>\n<p class=\"paragraph\">Mar\u00edn remarc\u00f3 que este a\u00f1o YPF planea certificar la capacitaci\u00f3n de 2.500 trabajadores, cifra que saltar\u00e1 a 3.000 por a\u00f1o desde 2027, lo que permitir\u00e1 alcanzar 15.000 t\u00e9cnicos calificados formados en el Instituto Vaca Muerta. Este centro, impulsado inicialmente por YPF, funciona hoy como una alianza de <b>14 compa\u00f1\u00edas del sector<\/b> \u2014incluyendo a <b>Vista, PAE, Pluspetrol, Tecpetrol, Pampa Energ\u00eda, Shell y Chevron<\/b>\u2014 con el objetivo de estandarizar las competencias t\u00e9cnicas y de seguridad que demanda el desarrollo de los no convencionales hacia 2030.<\/p>\n<p class=\"paragraph\">A su vez, el CEO de YPF describi\u00f3 la magnitud de la demanda laboral que implica este proceso: \u201cEstos cuatro a\u00f1os vamos a demandar alrededor de <b>40.000 puestos de trabajo<\/b> y creo que nos quedamos cortos. Hay mucho trabajo de construcci\u00f3n. Cuando hagamos el proyecto de GNL, se va a dar en el mismo momento en que est\u00e9 finalizando el Vaca Muerta Oil Sur (VMOS) y tambi\u00e9n va a estar en construcci\u00f3n el gasoducto de SESA, as\u00ed como el mayor poliducto de la historia que lo va a estar haciendo YPF. En lo que es trabajo de construcci\u00f3n se van a necesitar hasta de pa\u00edses lim\u00edtrofes\u201d.<\/p>\n<p class=\"paragraph\">Adem\u00e1s, Mar\u00edn resalt\u00f3 que el nuevo pacto federal energ\u00e9tico redefine la competencia en el sector: \u201cAhora se termin\u00f3 la ley de la selva; no se compite m\u00e1s por <i>market share<\/i>. Antes le robaban participaci\u00f3n a YPF porque era el que m\u00e1s ten\u00eda. Pero, ahora, con estas condiciones, por cada barril que se produzca la mitad se va a ir al exterior y la industria colabora con eso\u201d.<\/p>\n<p class=\"paragraph\">El gobernador <b>Rolando Figueroa<\/b> coincidi\u00f3 en la visi\u00f3n transformadora y subray\u00f3 el papel de Neuqu\u00e9n como \u201cmotor\u201d de la expansi\u00f3n. Durante su intervenci\u00f3n, enfatiz\u00f3: \u201cVaca Muerta requiri\u00f3 de una buena gobernanza. Neuqu\u00e9n siempre trabaj\u00f3 como un motor, pero faltaban las condiciones para despegar; las hemos conseguido y nos pusimos en l\u00ednea con la normativa nacional. Cambi\u00f3 el paradigma de la escasez por la abundancia\u201d.<\/p>\n<div class=\"visual__image\"><picture><source srcset=\"https:\/\/www.infobae.com\/resizer\/v2\/2BF34FRXUJFWZPDS3HROWK5D2I.jpg?auth=b9514add0f7cc6b29663de2acf9d693b6ee25b0242dc007e92706c7151c7f94d&amp;smart=true&amp;width=992&amp;height=661&amp;quality=85\" media=\"(min-width: 1000px)\"\/><source srcset=\"https:\/\/www.infobae.com\/resizer\/v2\/2BF34FRXUJFWZPDS3HROWK5D2I.jpg?auth=b9514add0f7cc6b29663de2acf9d693b6ee25b0242dc007e92706c7151c7f94d&amp;smart=true&amp;width=768&amp;height=512&amp;quality=85\" media=\"(min-width: 768px)\"\/><source srcset=\"https:\/\/www.infobae.com\/resizer\/v2\/2BF34FRXUJFWZPDS3HROWK5D2I.jpg?auth=b9514add0f7cc6b29663de2acf9d693b6ee25b0242dc007e92706c7151c7f94d&amp;smart=true&amp;width=577&amp;height=385&amp;quality=85\" media=\"(min-width: 580px)\"\/><source srcset=\"https:\/\/www.infobae.com\/resizer\/v2\/2BF34FRXUJFWZPDS3HROWK5D2I.jpg?auth=b9514add0f7cc6b29663de2acf9d693b6ee25b0242dc007e92706c7151c7f94d&amp;smart=true&amp;width=420&amp;height=280&amp;quality=85\" media=\"(min-width: 350px)\"\/><source srcset=\"https:\/\/www.infobae.com\/resizer\/v2\/2BF34FRXUJFWZPDS3HROWK5D2I.jpg?auth=b9514add0f7cc6b29663de2acf9d693b6ee25b0242dc007e92706c7151c7f94d&amp;smart=true&amp;width=350&amp;height=233&amp;quality=85\" media=\"(min-width: 80px)\"\/><img alt=\"Fundaci\u00f3n YPF, en La Feria del Libro\" class=\"global-image\" decoding=\"async\" fetchpriority=\"low\" height=\"4128\" loading=\"lazy\" src=\"https:\/\/www.infobae.com\/resizer\/v2\/2BF34FRXUJFWZPDS3HROWK5D2I.jpg?auth=b9514add0f7cc6b29663de2acf9d693b6ee25b0242dc007e92706c7151c7f94d&amp;smart=true&amp;width=350&amp;height=233&amp;quality=85\" width=\"6192\"\/><\/picture><figcaption class=\"article-figcaption-img\">El gobernador de Neuqu\u00e9n destac\u00f3 que en el \u00faltimo a\u00f1o, llegaron 21.000 nuevos habitantes a la provincia por el boom de Vaca Muerta. (Jaime Olivos)<\/figcaption><\/div>\n<p class=\"paragraph\">La gobernaci\u00f3n resalt\u00f3 un dato distintivo: en el \u00faltimo a\u00f1o llegaron a la provincia 21.000 nuevos habitantes, lo que motiv\u00f3 la inauguraci\u00f3n de 160 nuevas aulas. Figueroa fue tajante respecto a la pol\u00edtica de empleo en la provincia: <b>\u201cEn Neuqu\u00e9n no sobra trabajo. Hemos planificado de qu\u00e9 manera vamos a crecer a medida que se vayan generando nuevos puestos de trabajo. Mi deber como gobernador es darle oportunidad primero a los neuquinos\u201d<\/b>, sentenci\u00f3.<\/p>\n<p class=\"paragraph\">El mandatario record\u00f3 que el crecimiento poblacional exige capacitaci\u00f3n previa: \u201cMuchas empresas ven\u00edan con gente de otros lados porque no hab\u00eda capital formado. Nuestra gente tiene que tomar ese espacio\u201d. Sobre la riqueza generada, precis\u00f3 que, de la ganancia total en Neuqu\u00e9n, un 42% queda en el Estado nacional y solo un 1,2% llega finalmente a la provincia por coparticipaci\u00f3n.<\/p>\n<p class=\"paragraph\">El evento en el stand de <b>Ticmas<\/b> permiti\u00f3 unir los retos de la transformaci\u00f3n digital educativa con las exigencias de la nueva econom\u00eda hidrocarbur\u00edfera. Mar\u00edn concluy\u00f3 que el \u00e9xito depender\u00e1 de la formaci\u00f3n profesional, subrayando: \u201cNos pusimos de acuerdo con la industria que la gente que sale certificada ha de entrar, porque es la clave para saber que la persona sabe de seguridad\u201d.<\/p>\n<\/div>\n<p><script defer=\"\">try{!function(f,b,e,v,n,t,s) {if(f.fbq)return;n=f.fbq=function(){n.callMethod? n.callMethod.apply(n,arguments):n.queue.push(arguments)}; if(!f._fbq)f._fbq=n;n.push=n;n.loaded=!0;n.version='2.0'; n.queue=[];t=b.createElement(e);t.async=!0; t.src=v;s=b.getElementsByTagName(e)[0]; s.parentNode.insertBefore(t,s)}(window, document,'script', ' fbq('init', '336383993555320'); fbq('track', 'PageView'); fbq('track', 'ViewContent');}catch(error){console.log(\"Error al inicializar facebookPixelRawCodeScript:\",error);}<\/script><\/p>\n","protected":false},"excerpt":{"rendered":"<p>El titular de YPF proyect\u00f3 una producci\u00f3n de un mill\u00f3n de barriles diarios para exportaci\u00f3n.(Jaime Olivos) La aceleraci\u00f3n de la industria energ\u00e9tica argentina, que se proyecta hacia una producci\u00f3n diaria de 1 mill\u00f3n de barriles de petr\u00f3leo y un potencial exportador equivalente en menos de seis a\u00f1os, fue el eje central de un encuentro estrat\u00e9gico [&hellip;]<\/p>\n","protected":false},"author":2,"featured_media":88106,"comment_status":"","ping_status":"","sticky":false,"template":"","format":"standard","meta":{"footnotes":""},"categories":[2],"tags":[],"_links":{"self":[{"href":"https:\/\/maxradio923.com.ar\/index.php\/wp-json\/wp\/v2\/posts\/88105"}],"collection":[{"href":"https:\/\/maxradio923.com.ar\/index.php\/wp-json\/wp\/v2\/posts"}],"about":[{"href":"https:\/\/maxradio923.com.ar\/index.php\/wp-json\/wp\/v2\/types\/post"}],"author":[{"embeddable":true,"href":"https:\/\/maxradio923.com.ar\/index.php\/wp-json\/wp\/v2\/users\/2"}],"replies":[{"embeddable":true,"href":"https:\/\/maxradio923.com.ar\/index.php\/wp-json\/wp\/v2\/comments?post=88105"}],"version-history":[{"count":0,"href":"https:\/\/maxradio923.com.ar\/index.php\/wp-json\/wp\/v2\/posts\/88105\/revisions"}],"wp:featuredmedia":[{"embeddable":true,"href":"https:\/\/maxradio923.com.ar\/index.php\/wp-json\/wp\/v2\/media\/88106"}],"wp:attachment":[{"href":"https:\/\/maxradio923.com.ar\/index.php\/wp-json\/wp\/v2\/media?parent=88105"}],"wp:term":[{"taxonomy":"category","embeddable":true,"href":"https:\/\/maxradio923.com.ar\/index.php\/wp-json\/wp\/v2\/categories?post=88105"},{"taxonomy":"post_tag","embeddable":true,"href":"https:\/\/maxradio923.com.ar\/index.php\/wp-json\/wp\/v2\/tags?post=88105"}],"curies":[{"name":"wp","href":"https:\/\/api.w.org\/{rel}","templated":true}]}}