{"id":88103,"date":"2026-04-30T21:08:05","date_gmt":"2026-05-01T00:08:05","guid":{"rendered":"https:\/\/maxradio923.com.ar\/index.php\/2026\/04\/30\/redtulum-suma-frecuencias-en-calingasta\/"},"modified":"2026-04-30T21:08:05","modified_gmt":"2026-05-01T00:08:05","slug":"redtulum-suma-frecuencias-en-calingasta","status":"publish","type":"post","link":"https:\/\/maxradio923.com.ar\/index.php\/2026\/04\/30\/redtulum-suma-frecuencias-en-calingasta\/","title":{"rendered":"RedTulum suma frecuencias en Calingasta"},"content":{"rendered":"<p><\/p>\n<div>\n<p>A partir del 4 de mayo, el sistema RedTulum incorporar\u00e1 nuevas frecuencias los d\u00edas h\u00e1biles en el departamento Calingasta , con el objetivo de ampliar la cobertura y mejorar la conectividad en zonas alejadas.<\/p>\n<p>La medida, impulsada por el Ministerio de Gobierno, incluye el refuerzo del servicio interno dentro del departamento mediante la incorporaci\u00f3n de una unidad adicional en las l\u00edneas 701 y 70. Esto permitir\u00e1 optimizar los traslados entre localidades como Barreal, Tamber\u00edas, Calingasta y Villa Nueva, entre otras, fortaleciendo la circulaci\u00f3n de lunes a viernes.<\/p>\n<p>Esta ampliaci\u00f3n del servicio se enmarca en el programa de servicios complementarios iniciado en 2025, orientado a mejorar la cobertura del transporte p\u00fablico en departamentos alejados del Gran San Juan. Con esta incorporaci\u00f3n, se completa la mejora prevista en los cuatro departamentos alcanzados por esta pol\u00edtica.<\/p>\n<p>El nuevo esquema funcionar\u00e1 inicialmente durante un per\u00edodo de prueba de 90 d\u00edas, en el que se evaluar\u00e1 su funcionamiento para realizar los ajustes necesarios seg\u00fan la demanda y las necesidades de los usuarios.<\/p>\n<\/p><\/div>\n<p><script async defer crossorigin=\"anonymous\" src=\"https:\/\/connect.facebook.net\/es_ES\/sdk.js#xfbml=1&#038;version=v3.3\"><\/script><\/p>\n","protected":false},"excerpt":{"rendered":"<p>A partir del 4 de mayo, el sistema RedTulum incorporar\u00e1 nuevas frecuencias los d\u00edas h\u00e1biles en el departamento Calingasta , con el objetivo de ampliar la cobertura y mejorar la conectividad en zonas alejadas. La medida, impulsada por el Ministerio de Gobierno, incluye el refuerzo del servicio interno dentro del departamento mediante la incorporaci\u00f3n de [&hellip;]<\/p>\n","protected":false},"author":2,"featured_media":88104,"comment_status":"","ping_status":"","sticky":false,"template":"","format":"standard","meta":{"footnotes":""},"categories":[8],"tags":[],"_links":{"self":[{"href":"https:\/\/maxradio923.com.ar\/index.php\/wp-json\/wp\/v2\/posts\/88103"}],"collection":[{"href":"https:\/\/maxradio923.com.ar\/index.php\/wp-json\/wp\/v2\/posts"}],"about":[{"href":"https:\/\/maxradio923.com.ar\/index.php\/wp-json\/wp\/v2\/types\/post"}],"author":[{"embeddable":true,"href":"https:\/\/maxradio923.com.ar\/index.php\/wp-json\/wp\/v2\/users\/2"}],"replies":[{"embeddable":true,"href":"https:\/\/maxradio923.com.ar\/index.php\/wp-json\/wp\/v2\/comments?post=88103"}],"version-history":[{"count":0,"href":"https:\/\/maxradio923.com.ar\/index.php\/wp-json\/wp\/v2\/posts\/88103\/revisions"}],"wp:featuredmedia":[{"embeddable":true,"href":"https:\/\/maxradio923.com.ar\/index.php\/wp-json\/wp\/v2\/media\/88104"}],"wp:attachment":[{"href":"https:\/\/maxradio923.com.ar\/index.php\/wp-json\/wp\/v2\/media?parent=88103"}],"wp:term":[{"taxonomy":"category","embeddable":true,"href":"https:\/\/maxradio923.com.ar\/index.php\/wp-json\/wp\/v2\/categories?post=88103"},{"taxonomy":"post_tag","embeddable":true,"href":"https:\/\/maxradio923.com.ar\/index.php\/wp-json\/wp\/v2\/tags?post=88103"}],"curies":[{"name":"wp","href":"https:\/\/api.w.org\/{rel}","templated":true}]}}