{"id":88096,"date":"2026-04-30T19:41:02","date_gmt":"2026-04-30T22:41:02","guid":{"rendered":"https:\/\/maxradio923.com.ar\/index.php\/2026\/04\/30\/se-definieron-los-nuevos-aumentos-para-empleadas-domesticas-cuanto-cobraran-en-mayo-y-los-proximos-meses\/"},"modified":"2026-04-30T19:41:02","modified_gmt":"2026-04-30T22:41:02","slug":"se-definieron-los-nuevos-aumentos-para-empleadas-domesticas-cuanto-cobraran-en-mayo-y-los-proximos-meses","status":"publish","type":"post","link":"https:\/\/maxradio923.com.ar\/index.php\/2026\/04\/30\/se-definieron-los-nuevos-aumentos-para-empleadas-domesticas-cuanto-cobraran-en-mayo-y-los-proximos-meses\/","title":{"rendered":"Se definieron los nuevos aumentos para empleadas dom\u00e9sticas: cu\u00e1nto cobrar\u00e1n en mayo y los pr\u00f3ximos meses"},"content":{"rendered":"<p><\/p>\n<div>\n<div class=\"visual__image image-initial-width\"><picture><source srcset=\"https:\/\/www.infobae.com\/resizer\/v2\/34MNMYHHKZGRVEJBCTEOQNVFAM.jpg?auth=3590076cf76d7aa8b532dd82861305bd463d13a3034eba5f45b6eb1bb8b8cb28&amp;smart=true&amp;width=992&amp;height=556&amp;quality=85\" media=\"(min-width: 1000px)\"\/><source srcset=\"https:\/\/www.infobae.com\/resizer\/v2\/34MNMYHHKZGRVEJBCTEOQNVFAM.jpg?auth=3590076cf76d7aa8b532dd82861305bd463d13a3034eba5f45b6eb1bb8b8cb28&amp;smart=true&amp;width=768&amp;height=430&amp;quality=85\" media=\"(min-width: 768px)\"\/><source srcset=\"https:\/\/www.infobae.com\/resizer\/v2\/34MNMYHHKZGRVEJBCTEOQNVFAM.jpg?auth=3590076cf76d7aa8b532dd82861305bd463d13a3034eba5f45b6eb1bb8b8cb28&amp;smart=true&amp;width=577&amp;height=323&amp;quality=85\" media=\"(min-width: 580px)\"\/><source srcset=\"https:\/\/www.infobae.com\/resizer\/v2\/34MNMYHHKZGRVEJBCTEOQNVFAM.jpg?auth=3590076cf76d7aa8b532dd82861305bd463d13a3034eba5f45b6eb1bb8b8cb28&amp;smart=true&amp;width=420&amp;height=235&amp;quality=85\" media=\"(min-width: 350px)\"\/><source srcset=\"https:\/\/www.infobae.com\/resizer\/v2\/34MNMYHHKZGRVEJBCTEOQNVFAM.jpg?auth=3590076cf76d7aa8b532dd82861305bd463d13a3034eba5f45b6eb1bb8b8cb28&amp;smart=true&amp;width=350&amp;height=196&amp;quality=85\" media=\"(min-width: 80px)\"\/><img alt=\"(Imagen Ilustrativa Infobae)\" class=\"global-image\" decoding=\"async\" fetchpriority=\"high\" height=\"816\" loading=\"eager\" src=\"https:\/\/www.infobae.com\/resizer\/v2\/34MNMYHHKZGRVEJBCTEOQNVFAM.jpg?auth=3590076cf76d7aa8b532dd82861305bd463d13a3034eba5f45b6eb1bb8b8cb28&amp;smart=true&amp;width=350&amp;height=196&amp;quality=85\" width=\"1456\"\/><\/picture><figcaption class=\"article-figcaption-img\">Parte de la suma no remunerativa se incorpora al salario desde abril y el resto en julio. (Imagen Ilustrativa Infobae)<\/figcaption><\/div>\n<p class=\"paragraph\">El Gobierno nacional oficializ\u00f3 una nueva <b>actualizaci\u00f3n de los salarios m\u00ednimos para el <\/b><b>personal de casas particulares<\/b>, tras la reuni\u00f3n plenaria de la Comisi\u00f3n de Trabajadoras de Casas Particulares. El esquema acordado contempla incrementos mensuales acumulativos para empleadas dom\u00e9sticas entre abril y julio, junto con la incorporaci\u00f3n progresiva de sumas no remunerativas a los b\u00e1sicos.<\/p>\n<p class=\"paragraph\">De acuerdo con lo resuelto, los aumentos se aplicar\u00e1n de la siguiente manera: <b>1,8% en abril, 1,6% en mayo, 1,5% en junio y 1,4% en julio<\/b>. A su vez, se dispuso que la <b>suma no remunerativa<\/b> correspondiente a marzo de 2026 se incorpore parcialmente al salario b\u00e1sico: un 50% en abril y el 50% restante en julio.<\/p>\n<p class=\"paragraph\">Con la suba del 1,8% aplicada sobre los valores de marzo, los salarios m\u00ednimos por categor\u00eda quedaron definidos de la siguiente forma:<\/p>\n<p class=\"paragraph\">En el caso de los <b>supervisores<\/b>, el valor por hora con retiro pasa de $4.013,30 a <b>$4.085,54<\/b>, mientras que el mensual sube de $500.649,26 a <b>509.660,95 pesos<\/b>. Para quienes trabajan sin retiro, la hora llega a <b>$4.461,52<\/b> y el salario mensual a<b> 566.033,21 pesos.<\/b><\/p>\n<p class=\"paragraph\">Para el personal para <b>tareas espec\u00edficas<\/b>, el valor por hora con retiro se fija en <b>$3.876,41<\/b> y el mensual en<b> $474.545,45<\/b>. En la modalidad sin retiro, la hora asciende a <b>$4.236,45<\/b> y el salario mensual a <b>526.588,02 pesos<\/b>.<\/p>\n<p class=\"paragraph\">En la categor\u00eda de <b>caseros<\/b>, el salario mensual pasa de $455.160,14 a <b>$463.353,02<\/b>, mientras que el valor por hora se ubica a partir de abril en <b>3.664,66 pesos<\/b>.<\/p>\n<div class=\"visual__image\"><picture><source srcset=\"https:\/\/www.infobae.com\/resizer\/v2\/5LFZHEAUMNEIHDIP45ATXT2Q4A.jpg?auth=ffb7d5071a371d830c16e45b9d7df0194bdbc376354330296f42cdd343a49bf3&amp;smart=true&amp;width=992&amp;height=395&amp;quality=85\" media=\"(min-width: 1000px)\"\/><source srcset=\"https:\/\/www.infobae.com\/resizer\/v2\/5LFZHEAUMNEIHDIP45ATXT2Q4A.jpg?auth=ffb7d5071a371d830c16e45b9d7df0194bdbc376354330296f42cdd343a49bf3&amp;smart=true&amp;width=768&amp;height=306&amp;quality=85\" media=\"(min-width: 768px)\"\/><source srcset=\"https:\/\/www.infobae.com\/resizer\/v2\/5LFZHEAUMNEIHDIP45ATXT2Q4A.jpg?auth=ffb7d5071a371d830c16e45b9d7df0194bdbc376354330296f42cdd343a49bf3&amp;smart=true&amp;width=577&amp;height=230&amp;quality=85\" media=\"(min-width: 580px)\"\/><source srcset=\"https:\/\/www.infobae.com\/resizer\/v2\/5LFZHEAUMNEIHDIP45ATXT2Q4A.jpg?auth=ffb7d5071a371d830c16e45b9d7df0194bdbc376354330296f42cdd343a49bf3&amp;smart=true&amp;width=420&amp;height=167&amp;quality=85\" media=\"(min-width: 350px)\"\/><source srcset=\"https:\/\/www.infobae.com\/resizer\/v2\/5LFZHEAUMNEIHDIP45ATXT2Q4A.jpg?auth=ffb7d5071a371d830c16e45b9d7df0194bdbc376354330296f42cdd343a49bf3&amp;smart=true&amp;width=350&amp;height=139&amp;quality=85\" media=\"(min-width: 80px)\"\/><img alt=\"Salarios servicio dom\u00e9stico\" class=\"global-image\" decoding=\"async\" fetchpriority=\"low\" height=\"764\" loading=\"lazy\" src=\"https:\/\/www.infobae.com\/resizer\/v2\/5LFZHEAUMNEIHDIP45ATXT2Q4A.jpg?auth=ffb7d5071a371d830c16e45b9d7df0194bdbc376354330296f42cdd343a49bf3&amp;smart=true&amp;width=350&amp;height=139&amp;quality=85\" width=\"1920\"\/><\/picture><\/div>\n<p class=\"paragraph\">Para el <b>personal de asistencia y cuidado de personas<\/b>, la hora con retiro sube a <b>$3.664,66<\/b> y el salario mensual a <b>$463.353,02<\/b>. En el caso de quienes trabajan sin retiro, el valor por hora se incrementa de $4.012,14 a <b>$4.084,36<\/b> y el mensual de $505.578,34 a <b>514.678,75 pesos<\/b>.<\/p>\n<p class=\"paragraph\">Por \u00faltimo, en la categor\u00eda de <b>personal para tareas generales<\/b>, la hora con retiro se ubica en <b>$3.408,64 <\/b>y el salario mensual en <b>$418.167,44<\/b>. Sin retiro, los valores alcanzan los <b>$3.664,66<\/b> por hora y <b>$463.353,02<\/b> mensuales.<\/p>\n<p class=\"paragraph\">Adem\u00e1s del aumento porcentual, el acuerdo establece cambios en las sumas adicionales a cargo del empleador. En marzo, estos montos eran de $8.000 para jornadas de hasta 12 horas semanales, $11.500 para entre 12 y 16 horas, y $20.000 para m\u00e1s de 16 horas o personal sin retiro, siempre en car\u00e1cter de \u201cno remunerativo\u201d.<\/p>\n<p class=\"paragraph\">A partir de abril, <b>se incorpora el 50% de esos valores al salario b\u00e1sico<\/b>, por lo que la suma adicional se reduce a $4.000, $5.750 y $10.000, respectivamente. El restante 50% ser\u00e1 incorporado en julio, momento en el cual dejar\u00e1n de abonarse como concepto separado.<\/p>\n<p class=\"paragraph\">Por otra parte,<b> se actualiz\u00f3 el adicional por zona desfavorable<\/b>, fijando su importe total en <b>31% sobre los salarios m\u00ednimos<\/b> correspondientes a cada una de las categor\u00edas estipuladas a partir del 1\u00b0 de abril de 2026.<\/p>\n<p class=\"paragraph\">El incremento del 1,8% aplicado en abril es el primero de una serie de ajustes mensuales acumulativos. En mayo se sumar\u00e1 un 1,6% adicional sobre los valores vigentes, en junio un 1,5% y en julio un 1,4 por ciento.<\/p>\n<p class=\"paragraph\">De esta manera, un empleado\/a de <b>tareas generales con retiro<\/b> pasar\u00e1 a cobrar en julio una suma de <b>$3.564,34 por hora o $437.268,23 por mes.<\/b> <\/p>\n<div class=\"visual__image\"><picture><source srcset=\"https:\/\/www.infobae.com\/resizer\/v2\/5FAVSYZWVFHGPMWADPE6DKJZJI.jpg?auth=13252f5ce3435e646116704c89e59895061e243dc4b64cf7adb6e5f805725076&amp;smart=true&amp;width=992&amp;height=395&amp;quality=85\" media=\"(min-width: 1000px)\"\/><source srcset=\"https:\/\/www.infobae.com\/resizer\/v2\/5FAVSYZWVFHGPMWADPE6DKJZJI.jpg?auth=13252f5ce3435e646116704c89e59895061e243dc4b64cf7adb6e5f805725076&amp;smart=true&amp;width=768&amp;height=306&amp;quality=85\" media=\"(min-width: 768px)\"\/><source srcset=\"https:\/\/www.infobae.com\/resizer\/v2\/5FAVSYZWVFHGPMWADPE6DKJZJI.jpg?auth=13252f5ce3435e646116704c89e59895061e243dc4b64cf7adb6e5f805725076&amp;smart=true&amp;width=577&amp;height=230&amp;quality=85\" media=\"(min-width: 580px)\"\/><source srcset=\"https:\/\/www.infobae.com\/resizer\/v2\/5FAVSYZWVFHGPMWADPE6DKJZJI.jpg?auth=13252f5ce3435e646116704c89e59895061e243dc4b64cf7adb6e5f805725076&amp;smart=true&amp;width=420&amp;height=167&amp;quality=85\" media=\"(min-width: 350px)\"\/><source srcset=\"https:\/\/www.infobae.com\/resizer\/v2\/5FAVSYZWVFHGPMWADPE6DKJZJI.jpg?auth=13252f5ce3435e646116704c89e59895061e243dc4b64cf7adb6e5f805725076&amp;smart=true&amp;width=350&amp;height=139&amp;quality=85\" media=\"(min-width: 80px)\"\/><img alt=\"Salarios servicio dom\u00e9stico\" class=\"global-image\" decoding=\"async\" fetchpriority=\"low\" height=\"764\" loading=\"lazy\" src=\"https:\/\/www.infobae.com\/resizer\/v2\/5FAVSYZWVFHGPMWADPE6DKJZJI.jpg?auth=13252f5ce3435e646116704c89e59895061e243dc4b64cf7adb6e5f805725076&amp;smart=true&amp;width=350&amp;height=139&amp;quality=85\" width=\"1920\"\/><\/picture><\/div>\n<p class=\"paragraph\">Esto implica que <b>cada aumento se calcula sobre el salario ya actualizado del mes anterior<\/b>, lo que genera una recomposici\u00f3n progresiva de los ingresos del sector. A su vez, la incorporaci\u00f3n total de la suma no remunerativa en julio impactar\u00e1 directamente en los salarios b\u00e1sicos.<\/p>\n<p class=\"paragraph\">Con este esquema, los trabajadores del sector ver\u00e1n una actualizaci\u00f3n gradual de sus ingresos entre abril y julio. El efecto combinado de los aumentos mensuales y la incorporaci\u00f3n de montos al b\u00e1sico implica una mejora progresiva en los salarios nominales.<\/p>\n<p class=\"paragraph\">El resultado final depender\u00e1 de la categor\u00eda, la modalidad de trabajo y la carga horaria, ya que los valores var\u00edan seg\u00fan cada caso. No obstante, el acuerdo establece un marco com\u00fan para todo el sector, con par\u00e1metros definidos para cada per\u00edodo.<\/p>\n<\/div>\n<p><script defer=\"\">try{!function(f,b,e,v,n,t,s) {if(f.fbq)return;n=f.fbq=function(){n.callMethod? n.callMethod.apply(n,arguments):n.queue.push(arguments)}; if(!f._fbq)f._fbq=n;n.push=n;n.loaded=!0;n.version='2.0'; n.queue=[];t=b.createElement(e);t.async=!0; t.src=v;s=b.getElementsByTagName(e)[0]; s.parentNode.insertBefore(t,s)}(window, document,'script', ' fbq('init', '336383993555320'); fbq('track', 'PageView'); fbq('track', 'ViewContent');}catch(error){console.log(\"Error al inicializar facebookPixelRawCodeScript:\",error);}<\/script><\/p>\n","protected":false},"excerpt":{"rendered":"<p>Parte de la suma no remunerativa se incorpora al salario desde abril y el resto en julio. (Imagen Ilustrativa Infobae) El Gobierno nacional oficializ\u00f3 una nueva actualizaci\u00f3n de los salarios m\u00ednimos para el personal de casas particulares, tras la reuni\u00f3n plenaria de la Comisi\u00f3n de Trabajadoras de Casas Particulares. El esquema acordado contempla incrementos mensuales [&hellip;]<\/p>\n","protected":false},"author":2,"featured_media":88097,"comment_status":"","ping_status":"","sticky":false,"template":"","format":"standard","meta":{"footnotes":""},"categories":[2],"tags":[],"_links":{"self":[{"href":"https:\/\/maxradio923.com.ar\/index.php\/wp-json\/wp\/v2\/posts\/88096"}],"collection":[{"href":"https:\/\/maxradio923.com.ar\/index.php\/wp-json\/wp\/v2\/posts"}],"about":[{"href":"https:\/\/maxradio923.com.ar\/index.php\/wp-json\/wp\/v2\/types\/post"}],"author":[{"embeddable":true,"href":"https:\/\/maxradio923.com.ar\/index.php\/wp-json\/wp\/v2\/users\/2"}],"replies":[{"embeddable":true,"href":"https:\/\/maxradio923.com.ar\/index.php\/wp-json\/wp\/v2\/comments?post=88096"}],"version-history":[{"count":0,"href":"https:\/\/maxradio923.com.ar\/index.php\/wp-json\/wp\/v2\/posts\/88096\/revisions"}],"wp:featuredmedia":[{"embeddable":true,"href":"https:\/\/maxradio923.com.ar\/index.php\/wp-json\/wp\/v2\/media\/88097"}],"wp:attachment":[{"href":"https:\/\/maxradio923.com.ar\/index.php\/wp-json\/wp\/v2\/media?parent=88096"}],"wp:term":[{"taxonomy":"category","embeddable":true,"href":"https:\/\/maxradio923.com.ar\/index.php\/wp-json\/wp\/v2\/categories?post=88096"},{"taxonomy":"post_tag","embeddable":true,"href":"https:\/\/maxradio923.com.ar\/index.php\/wp-json\/wp\/v2\/tags?post=88096"}],"curies":[{"name":"wp","href":"https:\/\/api.w.org\/{rel}","templated":true}]}}