{"id":88085,"date":"2026-04-30T18:15:04","date_gmt":"2026-04-30T21:15:04","guid":{"rendered":"https:\/\/maxradio923.com.ar\/index.php\/2026\/04\/30\/nacho-vegas-de-la-diferencia-abismal-entre-escuchar-y-consumir-musica-a-por-que-demoro-7-anos-en-volver-al-pais\/"},"modified":"2026-04-30T18:15:04","modified_gmt":"2026-04-30T21:15:04","slug":"nacho-vegas-de-la-diferencia-abismal-entre-escuchar-y-consumir-musica-a-por-que-demoro-7-anos-en-volver-al-pais","status":"publish","type":"post","link":"https:\/\/maxradio923.com.ar\/index.php\/2026\/04\/30\/nacho-vegas-de-la-diferencia-abismal-entre-escuchar-y-consumir-musica-a-por-que-demoro-7-anos-en-volver-al-pais\/","title":{"rendered":"Nacho Vegas: de la diferencia \u201cabismal\u201d entre escuchar y consumir m\u00fasica a por qu\u00e9 demor\u00f3 7 a\u00f1os en volver al pa\u00eds"},"content":{"rendered":"<p><\/p>\n<div>\n<p class=\"com-paragraph   --s\"><strong>\u201c<\/strong>Es curioso, no fue buscado\u201d, le dice <strong>Nacho Vegas<\/strong> a <strong>LA NACION<\/strong> al darse cuenta que su pr\u00f3xima visita porte\u00f1a coincidir\u00e1 con el D\u00eda Internacional de los Trabajadores. El cantautor asturiano se presentar\u00e1 por sexta vez en Buenos Aires este <strong>1 de mayo en Teatro Vorterix<\/strong>, y la coincidencia lo hace reflexionar ante la c\u00e1mara de su computadora. \u201cEs un d\u00eda de celebraci\u00f3n de una lucha que al final es una lucha diaria. Hoy, que tenemos tantos derechos laborales pisoteados, tanto en Espa\u00f1a como en Argentina, habr\u00e1 que cantarle a ello muy alto\u201d, concluye. <\/p>\n<p class=\"com-paragraph   --s\">Aunque una parte del p\u00fablico pueda identificarlo como el autor de la canci\u00f3n de la serie <em><strong>Los a\u00f1os nuevos<\/strong><\/em>, la carrera solista de Vegas tiene ya un cuarto de siglo. La primera parte de su obra es el reflejo de un artista torturado que convirti\u00f3 a las canciones en veh\u00edculos para poder exorcizar demonios, miedos y padecimientos, como lo deja en claro la brillante tetralog\u00eda que dio inicio a su derrotero en solitario con <em>Actos inexplicables <\/em>(2001), <em>Cajas de m\u00fasica dif\u00edciles de parar <\/em>(2003), <em>Desaparezca aqu\u00ed <\/em>(2005) y <em>El manifiesto desastre <\/em>(2008). En el medio, Vegas encontr\u00f3 los socios creativos adecuados no solo para escribir codo a codo, sino tambi\u00e9n para darle a su obra una llegada mayor a espacios en los que su nombre todav\u00eda era algo menos que un misterio, como lo muestran sus colaboraciones con <strong>Enrique Bunbury<\/strong> (en <em>El tiempo de las cerezas<\/em>, de 2006) y la cantante <strong>Christina Rosenvinge<\/strong> (en <em>Verano Fatal<\/em>, de 2007). <\/p>\n<p class=\"com-paragraph   --s\">Y de a poco, el compromiso pol\u00edtico y social de Vegas empez\u00f3 a ocupar una parte cada vez mayor de su obra, primero a partir de la reivindicaci\u00f3n de Asturias como comunidad aut\u00f3noma del Estado espa\u00f1ol, y luego a partir de la canci\u00f3n de protesta como nueva incorporaci\u00f3n a su repertorio, junto con la reivindicaci\u00f3n de la figura de <strong>Violeta Parra<\/strong>, a quien le dedic\u00f3 el disco <em>Viol\u00e9tica<\/em>, de 2019.<\/p>\n<div class=\"content-media\">\n<section role=\"button\" class=\"mod-media   \">\n<figure role=\"button\" tabindex=\"0\" class=\"mod-figure \"><figcaption class=\"mod-figcaption\"><span class=\"com-text --caption --twoxs\">Vidas semipreciosas es el nuevo disco de Nacho Vegas<\/span><span class=\"com-text --credit --twoxs\">Gentileza<\/span><\/figcaption><\/figure>\n<\/section>\n<\/div>\n<p class=\"com-paragraph   --s\">Con el tiempo, Vegas logr\u00f3 hacer equilibrio entre todas sus facetas, como lo demuestra <em>Vidas semipreciosas<\/em>, el disco que presentar\u00e1 este viernes en Colegiales, y cuyo t\u00edtulo esconde un juego de palabras que parece sugerir mucho m\u00e1s de lo que parece. \u201cNunca me interes\u00f3 excesivamente el mundo de los minerales, ni de la joyer\u00eda o la geolog\u00eda, pero empez\u00f3 a interesarme de una manera sem\u00e1ntica o pragm\u00e1tica\u201d, dice. \u201cMe di cuenta de que hab\u00eda minerales catalogados como piedras preciosas y otros como semipreciosas, y cuando el prefijo \u2018semi\u2019 se une a un adjetivo no es una apreciaci\u00f3n subjetiva. Podemos decir que algo es semiesf\u00e9rico, pero no que una persona es \u2018semisimp\u00e1tica\u2019. Sin embargo, existen estas piedras \u2018semipreciosas\u2019 como si fueran la mitad de preciosas que las otras\u201d. <\/p>\n<p><iframe loading=\"lazy\" title=\"Los asombros\" width=\"1170\" height=\"878\" src=\"https:\/\/www.youtube.com\/embed\/W4YbhkU6ZTo?wmode=transparent&amp;rel=0&amp;feature=oembed\" frameborder=\"0\" allow=\"accelerometer; autoplay; clipboard-write; encrypted-media; gyroscope; picture-in-picture; web-share\" referrerpolicy=\"strict-origin-when-cross-origin\" allowfullscreen><\/iframe><\/p>\n<p class=\"com-paragraph   --s\"><strong>\u2013\u00bfY cu\u00e1l era esa diferencia?<\/strong> <\/p>\n<p class=\"com-paragraph   --s\">\u2013Las preciosas son piedras con una dureza especial, muy escasas y muy caras; son la \u00e9lite de las piedras y poca gente tiene acceso a ellas. Las semipreciosas son muchas m\u00e1s, se encuentran mezcladas unas con otras en yacimientos: hay una beta de obsidiana con una de lapisl\u00e1zuli o malaquita. Son piedras m\u00e1s blanditas, m\u00e1s tiernas y mestizas, como somos la mayor\u00eda de las personas. Creo que hay ah\u00ed una analog\u00eda con nuestras vidas y lo importante que es ser conscientes de nuestra propia vulnerabilidad y fragilidad. Somos gente que tenemos mucho en com\u00fan a pesar de vivir realidades diferentes, y tejer esas redes de solidaridad y empat\u00eda es lo que nos hace empoderarnos y ser m\u00e1s fuertes que esas \u00e9lites de poca gente que nos dirige y que aplasta nuestros derechos y libertades, sobre todo los de la gente m\u00e1s vulnerable. Es una manera de reivindicar: nos gustan las vidas semipreciosas, no nos gustan nada las vidas preciosas. <\/p>\n<p class=\"com-paragraph   --s\"><strong>\u2013Si bien siempre fuiste pol\u00edticamente activo, en tu obra esto se hizo m\u00e1s presente en la \u00faltima d\u00e9cada y media, m\u00e1s precisamente a partir de la canci\u00f3n \u201cC\u00f3mo hacer crac\u201d. La pol\u00edtica pas\u00f3 a ser un elemento central en tus personajes y repertorio. \u00bfQu\u00e9 llev\u00f3 a que eso sucediera?<\/strong> <\/p>\n<p class=\"com-paragraph   --s\">\u2013Supongo que hubo un cambio de clima social a ra\u00edz del 15M en 2011. Antes de eso, la militancia pol\u00edtica se viv\u00eda como un compartimento estanco respecto a la m\u00fasica, especialmente en la escena independiente, donde la pol\u00edtica era casi un anatema. Aunque en mi primera etapa ya militaba de otra manera \u2014apoyando causas concretas en conciertos\u2014, no dejaba que la pol\u00edtica se colara de forma expl\u00edcita en las canciones por el ambiente que se viv\u00eda. El 15M provoc\u00f3 que diferentes movimientos aut\u00f3nomos se pusieran en com\u00fan por el hartazgo ante el colapso y los excesos de la contrarrevoluci\u00f3n neoliberal. Se abrieron nuevas ventanas y espacios para expresarse y vehicular la m\u00fasica junto a gente que participaba de la cultura desde otras trincheras del activismo. Ah\u00ed fue que lo decid\u00ed, no es que fue algo de un d\u00eda para el otro, pero lo sent\u00ed como algo natural, eso que estaba sucediendo en las calles, ese clima social tan patente necesitaba permear en las canciones. Creo que la m\u00fasica popular debe ser permeable a los procesos sociales que ocurren mientras se compone. Mientras que el <em>indie<\/em> naci\u00f3 en una \u00e9poca donde el neoliberalismo lo abarcaba todo, el 15M sac\u00f3 la militancia a la calle y permiti\u00f3 que eso se incorporara a la cultura. <\/p>\n<p class=\"com-paragraph   --s\"><strong>\u2013En tu disco anterior, en la canci\u00f3n \u201cBig Crunch\u201d, mencionabas que el capitalismo hab\u00eda entrado en fase de implosi\u00f3n&#8230;<\/strong> <\/p>\n<p class=\"com-paragraph   --s\">\u2013En esa canci\u00f3n hab\u00eda m\u00e1s un <em>wishful thinking<\/em>, una expresi\u00f3n de deseo, que una realidad que apreciara en aquel momento. Est\u00e1bamos en un momento muy jodido, saliendo de la fase pand\u00e9mica, donde al salir nos dimos cuenta que muchos imaginarios colectivos hab\u00edan salido muy da\u00f1ados y tocaba reconstruir, porque la gente estaba muy desanimada. La pandemia tuvo consecuencias emocionales y de salud mental muy duras, nos afect\u00f3 en muchos niveles. Quer\u00eda mirar hacia el futuro e imaginar un horizonte poscapitalista, pero creo que es como lo dice el fil\u00f3sofo Santiago Alba Rico: \u201cEl fin del capitalismo se parecer\u00e1 m\u00e1s a la ca\u00edda del Imperio Romano que a la toma de la Bastilla\u201d. Ser\u00e1 algo que tardar\u00e1 unos cuantos siglos. De momento, parece que lo que ha colapsado es el proyecto neoliberal con sus excesos, pero ha dado lugar a un escenario mucho m\u00e1s oscuro donde la ultraderecha ha aprovechado para colar sus discursos de odio, racismo, guerras y genocidios. Es un momento espeluznante. <\/p>\n<p><iframe loading=\"lazy\" title=\"Nacho Vegas - Big Crunch\" width=\"1170\" height=\"658\" src=\"https:\/\/www.youtube.com\/embed\/2WQQClIHfCQ?wmode=transparent&amp;rel=0&amp;feature=oembed\" frameborder=\"0\" allow=\"accelerometer; autoplay; clipboard-write; encrypted-media; gyroscope; picture-in-picture; web-share\" referrerpolicy=\"strict-origin-when-cross-origin\" allowfullscreen><\/iframe><\/p>\n<p class=\"com-paragraph   --s\"><strong>\u2013Intuyo que est\u00e1s al tanto del escenario pol\u00edtico argentino, \u00bfcierto?<\/strong> <\/p>\n<p class=\"com-paragraph   --s\">\u2013S\u00ed, ten\u00e9is ah\u00ed al colega Milei, os ha ca\u00eddo una buena. Aqu\u00ed en Espa\u00f1a, Milei ya se ha abrazado con Santiago Abascal, que es el l\u00edder de la ultraderecha institucional, as\u00ed que no digo nada porque aqu\u00ed podr\u00edamos vernos en escenarios muy parecidos, es terrible. Recuerdo que las \u00faltimas veces que quise ir a la Argentina nos resultaba muy dif\u00edcil planificar conciertos por cuestiones econ\u00f3micas, como la devaluaci\u00f3n de la moneda, y asuntos de log\u00edstica. Ahora, parad\u00f3jicamente, a costa de aplastar derechos laborales b\u00e1sicos y de una inyecci\u00f3n de dinero extranjero, surge la oportunidad de ir a tocar con el peor de los escenarios pol\u00edticos posibles. Tengo ganas de estar all\u00ed, hablar con mis amistades y ver c\u00f3mo lo viven, porque tiene que ser bastante duro tener a un presidente como Milei que est\u00e1 destrozando la naci\u00f3n. <\/p>\n<p><iframe loading=\"lazy\" title=\"Cuando hablas as\u00ed\" width=\"1170\" height=\"878\" src=\"https:\/\/www.youtube.com\/embed\/fr2NAyjsdl0?wmode=transparent&amp;rel=0&amp;feature=oembed\" frameborder=\"0\" allow=\"accelerometer; autoplay; clipboard-write; encrypted-media; gyroscope; picture-in-picture; web-share\" referrerpolicy=\"strict-origin-when-cross-origin\" allowfullscreen><\/iframe><\/p>\n<p class=\"com-paragraph   --s\"><strong>\u2013Mencionabas tu v\u00ednculo con Argentina y Latinoam\u00e9rica. En tu disco <\/strong><em><strong>Viol\u00e9tica<\/strong><\/em><strong> homenajeaste la figura de Violeta Parra y te acercaste incluso a la cumbia. \u00bfC\u00f3mo surge este acercamiento a las culturas latinoamericanas?<\/strong> <\/p>\n<p class=\"com-paragraph   --s\">\u2013Gracias a la oportunidad de viajar por all\u00ed en las \u00faltimas dos d\u00e9cadas. La primera vez fui a M\u00e9xico, en 2006 y a Argentina al a\u00f1o siguiente, para el Bafici. La gente piensa que cuando viajas tienes la oportunidad de conocer a fondo esos pa\u00edses, pero te pasas mucho tiempo en las salas, en pruebas de sonido y aeropuertos. As\u00ed y todo he hecho grandes amistades, gente con la que me mantengo en contacto y me hace sentir m\u00e1s cerca lo que ocurre all\u00e1, y siempre intentas traerte algo de la m\u00fasica que suena. Mi \u00faltima colaboraci\u00f3n fue con las Kumbia Queers, y tambi\u00e9n hice otra con Ni\u00f1os Envueltos. Siempre lo hago con el respeto que me genera el riesgo de la apropiaci\u00f3n cultural de otros estilos, pero cuando estableces una conexi\u00f3n desde el respeto, creo que surgen cosas que te enriquecen la mirada. Hoy es un momento muy bueno para la m\u00fasica latina, especialmente el fen\u00f3meno de la cumbia que ocurre en toda Am\u00e9rica Latina con expresiones diferentes: la sonidera de M\u00e9xico, la villera en Argentina o la colombiana. Todo da lugar a artistas que la actualizan y para m\u00ed son expresiones tan revolucionarias como lo fue el punk en su momento, o incluso m\u00e1s. <\/p>\n<p class=\"com-paragraph   --s\"><strong>\u2013Tanto en Espa\u00f1a como en Argentina, se ha ampliado tu p\u00fablico gracias a la serie <\/strong><em><strong>Los a\u00f1os nuevos<\/strong><\/em><strong>. \u00bfC\u00f3mo es conocer a un nuevo p\u00fablico a trav\u00e9s de una serie que no solo tiene una canci\u00f3n tuya sino que tu imaginario forma parte de ella?<\/strong> <\/p>\n<p class=\"com-paragraph   --s\">\u2013Es algo que me pill\u00f3 un poco por sorpresa. Me coment\u00f3 mi manager que hab\u00eda un repunte de escuchas en Latinoam\u00e9rica gracias a la serie, aunque todav\u00eda no he podido comprobarlo en directo porque no viajamos a Argentina desde 2019. Fue muy emocionante trabajar con [el director] Rodrigo Sorogoyen, porque admiraba mucho su obra y result\u00f3 que \u00e9l era seguidor de mi m\u00fasica y conoc\u00eda mi discograf\u00eda en profundidad. Fue un orgullo que me pidiera escribir la canci\u00f3n para la serie y me permitiera sumergirme en su proceso creativo. Iba recibiendo los premontajes de los cap\u00edtulos en su primer esbozo y pude zambullirme un poco en la relaci\u00f3n de los dos personajes principales. A veces puede darte miedo un encargo, porque lo que escribes tiene que estar al servicio de otra obra y siempre piensas que eso puede constre\u00f1ir tu libertad creativa, pero Rodrigo me dio mucha libertad y fue un est\u00edmulo narrar una relaci\u00f3n de diez a\u00f1os con esas elipsis entre cap\u00edtulos.<\/p>\n<p><iframe loading=\"lazy\" title=\"Nacho Vegas - Los a\u00f1os nuevos (Videoclip oficial)\" width=\"1170\" height=\"658\" src=\"https:\/\/www.youtube.com\/embed\/Au1qS5sn_aQ?wmode=transparent&amp;rel=0&amp;feature=oembed\" frameborder=\"0\" allow=\"accelerometer; autoplay; clipboard-write; encrypted-media; gyroscope; picture-in-picture; web-share\" referrerpolicy=\"strict-origin-when-cross-origin\" allowfullscreen><\/iframe><\/p>\n<p class=\"com-paragraph   --s\"><strong>\u2013En tu obra y figura p\u00fablica siempre has resaltado tu lugar de pertenencia, Asturias y Gij\u00f3n. \u00bfDe d\u00f3nde viene esa necesidad de reivindicaci\u00f3n?<\/strong> <\/p>\n<p class=\"com-paragraph   --s\">\u2013Me parece importante que los que tenemos la suerte de ejercer el oficio de escribir canciones lo hagamos desde el arraigo a una tierra para conocer nuestras ra\u00edces culturales. Hay que saber bien de d\u00f3nde vienes para intentar llegar lo m\u00e1s lejos posible, de lo local a lo m\u00e1s universal. El Estado espa\u00f1ol es plurinacional, pero las naciones que estamos en la periferia somos v\u00edctimas de ese centralismo donde parece que todo sucede en Madrid, y donde hay una represi\u00f3n de las manifestaciones culturales. En Asturias vivimos un momento muy dulce para la m\u00fasica hecha en asturiano, pero nuestra lengua sigue sin ser oficial. Hay una ley de uso, pero no es oficial porque nuestros dirigentes le dan la espalda al pueblo. Es una lengua que sigue viva en la literatura y la m\u00fasica, pero minorizada. Cuando vives ese estado de represi\u00f3n de lo que significa Asturias culturalmente y de la realidad que se vive a nivel cultural y social, tan diferente a lo que ocurre en otras partes, sientes la necesidad de reivindicarlo con mucho m\u00e1s arrojo, porque si no nos silencian desde las instituciones. <\/p>\n<p class=\"com-paragraph   --s\"><strong>\u2013Salvo colaboraciones concretas como lo fueron tus discos con Enrique Bunbury y Christina Rosenvigne, has tenido una carrera mayormente solista. \u00bfEs la tuya una profesi\u00f3n solitaria?<\/strong> <\/p>\n<p class=\"com-paragraph   --s\">\u2013Para m\u00ed, escribir canciones es algo que tengo que hacer desde la intimidad y la soledad escogida, pero es solo una parte del proceso. En cuanto tengo las maquetas b\u00e1sicas, las comparto con mis compa\u00f1eros de banda e iniciamos un proceso de di\u00e1logo muy colaborativo. Siempre digo que si tengo una virtud, es la de saber rodearme de gente muy bonita y con una gran sensibilidad y sabidur\u00eda musical. Creo que en este oficio hay que saber ser generoso para poder recibir y saber dar algo a cambio; compartir conocimientos es un trabajo muy colaborativo. Aunque se pone mucho el foco en las colaboraciones que fueron un poco m\u00e1s medi\u00e1ticas como la de Enrique, que para m\u00ed fue muy importante porque me llev\u00f3 por primera vez a Latinoam\u00e9rica, o lo que hice con Christina, cuando hay colaboraciones con otros nombres propios la canci\u00f3n tiene m\u00e1s visibilidad y te permite sumergirte en el universo creativo de otra gente. Para m\u00ed, el trabajo diario es una colaboraci\u00f3n continua con mis compa\u00f1eros de banda. No soy un cantautor con una banda de apoyo, sino que somos una banda donde cada uno de nosotros aporta y se intenta que las canciones se adue\u00f1en del escenario, se diluyan los egos y creemos algo en conjunto. Esa parte colaborativa es fundamental para m\u00ed. <\/p>\n<p class=\"com-paragraph   --s\"><strong>\u2013Hace una d\u00e9cada dijiste que te parec\u00eda bien que la industria musical desapareciera. Hoy ni siquiera hay oyentes, sino \u201cconsumidores\u201d de m\u00fasica. \u00bfC\u00f3mo se combate eso?<\/strong> <\/p>\n<p class=\"com-paragraph   --s\">\u2013Tendr\u00edamos que tomar conciencia ya desde la manera en que nos expresamos. Hoy la gente habla de \u201cconsumir\u201d m\u00fasica, y antes habl\u00e1bamos de escuchar. Con la literatura se sigue hablando de \u201cleer\u201d, por lo menos ah\u00ed no ha llegado. El otro d\u00eda estaban entrevistando a un artista de m\u00fasica urbana que me gusta mucho, donde le preguntaban qu\u00e9 estaba escuchando y dec\u00eda: \u201cHoy he consumido a La Polla Records por la ma\u00f1ana, pero a la tarde consum\u00ed otra cosa\u201d, y usaba el verbo consumir de una manera que no es inocente. Al final, esas l\u00f3gicas de consumo hacen que percibamos a la m\u00fasica como una mercanc\u00eda perecedera y no como algo que emociona, se disfruta y te hace crecer la mirada. Sin embargo es algo que sigue siendo central para mucha gente en la cultura, y sigue existiendo a pesar de que la industria quiera marcar sus maneras. Creo que se le pega con el pie cambiado cuando pretenden querer saber lo que gusta, siempre surge algo que los deja con el culo torcido y tienen que cambiar sus din\u00e1micas. <\/p>\n<section class=\"container-center-100 mb-40 border border-bottom border-thin border-neutral-light-700\">\n<hr\/>\n<\/section>\n<\/div>\n<p><script id=\"facebookpixel\" defer=\"\" type=\"text\/javascript\">\n        !function(f,b,e,v,n,t,s)\n        {if(f.fbq)return;n=f.fbq=function(){n.callMethod?\n        n.callMethod.apply(n,arguments):n.queue.push(arguments)};\n        if(!f._fbq)f._fbq=n;n.push=n;n.loaded=!0;n.version='2.0';\n        n.queue=[];t=b.createElement(e);t.async=!0;\n        t.src=v;s=b.getElementsByTagName(e)[0];\n        s.parentNode.insertBefore(t,s)}(window, document,'script',\n        '\n        fbq('init', '492459597522335');\n        fbq('track', 'PageView');\n    <\/script><\/p>\n","protected":false},"excerpt":{"rendered":"<p>\u201cEs curioso, no fue buscado\u201d, le dice Nacho Vegas a LA NACION al darse cuenta que su pr\u00f3xima visita porte\u00f1a coincidir\u00e1 con el D\u00eda Internacional de los Trabajadores. El cantautor asturiano se presentar\u00e1 por sexta vez en Buenos Aires este 1 de mayo en Teatro Vorterix, y la coincidencia lo hace reflexionar ante la c\u00e1mara [&hellip;]<\/p>\n","protected":false},"author":2,"featured_media":88086,"comment_status":"","ping_status":"","sticky":false,"template":"","format":"standard","meta":{"footnotes":""},"categories":[14],"tags":[],"_links":{"self":[{"href":"https:\/\/maxradio923.com.ar\/index.php\/wp-json\/wp\/v2\/posts\/88085"}],"collection":[{"href":"https:\/\/maxradio923.com.ar\/index.php\/wp-json\/wp\/v2\/posts"}],"about":[{"href":"https:\/\/maxradio923.com.ar\/index.php\/wp-json\/wp\/v2\/types\/post"}],"author":[{"embeddable":true,"href":"https:\/\/maxradio923.com.ar\/index.php\/wp-json\/wp\/v2\/users\/2"}],"replies":[{"embeddable":true,"href":"https:\/\/maxradio923.com.ar\/index.php\/wp-json\/wp\/v2\/comments?post=88085"}],"version-history":[{"count":0,"href":"https:\/\/maxradio923.com.ar\/index.php\/wp-json\/wp\/v2\/posts\/88085\/revisions"}],"wp:featuredmedia":[{"embeddable":true,"href":"https:\/\/maxradio923.com.ar\/index.php\/wp-json\/wp\/v2\/media\/88086"}],"wp:attachment":[{"href":"https:\/\/maxradio923.com.ar\/index.php\/wp-json\/wp\/v2\/media?parent=88085"}],"wp:term":[{"taxonomy":"category","embeddable":true,"href":"https:\/\/maxradio923.com.ar\/index.php\/wp-json\/wp\/v2\/categories?post=88085"},{"taxonomy":"post_tag","embeddable":true,"href":"https:\/\/maxradio923.com.ar\/index.php\/wp-json\/wp\/v2\/tags?post=88085"}],"curies":[{"name":"wp","href":"https:\/\/api.w.org\/{rel}","templated":true}]}}