{"id":88076,"date":"2026-04-30T16:08:03","date_gmt":"2026-04-30T19:08:03","guid":{"rendered":"https:\/\/maxradio923.com.ar\/index.php\/2026\/04\/30\/conflicto-por-los-colectivos-en-amba-el-gobierno-girara-56-000-millones-a-las-empresas-y-evalua-aumentar-el-boleto\/"},"modified":"2026-04-30T16:08:03","modified_gmt":"2026-04-30T19:08:03","slug":"conflicto-por-los-colectivos-en-amba-el-gobierno-girara-56-000-millones-a-las-empresas-y-evalua-aumentar-el-boleto","status":"publish","type":"post","link":"https:\/\/maxradio923.com.ar\/index.php\/2026\/04\/30\/conflicto-por-los-colectivos-en-amba-el-gobierno-girara-56-000-millones-a-las-empresas-y-evalua-aumentar-el-boleto\/","title":{"rendered":"Conflicto por los colectivos en AMBA: el Gobierno girar\u00e1 $ 56.000 millones a las empresas y eval\u00faa aumentar el boleto"},"content":{"rendered":"<p><\/p>\n<div>\n<div class=\"visual__image image-initial-width\"><picture><source srcset=\"https:\/\/www.infobae.com\/resizer\/v2\/RQIXDKE5OJFAFBICAXWF5MRBYI.jpg?auth=c5d10f07fe0bbaedc1439bd766f1fd85e4106f03c8a8f46e84c69f1558b92c51&amp;smart=true&amp;width=992&amp;height=662&amp;quality=85\" media=\"(min-width: 1000px)\"\/><source srcset=\"https:\/\/www.infobae.com\/resizer\/v2\/RQIXDKE5OJFAFBICAXWF5MRBYI.jpg?auth=c5d10f07fe0bbaedc1439bd766f1fd85e4106f03c8a8f46e84c69f1558b92c51&amp;smart=true&amp;width=768&amp;height=512&amp;quality=85\" media=\"(min-width: 768px)\"\/><source srcset=\"https:\/\/www.infobae.com\/resizer\/v2\/RQIXDKE5OJFAFBICAXWF5MRBYI.jpg?auth=c5d10f07fe0bbaedc1439bd766f1fd85e4106f03c8a8f46e84c69f1558b92c51&amp;smart=true&amp;width=577&amp;height=385&amp;quality=85\" media=\"(min-width: 580px)\"\/><source srcset=\"https:\/\/www.infobae.com\/resizer\/v2\/RQIXDKE5OJFAFBICAXWF5MRBYI.jpg?auth=c5d10f07fe0bbaedc1439bd766f1fd85e4106f03c8a8f46e84c69f1558b92c51&amp;smart=true&amp;width=420&amp;height=280&amp;quality=85\" media=\"(min-width: 350px)\"\/><source srcset=\"https:\/\/www.infobae.com\/resizer\/v2\/RQIXDKE5OJFAFBICAXWF5MRBYI.jpg?auth=c5d10f07fe0bbaedc1439bd766f1fd85e4106f03c8a8f46e84c69f1558b92c51&amp;smart=true&amp;width=350&amp;height=233&amp;quality=85\" media=\"(min-width: 80px)\"\/><img alt=\"Paro de colectivos en el AMBA - Estaci\u00f3n Constituci\u00f3n - 11\/04\/2024\" class=\"global-image\" decoding=\"async\" fetchpriority=\"high\" height=\"2345\" loading=\"eager\" src=\"https:\/\/www.infobae.com\/resizer\/v2\/RQIXDKE5OJFAFBICAXWF5MRBYI.jpg?auth=c5d10f07fe0bbaedc1439bd766f1fd85e4106f03c8a8f46e84c69f1558b92c51&amp;smart=true&amp;width=350&amp;height=233&amp;quality=85\" width=\"3516\"\/><\/picture><figcaption class=\"article-figcaption-img\">La reducci\u00f3n de frecuencias es moneda corriente en la Ciudad y el Gran Buenos Aires ante el aumento de los costos del sector (Luciano Gonz\u00e1lez)<\/figcaption><\/div>\n<p class=\"paragraph\">Luego de semanas de tensi\u00f3n entre el Gobierno y las <b>empresas de colectivos<\/b> del \u00c1rea Metropolitana de Buenos Aires (AMBA), la <b>Secretar\u00eda de Transporte<\/b> se comprometi\u00f3 a realizar una transferencia por <b>$ 56.000 millones<\/b> para achicar la deuda que mantiene con el sector y a volver a calcular el costo del servicio en mayo, con lo que hay expectativa por un eventual nuevo <b>aumento del boleto de colectivo<\/b>. Los empresarios especulan que la decisi\u00f3n est\u00e1 pr\u00e1cticamente tomada y que se comunicar\u00e1 \u2014como sucede siempre\u2014 a mitad de mes para que no pegue de lleno sobre la inflaci\u00f3n promedio del mes.<\/p>\n<p class=\"paragraph\">Este jueves hubo una reuni\u00f3n en el Ministerio de Econom\u00eda en la que participaron representantes de las c\u00e1maras empresarias, funcionarios nacionales y delegados de la provincia de Buenos Aires. Una fuente del sector inform\u00f3 que la deuda total con las empresas ascend\u00eda a <b>$130.000 millones<\/b>, incluyendo <b>$50.000 millones<\/b> correspondientes al atributo social que la Naci\u00f3n adeuda a la provincia de Buenos Aires. Adem\u00e1s, se detall\u00f3 que <b>$30.000 millones<\/b> estaban a cargo de la provincia, monto que se cobr\u00f3 en el mismo d\u00eda del encuentro. El resto, <b>$56.000 millones<\/b>, correspondi\u00f3 a compromisos que la Naci\u00f3n se comprometi\u00f3 a transferir en la jornada.<\/p>\n<p class=\"paragraph\">Entre el d\u00eda anterior y la fecha de la reuni\u00f3n, las empresas cobraron <b>$86.000 millones<\/b>. A pesar de estos pagos, <b>quedaron pendientes $55.000 millones<\/b> vinculados a atributos sociales de enero, febrero y marzo, que la Naci\u00f3n a\u00fan adeuda a la provincia. Los representantes del sector remarcaron la importancia de regularizar estos pagos para garantizar la continuidad del servicio en el AMBA y evitar nuevas tensiones.<\/p>\n<div class=\"visual__image\"><picture><source srcset=\"https:\/\/www.infobae.com\/resizer\/v2\/NNX7XBBETVHOFLCN5O5HD2V6UY.jpg?auth=8d17a359e8b2e7e3824d4a0dc325b5fe920a1fb50bbc1354bc84ebd0a74a05ef&amp;smart=true&amp;width=992&amp;height=661&amp;quality=85\" media=\"(min-width: 1000px)\"\/><source srcset=\"https:\/\/www.infobae.com\/resizer\/v2\/NNX7XBBETVHOFLCN5O5HD2V6UY.jpg?auth=8d17a359e8b2e7e3824d4a0dc325b5fe920a1fb50bbc1354bc84ebd0a74a05ef&amp;smart=true&amp;width=768&amp;height=512&amp;quality=85\" media=\"(min-width: 768px)\"\/><source srcset=\"https:\/\/www.infobae.com\/resizer\/v2\/NNX7XBBETVHOFLCN5O5HD2V6UY.jpg?auth=8d17a359e8b2e7e3824d4a0dc325b5fe920a1fb50bbc1354bc84ebd0a74a05ef&amp;smart=true&amp;width=577&amp;height=385&amp;quality=85\" media=\"(min-width: 580px)\"\/><source srcset=\"https:\/\/www.infobae.com\/resizer\/v2\/NNX7XBBETVHOFLCN5O5HD2V6UY.jpg?auth=8d17a359e8b2e7e3824d4a0dc325b5fe920a1fb50bbc1354bc84ebd0a74a05ef&amp;smart=true&amp;width=420&amp;height=280&amp;quality=85\" media=\"(min-width: 350px)\"\/><source srcset=\"https:\/\/www.infobae.com\/resizer\/v2\/NNX7XBBETVHOFLCN5O5HD2V6UY.jpg?auth=8d17a359e8b2e7e3824d4a0dc325b5fe920a1fb50bbc1354bc84ebd0a74a05ef&amp;smart=true&amp;width=350&amp;height=233&amp;quality=85\" media=\"(min-width: 80px)\"\/><img alt=\"Paro de colectivos en el AMBA - Estaci\u00f3n Constituci\u00f3n - 11\/04\/2024\" class=\"global-image\" decoding=\"async\" fetchpriority=\"low\" height=\"4000\" loading=\"lazy\" src=\"https:\/\/www.infobae.com\/resizer\/v2\/NNX7XBBETVHOFLCN5O5HD2V6UY.jpg?auth=8d17a359e8b2e7e3824d4a0dc325b5fe920a1fb50bbc1354bc84ebd0a74a05ef&amp;smart=true&amp;width=350&amp;height=233&amp;quality=85\" width=\"6000\"\/><\/picture><figcaption class=\"article-figcaption-img\">El sector del transporte espera la transferencia de fondos y anticipa un ajuste en el precio del boleto.<\/figcaption><\/div>\n<p class=\"paragraph\">La pol\u00edtica tarifaria fue otro de los ejes del encuentro. Seg\u00fan la fuente consultada, las autoridades nacionales le confirmaron que <b>\u201cest\u00e1n evaluando el aumento de la tarifa\u201d<\/b> aunque no brindaron detalles precisos. Aseguraron que la medida requiere una validaci\u00f3n final de <b>Luis Caputo<\/b>, titular de Econom\u00eda, y que el anuncio formal se realizar\u00e1 en los pr\u00f3ximos d\u00edas. Ante la consulta de <b>Infobae<\/b> a fuentes oficiales de la Secretar\u00eda de Transporte aseguraron que las autoridades est\u00e1n evaluando la situaci\u00f3n y la decisi\u00f3n correspondiente se definir\u00e1 en los pr\u00f3ximos d\u00edas. <\/p>\n<p class=\"paragraph\">Los empresarios se\u00f1alaron que, si se repite el esquema habitual, el ajuste se oficializar\u00e1 a mitad de mes, como sucedi\u00f3 en ocasiones anteriores. El sector explic\u00f3 que el Gobierno suele aplicar los aumentos el d\u00eda 18 de cada mes. Esta pr\u00e1ctica responde a la necesidad de evitar que el impacto del ajuste repercuta plenamente en el \u00edndice de inflaci\u00f3n, ya que un cambio el primer d\u00eda del mes tendr\u00eda mayor incidencia en la estad\u00edstica.<\/p>\n<p class=\"paragraph\">\u201cSe comprometieron a recalcular en mayo la estructura de costo, van a volver a calcular cuanto cuesta mover los colectivos, pero poniendole el precio del gasoil actual. A partir de ello, van a determinar c\u00f3mo se financia. \u201cSi van a actualizar la estructura de costo y no van a aumentar subsidios, no les va a quedar otra que aumentar la tarifa\u201d, coment\u00f3 una fuente que particip\u00f3 de la reuni\u00f3n.<\/p>\n<p class=\"paragraph\">Ante la transferencia de <b>$56.000 millones <\/b>de Naci\u00f3n y los compromisos de revisar la estructura de costos, se espera que el servicio de colectivos en el AMBA vuelva a la situaci\u00f3n que se encontraba en marzo. \u201cVolveriamos el lunes a una situaci\u00f3n similar a la de marzo, antes de que se disparara el precio del gasoil, semi normal\u201d, coment\u00f3 un empresario a <b>Infobae<\/b>.<\/p>\n<div class=\"visual__image\"><picture><source srcset=\"https:\/\/www.infobae.com\/resizer\/v2\/PBQSSJNHHVADLPWK2GK3MCSJHA.jpg?auth=b9afd6da688b0b592fc0dc035e913aedf046037e14b9c7924903d34a7604b9ee&amp;smart=true&amp;width=992&amp;height=661&amp;quality=85\" media=\"(min-width: 1000px)\"\/><source srcset=\"https:\/\/www.infobae.com\/resizer\/v2\/PBQSSJNHHVADLPWK2GK3MCSJHA.jpg?auth=b9afd6da688b0b592fc0dc035e913aedf046037e14b9c7924903d34a7604b9ee&amp;smart=true&amp;width=768&amp;height=512&amp;quality=85\" media=\"(min-width: 768px)\"\/><source srcset=\"https:\/\/www.infobae.com\/resizer\/v2\/PBQSSJNHHVADLPWK2GK3MCSJHA.jpg?auth=b9afd6da688b0b592fc0dc035e913aedf046037e14b9c7924903d34a7604b9ee&amp;smart=true&amp;width=577&amp;height=385&amp;quality=85\" media=\"(min-width: 580px)\"\/><source srcset=\"https:\/\/www.infobae.com\/resizer\/v2\/PBQSSJNHHVADLPWK2GK3MCSJHA.jpg?auth=b9afd6da688b0b592fc0dc035e913aedf046037e14b9c7924903d34a7604b9ee&amp;smart=true&amp;width=420&amp;height=280&amp;quality=85\" media=\"(min-width: 350px)\"\/><source srcset=\"https:\/\/www.infobae.com\/resizer\/v2\/PBQSSJNHHVADLPWK2GK3MCSJHA.jpg?auth=b9afd6da688b0b592fc0dc035e913aedf046037e14b9c7924903d34a7604b9ee&amp;smart=true&amp;width=350&amp;height=233&amp;quality=85\" media=\"(min-width: 80px)\"\/><img alt=\"Paro de colectivos en el AMBA - Estaci\u00f3n Constituci\u00f3n - 11\/04\/2024\" class=\"global-image\" decoding=\"async\" fetchpriority=\"low\" height=\"3993\" loading=\"lazy\" src=\"https:\/\/www.infobae.com\/resizer\/v2\/PBQSSJNHHVADLPWK2GK3MCSJHA.jpg?auth=b9afd6da688b0b592fc0dc035e913aedf046037e14b9c7924903d34a7604b9ee&amp;smart=true&amp;width=350&amp;height=233&amp;quality=85\" width=\"5990\"\/><\/picture><figcaption class=\"article-figcaption-img\">Se espera que a partir del pr\u00f3ximo lunes se normalice la frecuencia de colectivos en el AMBA.<\/figcaption><\/div>\n<p class=\"paragraph\">\u201cDe nuestra parte nos hemos comprometido a, gracias a la regularizaci\u00f3n de los pagos de subsidios registrada en el d\u00eda de la fecha, a normalizar las frecuencias en forma inmediata. Todo esto mientras seguimos trabajando en conjunto con las autoridades, monitoreando los efectos derivados del citado conflicto, que afecta los precios del gasoil, minimizando su traslado al servicio, preservando as\u00ed a los servicios y sus usuarios\u201d, afirmaron en el comunicado de la Asociaci\u00f3n Argentina de Empresarios del Transporte Automotor (Aaeta).<\/p>\n<p class=\"paragraph\">El encuentro de este jueves fue el debut del secretario de Transporte, <b>Mariano Plencovich tras <\/b>el movimiento en distintas areas que gener\u00f3 la salida de Carlos Frugoni. Funcionario sobre el que los empresarios de colectivos del AMBA tienen una buena imagen o mejor que la que ten\u00edan de <b>Fernando Herrmann<\/b>. \u201cPlencovich sabe de transporte, es un perfil t\u00e9cnico, viene de transporte de C\u00f3rdoba. Cuando vos hablas con \u00e9l no le tenes que explicar mucho, en cambio Herrmann es un arquitecto. Es m\u00e1s fluido el di\u00e1logo porque est\u00e1s hablando con alguien que entiende tu problema, cuando del otro lado no entienden tu problema, tienes dos: hac\u00e9rselo entender y que, cuando lo entienda, te d\u00e9 una soluci\u00f3n\u201d, comentaron.<\/p>\n<p class=\"paragraph\">En su nuevo rol de secretario Coordinador de Infraestructura, Herrmann particip\u00f3 durante los primeros diez minutos de la reuni\u00f3n de este jueves y luego le dio la palabra a Plencovich, quien se hizo cargo de las cuestiones t\u00e9cnicas del encuentro. El resultado de la reuni\u00f3n fue positivo para los empresarios, pero se encuentran a la expectativa de m\u00e1s anuncios en mayo.<\/p>\n<\/div>\n<p><script defer=\"\">try{!function(f,b,e,v,n,t,s) {if(f.fbq)return;n=f.fbq=function(){n.callMethod? n.callMethod.apply(n,arguments):n.queue.push(arguments)}; if(!f._fbq)f._fbq=n;n.push=n;n.loaded=!0;n.version='2.0'; n.queue=[];t=b.createElement(e);t.async=!0; t.src=v;s=b.getElementsByTagName(e)[0]; s.parentNode.insertBefore(t,s)}(window, document,'script', ' fbq('init', '336383993555320'); fbq('track', 'PageView'); fbq('track', 'ViewContent');}catch(error){console.log(\"Error al inicializar facebookPixelRawCodeScript:\",error);}<\/script><\/p>\n","protected":false},"excerpt":{"rendered":"<p>La reducci\u00f3n de frecuencias es moneda corriente en la Ciudad y el Gran Buenos Aires ante el aumento de los costos del sector (Luciano Gonz\u00e1lez) Luego de semanas de tensi\u00f3n entre el Gobierno y las empresas de colectivos del \u00c1rea Metropolitana de Buenos Aires (AMBA), la Secretar\u00eda de Transporte se comprometi\u00f3 a realizar una transferencia [&hellip;]<\/p>\n","protected":false},"author":2,"featured_media":87063,"comment_status":"","ping_status":"","sticky":false,"template":"","format":"standard","meta":{"footnotes":""},"categories":[2],"tags":[],"_links":{"self":[{"href":"https:\/\/maxradio923.com.ar\/index.php\/wp-json\/wp\/v2\/posts\/88076"}],"collection":[{"href":"https:\/\/maxradio923.com.ar\/index.php\/wp-json\/wp\/v2\/posts"}],"about":[{"href":"https:\/\/maxradio923.com.ar\/index.php\/wp-json\/wp\/v2\/types\/post"}],"author":[{"embeddable":true,"href":"https:\/\/maxradio923.com.ar\/index.php\/wp-json\/wp\/v2\/users\/2"}],"replies":[{"embeddable":true,"href":"https:\/\/maxradio923.com.ar\/index.php\/wp-json\/wp\/v2\/comments?post=88076"}],"version-history":[{"count":0,"href":"https:\/\/maxradio923.com.ar\/index.php\/wp-json\/wp\/v2\/posts\/88076\/revisions"}],"wp:featuredmedia":[{"embeddable":true,"href":"https:\/\/maxradio923.com.ar\/index.php\/wp-json\/wp\/v2\/media\/87063"}],"wp:attachment":[{"href":"https:\/\/maxradio923.com.ar\/index.php\/wp-json\/wp\/v2\/media?parent=88076"}],"wp:term":[{"taxonomy":"category","embeddable":true,"href":"https:\/\/maxradio923.com.ar\/index.php\/wp-json\/wp\/v2\/categories?post=88076"},{"taxonomy":"post_tag","embeddable":true,"href":"https:\/\/maxradio923.com.ar\/index.php\/wp-json\/wp\/v2\/tags?post=88076"}],"curies":[{"name":"wp","href":"https:\/\/api.w.org\/{rel}","templated":true}]}}