{"id":88072,"date":"2026-04-30T15:26:04","date_gmt":"2026-04-30T18:26:04","guid":{"rendered":"https:\/\/maxradio923.com.ar\/index.php\/2026\/04\/30\/agenda-deportiva-para-el-fin-de-semana-en-san-juan-26\/"},"modified":"2026-04-30T15:26:04","modified_gmt":"2026-04-30T18:26:04","slug":"agenda-deportiva-para-el-fin-de-semana-en-san-juan-26","status":"publish","type":"post","link":"https:\/\/maxradio923.com.ar\/index.php\/2026\/04\/30\/agenda-deportiva-para-el-fin-de-semana-en-san-juan-26\/","title":{"rendered":"Agenda deportiva para el fin de semana en San Juan"},"content":{"rendered":"<p><\/p>\n<div>\n<p>Durante el fin de semana del <strong>viernes 01 al domingo 03 de mayo de 2026<\/strong>, en <strong>San Juan<\/strong> habr\u00e1 una variada oferta de eventos deportivos recreativos y\/o competitivos. Todos ellos estar\u00e1n a disposici\u00f3n para la participaci\u00f3n y el disfrute de los sanjuaninos y las sanjuaninas.<\/p>\n<p>A continuaci\u00f3n, el resumen con la informaci\u00f3n de la agenda deportiva local para este receso semanal:<\/p>\n<p><strong>Automovilismo<\/strong><\/p>\n<p><strong>TN en San Juan<\/strong><\/p>\n<p>La cuarta fecha de la temporada 2026 del TN se celebrar\u00e1 este fin de semana en el Circuito Villicum, Albard\u00f3n.<\/p>\n<p>Cronograma con d\u00edas y horarios del fin de semana.<\/p>\n<p>Historial del TN en San Juan.<\/p>\n<p><strong>Conferencia de prensa:<\/strong> jueves 30 de abril a las 19 en las puertas del estadio Aldo Cantoni.<\/p>\n<p><strong>TN por San Juan:<\/strong> este jueves 30 de abril, desde las 18:30, habr\u00e1 un paseo de autos de competici\u00f3n con inicio en Plaza 25 de Mayo y llegada al estadio cubierto. El recorrido ser\u00e1 por Avenida Jos\u00e9 Ignacio de la Roza hacia el oeste hasta Urquiza, giro al norte hasta llegar al Aldo Cantoni.<\/p>\n<p><strong>Centro de Educaci\u00f3n F\u00edsica N\u00b020 La Granja \u2013 Santa Luc\u00eda<\/strong><\/p>\n<p>El entrante ser\u00e1 un nuevo fin de semana con continuidad para los campeonatos locales de hockey sobre c\u00e9sped de la Liga Social. La actividad del s\u00e1bado 02 ser\u00e1 en dos turnos, de 8 a 12 y de 13 a 22; mientras que el domingo 03 se realizar\u00e1 de 9 a 23.<\/p>\n<p><strong>Ciclismo<\/strong><\/p>\n<p>Las categor\u00edas infanto-juveniles de San Juan tendr\u00e1n este domingo 03 de mayo su fecha coronaci\u00f3n del certamen dom\u00e9stico. La actividad ser\u00e1 en el Kartodromo de Pocito (Ruta Nacional 40 pasando Calle 9) desde las 8 (concentraci\u00f3n) y a las 9 (largada). Participar\u00e1n categor\u00edas pa\u00f1ales, infantiles, juveniles y junior. La organizaci\u00f3n ser\u00e1 de Juventud del Norte y la fiscalizaci\u00f3n de Federaci\u00f3n Ciclista Sanjuanina.<\/p>\n<\/p><\/div>\n<p><script async defer crossorigin=\"anonymous\" src=\"https:\/\/connect.facebook.net\/es_ES\/sdk.js#xfbml=1&#038;version=v3.3\"><\/script><\/p>\n","protected":false},"excerpt":{"rendered":"<p>Durante el fin de semana del viernes 01 al domingo 03 de mayo de 2026, en San Juan habr\u00e1 una variada oferta de eventos deportivos recreativos y\/o competitivos. Todos ellos estar\u00e1n a disposici\u00f3n para la participaci\u00f3n y el disfrute de los sanjuaninos y las sanjuaninas. A continuaci\u00f3n, el resumen con la informaci\u00f3n de la agenda [&hellip;]<\/p>\n","protected":false},"author":2,"featured_media":88073,"comment_status":"","ping_status":"","sticky":false,"template":"","format":"standard","meta":{"footnotes":""},"categories":[8],"tags":[],"_links":{"self":[{"href":"https:\/\/maxradio923.com.ar\/index.php\/wp-json\/wp\/v2\/posts\/88072"}],"collection":[{"href":"https:\/\/maxradio923.com.ar\/index.php\/wp-json\/wp\/v2\/posts"}],"about":[{"href":"https:\/\/maxradio923.com.ar\/index.php\/wp-json\/wp\/v2\/types\/post"}],"author":[{"embeddable":true,"href":"https:\/\/maxradio923.com.ar\/index.php\/wp-json\/wp\/v2\/users\/2"}],"replies":[{"embeddable":true,"href":"https:\/\/maxradio923.com.ar\/index.php\/wp-json\/wp\/v2\/comments?post=88072"}],"version-history":[{"count":0,"href":"https:\/\/maxradio923.com.ar\/index.php\/wp-json\/wp\/v2\/posts\/88072\/revisions"}],"wp:featuredmedia":[{"embeddable":true,"href":"https:\/\/maxradio923.com.ar\/index.php\/wp-json\/wp\/v2\/media\/88073"}],"wp:attachment":[{"href":"https:\/\/maxradio923.com.ar\/index.php\/wp-json\/wp\/v2\/media?parent=88072"}],"wp:term":[{"taxonomy":"category","embeddable":true,"href":"https:\/\/maxradio923.com.ar\/index.php\/wp-json\/wp\/v2\/categories?post=88072"},{"taxonomy":"post_tag","embeddable":true,"href":"https:\/\/maxradio923.com.ar\/index.php\/wp-json\/wp\/v2\/tags?post=88072"}],"curies":[{"name":"wp","href":"https:\/\/api.w.org\/{rel}","templated":true}]}}