{"id":88068,"date":"2026-04-30T15:00:09","date_gmt":"2026-04-30T18:00:09","guid":{"rendered":"https:\/\/maxradio923.com.ar\/index.php\/2026\/04\/30\/emprendedores-sociales-expondran-en-la-feria-internacional-de-artesanias-2026\/"},"modified":"2026-04-30T15:00:09","modified_gmt":"2026-04-30T18:00:09","slug":"emprendedores-sociales-expondran-en-la-feria-internacional-de-artesanias-2026","status":"publish","type":"post","link":"https:\/\/maxradio923.com.ar\/index.php\/2026\/04\/30\/emprendedores-sociales-expondran-en-la-feria-internacional-de-artesanias-2026\/","title":{"rendered":"Emprendedores sociales expondr\u00e1n en la Feria Internacional de Artesan\u00edas 2026"},"content":{"rendered":"<p><\/p>\n<div>\n<p>El Ministerio de Familia y Desarrollo Humano, informa que 16 emprendedores sociales, que integran el Registro Provincial de Emprendedores expondr\u00e1n, trabajar\u00e1n en vivo y comercializar\u00e1n sus productos en la XXXI Feria Internacional de Artesan\u00edas, que se llevar\u00e1 a cabo entre el 30 de abril y el 10 de mayo en el Costanera Complejo Ferial, de Chimbas.<\/p>\n<p>En este sentido, desde la Direcci\u00f3n de Econom\u00eda Social, se dispuso contar con al menos 4 stands destinados exclusivamente y de forma gratuita. De este modo, estar\u00e1n presentes en uno de los eventos m\u00e1s convocantes y representativos de la identidad local que convoca a miles de sanjuaninos y turistas, todos los a\u00f1os. Se ha previsto la participaci\u00f3n de m\u00e1s de 300 expositores, inclusive algunos exponentes nacionales e internacionales.<\/p>\n<p>En la Carpa 3, en los stands n\u00famero 124, 125, 126, 127; estar\u00e1n ubicados los emprendedores Ivana Nome, Alicia Alejandra Fern\u00e1ndez, Isis Toledo, Patricia del Valle Torres, Vanesa Paola Alafferte, Marcela Castro, Jonthan Morales, Nelly Luc\u00eda Olmos, Gimena Gonz\u00e1lez, Romina L\u00f3pez, Silvina Ver\u00f3nica Quiroga, Alberto Duchini, Norma Fern\u00e1ndez, Javier Rodr\u00edguez, Mar\u00eda Julia Clevers que expondr\u00e1n productos tejidos y de decoraci\u00f3n; cer\u00e1mica, velas artesanales, cester\u00eda n\u00f3rdica, objetos de madera y textiles, papeler\u00eda, bijouterie.<\/p>\n<p>Seg\u00fan expres\u00f3 la titular de la Direcci\u00f3n de Econom\u00eda Social, \u201cla Feria de las Artesan\u00edas es un evento con arraigo en la provincia, por lo tanto, es una gran oportunidad para mostrar nuestro talento emprendedor. Quienes van a representar a los emprendedores sociales son aquellos que forman parte de un registro con m\u00e1s de 3500 inscriptos, que no han estado en esta feria anteriormente ni en otros de los grandes eventos que generamos desde el Ministerio de Familia y Desarrollo Humano. Por lo que \u00e9sta es una ocasi\u00f3n m\u00e1s propicia para visibilizar y potenciar sus artesan\u00edas\u201d.<\/p>\n<\/p><\/div>\n<p><script async defer crossorigin=\"anonymous\" src=\"https:\/\/connect.facebook.net\/es_ES\/sdk.js#xfbml=1&#038;version=v3.3\"><\/script><\/p>\n","protected":false},"excerpt":{"rendered":"<p>El Ministerio de Familia y Desarrollo Humano, informa que 16 emprendedores sociales, que integran el Registro Provincial de Emprendedores expondr\u00e1n, trabajar\u00e1n en vivo y comercializar\u00e1n sus productos en la XXXI Feria Internacional de Artesan\u00edas, que se llevar\u00e1 a cabo entre el 30 de abril y el 10 de mayo en el Costanera Complejo Ferial, de [&hellip;]<\/p>\n","protected":false},"author":2,"featured_media":88069,"comment_status":"","ping_status":"","sticky":false,"template":"","format":"standard","meta":{"footnotes":""},"categories":[8],"tags":[],"_links":{"self":[{"href":"https:\/\/maxradio923.com.ar\/index.php\/wp-json\/wp\/v2\/posts\/88068"}],"collection":[{"href":"https:\/\/maxradio923.com.ar\/index.php\/wp-json\/wp\/v2\/posts"}],"about":[{"href":"https:\/\/maxradio923.com.ar\/index.php\/wp-json\/wp\/v2\/types\/post"}],"author":[{"embeddable":true,"href":"https:\/\/maxradio923.com.ar\/index.php\/wp-json\/wp\/v2\/users\/2"}],"replies":[{"embeddable":true,"href":"https:\/\/maxradio923.com.ar\/index.php\/wp-json\/wp\/v2\/comments?post=88068"}],"version-history":[{"count":0,"href":"https:\/\/maxradio923.com.ar\/index.php\/wp-json\/wp\/v2\/posts\/88068\/revisions"}],"wp:featuredmedia":[{"embeddable":true,"href":"https:\/\/maxradio923.com.ar\/index.php\/wp-json\/wp\/v2\/media\/88069"}],"wp:attachment":[{"href":"https:\/\/maxradio923.com.ar\/index.php\/wp-json\/wp\/v2\/media?parent=88068"}],"wp:term":[{"taxonomy":"category","embeddable":true,"href":"https:\/\/maxradio923.com.ar\/index.php\/wp-json\/wp\/v2\/categories?post=88068"},{"taxonomy":"post_tag","embeddable":true,"href":"https:\/\/maxradio923.com.ar\/index.php\/wp-json\/wp\/v2\/tags?post=88068"}],"curies":[{"name":"wp","href":"https:\/\/api.w.org\/{rel}","templated":true}]}}