{"id":88063,"date":"2026-04-30T14:21:02","date_gmt":"2026-04-30T17:21:02","guid":{"rendered":"https:\/\/maxradio923.com.ar\/index.php\/2026\/04\/30\/una-por-una-cuales-son-las-empresas-que-el-gobierno-aspira-a-privatizar-este-ano\/"},"modified":"2026-04-30T14:21:02","modified_gmt":"2026-04-30T17:21:02","slug":"una-por-una-cuales-son-las-empresas-que-el-gobierno-aspira-a-privatizar-este-ano","status":"publish","type":"post","link":"https:\/\/maxradio923.com.ar\/index.php\/2026\/04\/30\/una-por-una-cuales-son-las-empresas-que-el-gobierno-aspira-a-privatizar-este-ano\/","title":{"rendered":"Una por una: cu\u00e1les son las empresas que el Gobierno aspira a privatizar este a\u00f1o"},"content":{"rendered":"<p><\/p>\n<div>\n<div class=\"visual__image image-initial-width\"><picture><source srcset=\"https:\/\/www.infobae.com\/resizer\/v2\/6JH3R6MVJNFA7ETAZCKQZMAQOE.jpg?auth=17ec52648e1f4c3c9ab06c418df49f390916e5b970233557cc9891aea40b11c8&amp;smart=true&amp;width=992&amp;height=558&amp;quality=85\" media=\"(min-width: 1000px)\"\/><source srcset=\"https:\/\/www.infobae.com\/resizer\/v2\/6JH3R6MVJNFA7ETAZCKQZMAQOE.jpg?auth=17ec52648e1f4c3c9ab06c418df49f390916e5b970233557cc9891aea40b11c8&amp;smart=true&amp;width=768&amp;height=432&amp;quality=85\" media=\"(min-width: 768px)\"\/><source srcset=\"https:\/\/www.infobae.com\/resizer\/v2\/6JH3R6MVJNFA7ETAZCKQZMAQOE.jpg?auth=17ec52648e1f4c3c9ab06c418df49f390916e5b970233557cc9891aea40b11c8&amp;smart=true&amp;width=577&amp;height=325&amp;quality=85\" media=\"(min-width: 580px)\"\/><source srcset=\"https:\/\/www.infobae.com\/resizer\/v2\/6JH3R6MVJNFA7ETAZCKQZMAQOE.jpg?auth=17ec52648e1f4c3c9ab06c418df49f390916e5b970233557cc9891aea40b11c8&amp;smart=true&amp;width=420&amp;height=236&amp;quality=85\" media=\"(min-width: 350px)\"\/><source srcset=\"https:\/\/www.infobae.com\/resizer\/v2\/6JH3R6MVJNFA7ETAZCKQZMAQOE.jpg?auth=17ec52648e1f4c3c9ab06c418df49f390916e5b970233557cc9891aea40b11c8&amp;smart=true&amp;width=350&amp;height=197&amp;quality=85\" media=\"(min-width: 80px)\"\/><img alt=\"Aysa\" class=\"global-image\" decoding=\"async\" fetchpriority=\"high\" height=\"1080\" loading=\"eager\" src=\"https:\/\/www.infobae.com\/resizer\/v2\/6JH3R6MVJNFA7ETAZCKQZMAQOE.jpg?auth=17ec52648e1f4c3c9ab06c418df49f390916e5b970233557cc9891aea40b11c8&amp;smart=true&amp;width=350&amp;height=197&amp;quality=85\" width=\"1920\"\/><\/picture><figcaption class=\"article-figcaption-img\">AySA y Transener lideran el cronograma, pero el ingreso de divisas se espera en el segundo semestre<\/figcaption><\/div>\n<p class=\"paragraph\">En l\u00ednea con la estrategia financiera para afrontar vencimientos de deuda, el Gobierno acelera el proceso de <b>privatizaciones y concesiones de empresas p\u00fablicas<\/b> con la expectativa de recaudar <b>USD 2.000 millones<\/b> en el a\u00f1o. Sin embargo, existen casos como <b>Aguas y Saneamientos Argentinos (AySA)<\/b> y <b>Transener<\/b> donde el procedimiento de transferencia se encuentra m\u00e1s avanzado. En el <b>Ministerio de Econom\u00eda<\/b> admiten que los d\u00f3lares provenientes de estas operaciones ingresar\u00edan reci\u00e9n en el segundo semestre, lo que deja en evidencia una mayor dependencia de otras fuentes de financiamiento como el pr\u00e9stamo con bancos internacionales y la colocaci\u00f3n de los bonos <b>Bonar 2027<\/b> y <b>2028<\/b> para poder hacer frente al pago de <b>USD 4.200 millones<\/b> en julio.<\/p>\n<p class=\"paragraph\">Durante su participaci\u00f3n en Expo EFI, el ministro de Econom\u00eda, <b>Luis Caputo<\/b>, sostuvo que por medio de las privatizaciones y concesiones de empresas publicas pretenden conseguir <b>USD 2.000 millones<\/b> este a\u00f1o. En la lista que expuso el ministro se encontraban: <b>Citelec S.A. (Transener)<\/b>, las <b>centrales t\u00e9rmicas Manuel Belgrano y San Mart\u00edn<\/b>, <b>concesiones hidroel\u00e9ctricas<\/b>, <b>Belgrano Cargas y Log\u00edstica<\/b>, <b>Intercargo<\/b>, <b>AySA<\/b>, <b>Tandanor<\/b> y <b>Casa de la Moneda<\/b>. <\/p>\n<p class=\"paragraph\">El plan oficial abarca a empresas de sectores estrat\u00e9gicos y se apoya en la <b>Ley Bases<\/b>, que estableci\u00f3 la privatizaci\u00f3n de <b>Energ\u00eda Argentina S.A.<\/b> e <b>Intercargo SAU<\/b>, as\u00ed como la privatizaci\u00f3n o concesi\u00f3n de <b>AySA<\/b>, <b>Belgrano Cargas y Log\u00edstica S.A.<\/b>, <b>Sociedad Operadora Ferroviaria S.E. (SOFSE)<\/b> y <b>Corredores Viales S.A.<\/b> El objetivo principal, seg\u00fan fuentes oficiales, es retirar al Estado de la gesti\u00f3n de estas compa\u00f1\u00edas y fortalecer las reservas.<\/p>\n<p class=\"paragraph\">Caputo sostuvo que el cronograma se orienta a completar la mayor parte de las operaciones antes de fin de a\u00f1o y argument\u00f3: <b>\u201cLa estimaci\u00f3n es que para fin de a\u00f1o est\u00e9 todo esto concretado. El optimismo que tenemos est\u00e1 fundamentado en datos concretos, est\u00e1 basado en datos s\u00f3lidos, en cosas que est\u00e1n pasando, en casos que estamos viendo que se las podemos mostrar, que est\u00e1n sucediendo y que se est\u00e1n comprobando, porque si no estuviera pasando esto, en pleno shock externo hoy estar\u00edamos frente a un caos\u201d<\/b>.<\/p>\n<div class=\"visual__image\"><picture><source srcset=\"https:\/\/www.infobae.com\/resizer\/v2\/6QEZRMFRFZGTJB3S7RV5VYYDPI.jpg?auth=7c2010b4680a9f3ab50c076f0bde4a1271cad08472001a6507109cea7a2e8692&amp;smart=true&amp;width=992&amp;height=558&amp;quality=85\" media=\"(min-width: 1000px)\"\/><source srcset=\"https:\/\/www.infobae.com\/resizer\/v2\/6QEZRMFRFZGTJB3S7RV5VYYDPI.jpg?auth=7c2010b4680a9f3ab50c076f0bde4a1271cad08472001a6507109cea7a2e8692&amp;smart=true&amp;width=768&amp;height=432&amp;quality=85\" media=\"(min-width: 768px)\"\/><source srcset=\"https:\/\/www.infobae.com\/resizer\/v2\/6QEZRMFRFZGTJB3S7RV5VYYDPI.jpg?auth=7c2010b4680a9f3ab50c076f0bde4a1271cad08472001a6507109cea7a2e8692&amp;smart=true&amp;width=577&amp;height=325&amp;quality=85\" media=\"(min-width: 580px)\"\/><source srcset=\"https:\/\/www.infobae.com\/resizer\/v2\/6QEZRMFRFZGTJB3S7RV5VYYDPI.jpg?auth=7c2010b4680a9f3ab50c076f0bde4a1271cad08472001a6507109cea7a2e8692&amp;smart=true&amp;width=420&amp;height=236&amp;quality=85\" media=\"(min-width: 350px)\"\/><source srcset=\"https:\/\/www.infobae.com\/resizer\/v2\/6QEZRMFRFZGTJB3S7RV5VYYDPI.jpg?auth=7c2010b4680a9f3ab50c076f0bde4a1271cad08472001a6507109cea7a2e8692&amp;smart=true&amp;width=350&amp;height=197&amp;quality=85\" media=\"(min-width: 80px)\"\/><img alt=\"Luis &quot;Toto&quot; Caputo, de pie en un escenario, gesticula mientras habla frente a una pantalla gigante que muestra &quot;Privatizaciones y Concesiones&quot; y el logo de ExpoEFI\" class=\"global-image\" decoding=\"async\" fetchpriority=\"low\" height=\"1080\" loading=\"lazy\" src=\"https:\/\/www.infobae.com\/resizer\/v2\/6QEZRMFRFZGTJB3S7RV5VYYDPI.jpg?auth=7c2010b4680a9f3ab50c076f0bde4a1271cad08472001a6507109cea7a2e8692&amp;smart=true&amp;width=350&amp;height=197&amp;quality=85\" width=\"1920\"\/><\/picture><figcaption class=\"article-figcaption-img\">El ministro de Econom\u00eda, Luis Caputo, asegur\u00f3 que apuntan a conseguir USD 2.000 millones con privatizaciones y concesiones este a\u00f1o.<\/figcaption><\/div>\n<p class=\"paragraph\">Entre las empresas incluidas en el plan, <b>AySA<\/b> y <b>Transener<\/b> encabezan el grupo en el que el proceso de privatizaci\u00f3n muestra mayores avances. El martes se public\u00f3 en el <b>Bolet\u00edn Oficial<\/b> el contrato de concesi\u00f3n de AySA y, seg\u00fan fuentes consultadas por <b>Infobae<\/b>, el llamado a licitaci\u00f3n deber\u00eda formalizarse en los pr\u00f3ximos d\u00edas. El procedimiento comprende varias etapas y demandar\u00e1 cerca de tres meses, ya que los interesados tendr\u00e1n que acreditar solvencia econ\u00f3mica y capacidades t\u00e9cnicas antes de formalizar una oferta. El objetivo es recaudar <b>USD 500 millones<\/b> con la concesi\u00f3n de AySA, que opera en la Ciudad de Buenos Aires y 26 partidos del conurbano bonaerense.<\/p>\n<p class=\"paragraph\">En el caso de <b>Transener<\/b>, tambi\u00e9n esta semana, la <b>Secretar\u00eda de Energ\u00eda<\/b> comunic\u00f3 que la <b>Comisi\u00f3n Evaluadora<\/b> habilit\u00f3 a tres empresas para participar de la etapa econ\u00f3mica: <b>Genneia S.A. (Edison Transmisi\u00f3n S.A. y Genneia S.A.)<\/b>, Central Puerto S.A. y Edenor S.A., con propuestas de <b>USD 356.174.811,78<\/b>, <b>USD 301.000.000<\/b> y <b>USD 230.000.000<\/b>, respectivamente. Transener administra m\u00e1s de <b>12.600 kil\u00f3metros de l\u00edneas de alta tensi\u00f3n<\/b> que recorren el pa\u00eds y constituye la columna vertebral del sistema el\u00e9ctrico nacional. La adjudicaci\u00f3n est\u00e1 prevista para mayo y permitir\u00e1 al Estado retirarse totalmente de la participaci\u00f3n accionaria en la transportista, consolidando el esquema de regulaci\u00f3n vigente.<\/p>\n<p class=\"paragraph\">El resto de las privatizaciones y concesiones transita etapas previas y los plazos dependen de la complejidad de cada caso. En una entrevista exclusiva con <i><b>Infobae<\/b><\/i>, <b>Diego Chaher<\/b>, titular de la Agencia de Transformaci\u00f3n de Empresas P\u00fablicas, explic\u00f3: <b>\u201cEl Presidente marc\u00f3 que el Estado se tiene que retirar de todas las empresas. El objetivo es vender todo. Todas. Despu\u00e9s el tema es el cu\u00e1ndo y el c\u00f3mo\u201d<\/b>.<\/p>\n<p class=\"paragraph\">Para Chaher, el desorden administrativo que encontr\u00f3 al asumir no es un hecho aislado, sino una consecuencia inevitable de la hist\u00f3rica falta de control estatal. El funcionario sostuvo que cualquier intento de saneamiento bajo la \u00f3rbita p\u00fablica es, por definici\u00f3n, pasajero: \u201cPor m\u00e1s que hagamos los deberes para que las empresas est\u00e9n en r\u00e9gimen, <b>eso se desvirt\u00faa en treinta segundos si perd\u00e9s la disciplina de mercado\u201d<\/b>, advirti\u00f3.<\/p>\n<h2 class=\"text-align-left vertical-align-top line-height-100 header headline-class-h2 headline\" id=\"cuando-ingresan-los-dolares\">Cu\u00e1ndo ingresan los d\u00f3lares<\/h2>\n<p class=\"paragraph\">En cuanto al flujo de fondos, fuentes del Ministerio de Econom\u00eda se\u00f1alaron a <b>Infobae<\/b> que la expectativa es que los d\u00f3lares de las privatizaciones y concesiones empiecen a ingresar en el segundo semestre. Esto condiciona la estrategia financiera para el pago de vencimientos inmediatos, que depende de la colocaci\u00f3n de bonos y de acuerdos con bancos para obtener pr\u00e9stamos respaldados por garant\u00edas estatales. El plan oficial apuesta a que, una vez completados los procesos de licitaci\u00f3n y adjudicaci\u00f3n, el ingreso de capital privado permita reforzar la posici\u00f3n de reservas y avanzar en la reducci\u00f3n del d\u00e9ficit fiscal.<\/p>\n<p class=\"paragraph\">El procedimiento para cada empresa contempla etapas de verificaci\u00f3n de la solvencia y capacidad t\u00e9cnica de los interesados. Las fuentes remarcaron que los plazos responden a la magnitud y complejidad de las operaciones, y que el retiro del Estado de la administraci\u00f3n de empresas p\u00fablicas responde tanto a una decisi\u00f3n pol\u00edtica como a la necesidad de consolidar el esquema legal y regulatorio vigente. <\/p>\n<\/div>\n<p><script defer=\"\">try{!function(f,b,e,v,n,t,s) {if(f.fbq)return;n=f.fbq=function(){n.callMethod? n.callMethod.apply(n,arguments):n.queue.push(arguments)}; if(!f._fbq)f._fbq=n;n.push=n;n.loaded=!0;n.version='2.0'; n.queue=[];t=b.createElement(e);t.async=!0; t.src=v;s=b.getElementsByTagName(e)[0]; s.parentNode.insertBefore(t,s)}(window, document,'script', ' fbq('init', '336383993555320'); fbq('track', 'PageView'); fbq('track', 'ViewContent');}catch(error){console.log(\"Error al inicializar facebookPixelRawCodeScript:\",error);}<\/script><\/p>\n","protected":false},"excerpt":{"rendered":"<p>AySA y Transener lideran el cronograma, pero el ingreso de divisas se espera en el segundo semestre En l\u00ednea con la estrategia financiera para afrontar vencimientos de deuda, el Gobierno acelera el proceso de privatizaciones y concesiones de empresas p\u00fablicas con la expectativa de recaudar USD 2.000 millones en el a\u00f1o. Sin embargo, existen casos [&hellip;]<\/p>\n","protected":false},"author":2,"featured_media":72135,"comment_status":"","ping_status":"","sticky":false,"template":"","format":"standard","meta":{"footnotes":""},"categories":[2],"tags":[],"_links":{"self":[{"href":"https:\/\/maxradio923.com.ar\/index.php\/wp-json\/wp\/v2\/posts\/88063"}],"collection":[{"href":"https:\/\/maxradio923.com.ar\/index.php\/wp-json\/wp\/v2\/posts"}],"about":[{"href":"https:\/\/maxradio923.com.ar\/index.php\/wp-json\/wp\/v2\/types\/post"}],"author":[{"embeddable":true,"href":"https:\/\/maxradio923.com.ar\/index.php\/wp-json\/wp\/v2\/users\/2"}],"replies":[{"embeddable":true,"href":"https:\/\/maxradio923.com.ar\/index.php\/wp-json\/wp\/v2\/comments?post=88063"}],"version-history":[{"count":0,"href":"https:\/\/maxradio923.com.ar\/index.php\/wp-json\/wp\/v2\/posts\/88063\/revisions"}],"wp:featuredmedia":[{"embeddable":true,"href":"https:\/\/maxradio923.com.ar\/index.php\/wp-json\/wp\/v2\/media\/72135"}],"wp:attachment":[{"href":"https:\/\/maxradio923.com.ar\/index.php\/wp-json\/wp\/v2\/media?parent=88063"}],"wp:term":[{"taxonomy":"category","embeddable":true,"href":"https:\/\/maxradio923.com.ar\/index.php\/wp-json\/wp\/v2\/categories?post=88063"},{"taxonomy":"post_tag","embeddable":true,"href":"https:\/\/maxradio923.com.ar\/index.php\/wp-json\/wp\/v2\/tags?post=88063"}],"curies":[{"name":"wp","href":"https:\/\/api.w.org\/{rel}","templated":true}]}}