{"id":88057,"date":"2026-04-30T13:40:09","date_gmt":"2026-04-30T16:40:09","guid":{"rendered":"https:\/\/maxradio923.com.ar\/index.php\/2026\/04\/30\/san-juan-presento-el-primer-panamericano-de-futsal-de-sordos-en-argentina\/"},"modified":"2026-04-30T13:40:09","modified_gmt":"2026-04-30T16:40:09","slug":"san-juan-presento-el-primer-panamericano-de-futsal-de-sordos-en-argentina","status":"publish","type":"post","link":"https:\/\/maxradio923.com.ar\/index.php\/2026\/04\/30\/san-juan-presento-el-primer-panamericano-de-futsal-de-sordos-en-argentina\/","title":{"rendered":"San Juan present\u00f3 el primer Panamericano de Futsal de Sordos en Argentina"},"content":{"rendered":"<p><\/p>\n<div>\n<p>En la ma\u00f1ana de hoy, jueves 30 de abril, la <strong>Sala de Prensa Dante Pantuso<\/strong> fue escenario de la conferencia oficial de presentaci\u00f3n del<strong> Panamericano de Futsal de Sordos<\/strong>, un evento in\u00e9dito que se desarrollar\u00e1<strong> del lunes 4 al viernes 8 de mayo en la provincia de San Juan.<\/strong><\/p>\n<p>La mesa estuvo integrada por el secretario de Deporte, Pablo Tabachnik; el director de Pol\u00edticas Educativas e Inclusivas, Justina Suraci; del comit\u00e9 organizador y presidente de la Federaci\u00f3n Argentina de F\u00fatbol Silencioso, Gerardo P\u00e9rez; y el director t\u00e9cnico de la Selecci\u00f3n Argentina, Pablo Artesi.<\/p>\n<p>Durante su intervenci\u00f3n, P\u00e9rez expres\u00f3 su emoci\u00f3n por la realizaci\u00f3n del torneo: destac\u00f3 que ser\u00e1 <strong>la primera vez que este certamen se lleve a cabo en Argentina y en San Juan<\/strong>, marcando adem\u00e1s un hito al convertirse en la primera competencia de este tipo en Sudam\u00e9rica en ser televisada. Asimismo, agradeci\u00f3 el respaldo de la Secretar\u00eda de Deportes y extendi\u00f3 la invitaci\u00f3n al p\u00fablico a acompa\u00f1ar un evento que calific\u00f3 como \u201cde muy alto nivel y fant\u00e1stico\u201d.<\/p>\n<p>Por su parte, Artesi remarc\u00f3 la expectativa del seleccionado nacional de cara al debut, que ser\u00e1 nada menos que frente a Brasil. El entrenador subray\u00f3 la importancia de jugar en un escenario de jerarqu\u00eda como el <strong>Estadio Aldo Cantoni<\/strong> y consider\u00f3 la televisaci\u00f3n como un hecho hist\u00f3rico para la disciplina. \u201cTenemos todos los condimentos a nuestro favor y estamos preparados\u201d, asegur\u00f3.<\/p>\n<p>En tanto, Suraci puso el foco en el valor inclusivo del deporte, se\u00f1alando que este tipo de iniciativas reflejan el trabajo que se viene realizando para garantizar espacios de participaci\u00f3n y convivencia. Destac\u00f3 adem\u00e1s el acompa\u00f1amiento del gobierno provincial encabezado por el <strong>gobernador Marcelo Orrego<\/strong> y sostuvo que este Panamericano es una muestra concreta de que las personas con discapacidad pueden competir al m\u00e1s alto nivel. Tambi\u00e9n invit\u00f3 a la comunidad a sumarse, especialmente al partido inaugural ante <strong>Brasil<\/strong>, que se disputara el mismo lunes luego del acto inaugural que ser\u00e1 a las 19hs en el Cantoni.<\/p>\n<p>Finalmente, Tabachnik manifest\u00f3 el orgullo de que San Juan sea sede de este evento hist\u00f3rico, resaltando la decisi\u00f3n pol\u00edtica de impulsar el deporte como pol\u00edtica de Estado y promover la inclusi\u00f3n. Agradeci\u00f3 la presencia de las delegaciones internacionales y celebr\u00f3 que el torneo se dispute en un estadio emblem\u00e1tico y cuente con transmisi\u00f3n televisiva, lo que amplifica su impacto.<\/p>\n<p>El Panamericano de Futsal de Sordos promete ser un acontecimiento deportivo sin precedentes en la regi\u00f3n, no solo por su nivel competitivo, sino tambi\u00e9n por el fuerte mensaje de inclusi\u00f3n e igualdad que representa.<\/p>\n<\/p><\/div>\n<p><script async defer crossorigin=\"anonymous\" src=\"https:\/\/connect.facebook.net\/es_ES\/sdk.js#xfbml=1&#038;version=v3.3\"><\/script><\/p>\n","protected":false},"excerpt":{"rendered":"<p>En la ma\u00f1ana de hoy, jueves 30 de abril, la Sala de Prensa Dante Pantuso fue escenario de la conferencia oficial de presentaci\u00f3n del Panamericano de Futsal de Sordos, un evento in\u00e9dito que se desarrollar\u00e1 del lunes 4 al viernes 8 de mayo en la provincia de San Juan. La mesa estuvo integrada por el [&hellip;]<\/p>\n","protected":false},"author":2,"featured_media":88058,"comment_status":"","ping_status":"","sticky":false,"template":"","format":"standard","meta":{"footnotes":""},"categories":[8],"tags":[],"_links":{"self":[{"href":"https:\/\/maxradio923.com.ar\/index.php\/wp-json\/wp\/v2\/posts\/88057"}],"collection":[{"href":"https:\/\/maxradio923.com.ar\/index.php\/wp-json\/wp\/v2\/posts"}],"about":[{"href":"https:\/\/maxradio923.com.ar\/index.php\/wp-json\/wp\/v2\/types\/post"}],"author":[{"embeddable":true,"href":"https:\/\/maxradio923.com.ar\/index.php\/wp-json\/wp\/v2\/users\/2"}],"replies":[{"embeddable":true,"href":"https:\/\/maxradio923.com.ar\/index.php\/wp-json\/wp\/v2\/comments?post=88057"}],"version-history":[{"count":0,"href":"https:\/\/maxradio923.com.ar\/index.php\/wp-json\/wp\/v2\/posts\/88057\/revisions"}],"wp:featuredmedia":[{"embeddable":true,"href":"https:\/\/maxradio923.com.ar\/index.php\/wp-json\/wp\/v2\/media\/88058"}],"wp:attachment":[{"href":"https:\/\/maxradio923.com.ar\/index.php\/wp-json\/wp\/v2\/media?parent=88057"}],"wp:term":[{"taxonomy":"category","embeddable":true,"href":"https:\/\/maxradio923.com.ar\/index.php\/wp-json\/wp\/v2\/categories?post=88057"},{"taxonomy":"post_tag","embeddable":true,"href":"https:\/\/maxradio923.com.ar\/index.php\/wp-json\/wp\/v2\/tags?post=88057"}],"curies":[{"name":"wp","href":"https:\/\/api.w.org\/{rel}","templated":true}]}}