{"id":88053,"date":"2026-04-30T12:56:08","date_gmt":"2026-04-30T15:56:08","guid":{"rendered":"https:\/\/maxradio923.com.ar\/index.php\/2026\/04\/30\/el-indice-de-inflacion-interanual-favorito-de-la-reserva-federal-de-estados-unidos-subio-mas-de-lo-esperado-35\/"},"modified":"2026-04-30T12:56:08","modified_gmt":"2026-04-30T15:56:08","slug":"el-indice-de-inflacion-interanual-favorito-de-la-reserva-federal-de-estados-unidos-subio-mas-de-lo-esperado-35","status":"publish","type":"post","link":"https:\/\/maxradio923.com.ar\/index.php\/2026\/04\/30\/el-indice-de-inflacion-interanual-favorito-de-la-reserva-federal-de-estados-unidos-subio-mas-de-lo-esperado-35\/","title":{"rendered":"El \u00edndice de inflaci\u00f3n interanual favorito de la Reserva Federal de Estados Unidos subi\u00f3 m\u00e1s de lo esperado: 3,5%"},"content":{"rendered":"<p><\/p>\n<div>\n<div class=\"visual__image image-initial-width\"><picture><source srcset=\"https:\/\/www.infobae.com\/resizer\/v2\/6M5ICGKOVFFCRIRCQMYLTBUECU.JPG?auth=496354523d193a738ad13bc698718acc1e08f39f356f1a9c2a4f5f436863d310&amp;smart=true&amp;width=992&amp;height=661&amp;quality=85\" media=\"(min-width: 1000px)\"\/><source srcset=\"https:\/\/www.infobae.com\/resizer\/v2\/6M5ICGKOVFFCRIRCQMYLTBUECU.JPG?auth=496354523d193a738ad13bc698718acc1e08f39f356f1a9c2a4f5f436863d310&amp;smart=true&amp;width=768&amp;height=512&amp;quality=85\" media=\"(min-width: 768px)\"\/><source srcset=\"https:\/\/www.infobae.com\/resizer\/v2\/6M5ICGKOVFFCRIRCQMYLTBUECU.JPG?auth=496354523d193a738ad13bc698718acc1e08f39f356f1a9c2a4f5f436863d310&amp;smart=true&amp;width=577&amp;height=385&amp;quality=85\" media=\"(min-width: 580px)\"\/><source srcset=\"https:\/\/www.infobae.com\/resizer\/v2\/6M5ICGKOVFFCRIRCQMYLTBUECU.JPG?auth=496354523d193a738ad13bc698718acc1e08f39f356f1a9c2a4f5f436863d310&amp;smart=true&amp;width=420&amp;height=280&amp;quality=85\" media=\"(min-width: 350px)\"\/><source srcset=\"https:\/\/www.infobae.com\/resizer\/v2\/6M5ICGKOVFFCRIRCQMYLTBUECU.JPG?auth=496354523d193a738ad13bc698718acc1e08f39f356f1a9c2a4f5f436863d310&amp;smart=true&amp;width=350&amp;height=233&amp;quality=85\" media=\"(min-width: 80px)\"\/><img alt=\"Una mujer compra fruta en una tienda de la ciudad de Nueva York (REUTERS\/Brendan McDermid\/Archivo)\" class=\"global-image\" decoding=\"async\" fetchpriority=\"high\" height=\"2052\" loading=\"eager\" src=\"https:\/\/www.infobae.com\/resizer\/v2\/6M5ICGKOVFFCRIRCQMYLTBUECU.JPG?auth=496354523d193a738ad13bc698718acc1e08f39f356f1a9c2a4f5f436863d310&amp;smart=true&amp;width=350&amp;height=233&amp;quality=85\" width=\"3078\"\/><\/picture><figcaption class=\"article-figcaption-img\">Una mujer compra fruta en una tienda de la ciudad de Nueva York (REUTERS\/Brendan McDermid\/Archivo)<\/figcaption><\/div>\n<p class=\"paragraph\"><b>La inflaci\u00f3n en Estados Unidos se aceler\u00f3 en marzo<\/b>, ya que la guerra con <b>Ir\u00e1n<\/b> provoc\u00f3 <b>un aumento de los precios de la gasolina<\/b>, reforzando las expectativas de los mercados financieros de que la <b>Reserva Federal<\/b> mantenga sin cambios las tasas de inter\u00e9s hasta bien entrado el pr\u00f3ximo a\u00f1o.<\/p>\n<p class=\"paragraph\">El \u00edndice de precios de los gastos de consumo personal (PCE por sus siglas en ingl\u00e9s) subi\u00f3 un <b>0,7%<\/b> el mes pasado, el mayor incremento desde junio de 2022, tras un aumento no revisado del <b>0,4%<\/b> en febrero, inform\u00f3 este jueves la Oficina de An\u00e1lisis Econ\u00f3mico del Departamento de Comercio. El alza se ajust\u00f3 a las expectativas de los economistas.<\/p>\n<p class=\"paragraph\"><b>En los 12 meses hasta marzo, la inflaci\u00f3n del PCE se dispar\u00f3 un 3,5%<\/b>, el mayor aumento desde mayo de 2023, tras subir un 2,8% en febrero. Los datos se incluyeron en el informe preliminar del PIB del primer trimestre, tambi\u00e9n publicado este jueves.<\/p>\n<p class=\"paragraph\">La Oficina de An\u00e1lisis Econ\u00f3mico (BEA, por sus siglas en ingl\u00e9s) se ha puesto al d\u00eda con la publicaci\u00f3n de datos clave tras los retrasos causados por el cierre del Gobierno del a\u00f1o pasado. La inflaci\u00f3n ya era elevada antes de la guerra, en gran parte debido a los aranceles de importaci\u00f3n generalizados del presidente <b>Donald Trump<\/b>.<\/p>\n<p class=\"paragraph\"><b>El precio promedio nacional de la gasolina al por menor se dispar\u00f3 un 24,1% en marzo<\/b>, seg\u00fan datos de la Administraci\u00f3n de Informaci\u00f3n de Energ\u00eda. Los precios en las gasolineras han seguido subiendo, alcanzando esta semana su nivel m\u00e1s alto en casi cuatro a\u00f1os.<\/p>\n<div class=\"visual__image\"><picture><source srcset=\"https:\/\/www.infobae.com\/resizer\/v2\/HARL4JJ47RGOJFRBBJOS7FCD2Y.jpg?auth=f4a1ba28c1edad551219a9d0e6bf6e6f99646d848be406c2c550499cdc009f07&amp;smart=true&amp;width=992&amp;height=661&amp;quality=85\" media=\"(min-width: 1000px)\"\/><source srcset=\"https:\/\/www.infobae.com\/resizer\/v2\/HARL4JJ47RGOJFRBBJOS7FCD2Y.jpg?auth=f4a1ba28c1edad551219a9d0e6bf6e6f99646d848be406c2c550499cdc009f07&amp;smart=true&amp;width=768&amp;height=512&amp;quality=85\" media=\"(min-width: 768px)\"\/><source srcset=\"https:\/\/www.infobae.com\/resizer\/v2\/HARL4JJ47RGOJFRBBJOS7FCD2Y.jpg?auth=f4a1ba28c1edad551219a9d0e6bf6e6f99646d848be406c2c550499cdc009f07&amp;smart=true&amp;width=577&amp;height=384&amp;quality=85\" media=\"(min-width: 580px)\"\/><source srcset=\"https:\/\/www.infobae.com\/resizer\/v2\/HARL4JJ47RGOJFRBBJOS7FCD2Y.jpg?auth=f4a1ba28c1edad551219a9d0e6bf6e6f99646d848be406c2c550499cdc009f07&amp;smart=true&amp;width=420&amp;height=280&amp;quality=85\" media=\"(min-width: 350px)\"\/><source srcset=\"https:\/\/www.infobae.com\/resizer\/v2\/HARL4JJ47RGOJFRBBJOS7FCD2Y.jpg?auth=f4a1ba28c1edad551219a9d0e6bf6e6f99646d848be406c2c550499cdc009f07&amp;smart=true&amp;width=350&amp;height=233&amp;quality=85\" media=\"(min-width: 80px)\"\/><img alt=\"El edificio de la Reserva Federal se ve Washington, EEUU (Reuters\/Archivo)\" class=\"global-image\" decoding=\"async\" fetchpriority=\"low\" height=\"533\" loading=\"lazy\" src=\"https:\/\/www.infobae.com\/resizer\/v2\/HARL4JJ47RGOJFRBBJOS7FCD2Y.jpg?auth=f4a1ba28c1edad551219a9d0e6bf6e6f99646d848be406c2c550499cdc009f07&amp;smart=true&amp;width=350&amp;height=233&amp;quality=85\" width=\"800\"\/><\/picture><figcaption class=\"article-figcaption-img\">El edificio de la Reserva Federal se ve Washington, EEUU (Reuters\/Archivo)<\/figcaption><\/div>\n<p class=\"paragraph\">Excluyendo los componentes vol\u00e1tiles de alimentos y energ\u00eda, el \u00edndice de precios del PCE subi\u00f3 un <b>0,3%<\/b> en marzo, tras aumentar un <b>0,4%<\/b> en febrero. En los 12 meses hasta marzo, la denominada inflaci\u00f3n subyacente del PCE avanz\u00f3 un <b>3,2%<\/b>, tras un aumento similar en febrero.<\/p>\n<p class=\"paragraph\"><b>La Fed utiliza los indicadores de precios del PCE para su objetivo de inflaci\u00f3n del 2%<\/b>. El banco central estadounidense mantuvo el mi\u00e9rcoles su tasa de inter\u00e9s de referencia a un d\u00eda en el <b>rango del 3,5%-3,75%<\/b>, alegando la creciente preocupaci\u00f3n por la inflaci\u00f3n derivada de la guerra con Ir\u00e1n.<\/p>\n<p class=\"paragraph\">El gasto de los consumidores, que representa m\u00e1s de dos tercios de la actividad econ\u00f3mica, se dispar\u00f3 un <b>0,9%<\/b> tras subir un <b>0,6%<\/b> en febrero. Ajustado a la inflaci\u00f3n, el gasto solo aument\u00f3 un <b>0,2%<\/b> tras registrar un alza del <b>0,3%<\/b>, lo que sit\u00faa al consumo y a la econom\u00eda en general en una trayectoria de crecimiento m\u00e1s lento de cara al segundo trimestre.<\/p>\n<p class=\"paragraph\"><i>(Con informaci\u00f3n de Reuters)<\/i><\/p>\n<\/div>\n<p><script defer=\"\">try{!function(f,b,e,v,n,t,s) {if(f.fbq)return;n=f.fbq=function(){n.callMethod? n.callMethod.apply(n,arguments):n.queue.push(arguments)}; if(!f._fbq)f._fbq=n;n.push=n;n.loaded=!0;n.version='2.0'; n.queue=[];t=b.createElement(e);t.async=!0; t.src=v;s=b.getElementsByTagName(e)[0]; s.parentNode.insertBefore(t,s)}(window, document,'script', ' fbq('init', '336383993555320'); fbq('track', 'PageView'); fbq('track', 'ViewContent');}catch(error){console.log(\"Error al inicializar facebookPixelRawCodeScript:\",error);}<\/script><\/p>\n","protected":false},"excerpt":{"rendered":"<p>Una mujer compra fruta en una tienda de la ciudad de Nueva York (REUTERS\/Brendan McDermid\/Archivo) La inflaci\u00f3n en Estados Unidos se aceler\u00f3 en marzo, ya que la guerra con Ir\u00e1n provoc\u00f3 un aumento de los precios de la gasolina, reforzando las expectativas de los mercados financieros de que la Reserva Federal mantenga sin cambios las [&hellip;]<\/p>\n","protected":false},"author":2,"featured_media":88054,"comment_status":"","ping_status":"","sticky":false,"template":"","format":"standard","meta":{"footnotes":""},"categories":[2],"tags":[],"_links":{"self":[{"href":"https:\/\/maxradio923.com.ar\/index.php\/wp-json\/wp\/v2\/posts\/88053"}],"collection":[{"href":"https:\/\/maxradio923.com.ar\/index.php\/wp-json\/wp\/v2\/posts"}],"about":[{"href":"https:\/\/maxradio923.com.ar\/index.php\/wp-json\/wp\/v2\/types\/post"}],"author":[{"embeddable":true,"href":"https:\/\/maxradio923.com.ar\/index.php\/wp-json\/wp\/v2\/users\/2"}],"replies":[{"embeddable":true,"href":"https:\/\/maxradio923.com.ar\/index.php\/wp-json\/wp\/v2\/comments?post=88053"}],"version-history":[{"count":0,"href":"https:\/\/maxradio923.com.ar\/index.php\/wp-json\/wp\/v2\/posts\/88053\/revisions"}],"wp:featuredmedia":[{"embeddable":true,"href":"https:\/\/maxradio923.com.ar\/index.php\/wp-json\/wp\/v2\/media\/88054"}],"wp:attachment":[{"href":"https:\/\/maxradio923.com.ar\/index.php\/wp-json\/wp\/v2\/media?parent=88053"}],"wp:term":[{"taxonomy":"category","embeddable":true,"href":"https:\/\/maxradio923.com.ar\/index.php\/wp-json\/wp\/v2\/categories?post=88053"},{"taxonomy":"post_tag","embeddable":true,"href":"https:\/\/maxradio923.com.ar\/index.php\/wp-json\/wp\/v2\/tags?post=88053"}],"curies":[{"name":"wp","href":"https:\/\/api.w.org\/{rel}","templated":true}]}}