{"id":88047,"date":"2026-04-30T11:52:05","date_gmt":"2026-04-30T14:52:05","guid":{"rendered":"https:\/\/maxradio923.com.ar\/index.php\/2026\/04\/30\/no-lo-volveria-a-votar-benito-fernandez-fue-critico-con-el-gobierno-y-reconocio-su-desencanto\/"},"modified":"2026-04-30T11:52:05","modified_gmt":"2026-04-30T14:52:05","slug":"no-lo-volveria-a-votar-benito-fernandez-fue-critico-con-el-gobierno-y-reconocio-su-desencanto","status":"publish","type":"post","link":"https:\/\/maxradio923.com.ar\/index.php\/2026\/04\/30\/no-lo-volveria-a-votar-benito-fernandez-fue-critico-con-el-gobierno-y-reconocio-su-desencanto\/","title":{"rendered":"\u201cNo lo volver\u00eda a votar\u201d: Benito Fern\u00e1ndez fue cr\u00edtico con el Gobierno y reconoci\u00f3 su desencanto"},"content":{"rendered":"<p><\/p>\n<div>\n<p><iframe loading=\"lazy\" title=\"\u201cEl GOBIERNO es un DESASTRE\u201d | Benito Fern\u00e1ndez sobre el MOMENTO de la INDUSTRIA TEXTIL\" width=\"1170\" height=\"658\" src=\"https:\/\/www.youtube.com\/embed\/Ct2WKZWNSSQ?wmode=transparent&amp;rel=0&amp;feature=oembed\" frameborder=\"0\" allow=\"accelerometer; autoplay; clipboard-write; encrypted-media; gyroscope; picture-in-picture; web-share\" referrerpolicy=\"strict-origin-when-cross-origin\" allowfullscreen><\/iframe><\/p>\n<p class=\"paragraph\"><b>La industria de la moda argentina atraviesa una crisis marcada por la apertura de importaciones, el aumento de la carga impositiva y la competencia internacional.<\/b> Benito Fern\u00e1ndez, dise\u00f1ador de alta costura detall\u00f3 en <i>Infobae en Vivo<\/i> c\u00f3mo el contexto econ\u00f3mico actual y las pol\u00edticas de comercio impactan de manera directa en la producci\u00f3n, los precios y la estructura de las empresas nacionales del rubro textil. El dise\u00f1ador brind\u00f3 datos y relatos concretos para explicar el presente de la industria, sus desaf\u00edos y la relaci\u00f3n con el Gobierno nacional.<\/p>\n<p class=\"paragraph\">\u201cEs un desastre lo que est\u00e1 haciendo el Gobierno\u201d. El dise\u00f1ador, con m\u00e1s de cuarenta a\u00f1os de trayectoria, subray\u00f3 que la industria enfrenta problemas estructurales, agravados por la pol\u00edtica comercial vigente. \u201c<b>Yo vot\u00e9 este gobierno. Hoy, obviamente no lo volver\u00eda a votar y van a tener que buscar mi voto en otra persona<\/b>\u201d, expres\u00f3 y marc\u00f3 un giro respecto a su posici\u00f3n pol\u00edtica anterior. Consultado sobre si siente un desencanto del Gobierno, afirm\u00f3: \u201c<b>S\u00ed, no me convencen nunca m\u00e1s<\/b>\u201d. <\/p>\n<p class=\"paragraph\">Fern\u00e1ndez relat\u00f3 los desaf\u00edos enfrentados por \u00e9l y otros empresarios textiles en los \u00faltimos a\u00f1os y afirm\u00f3 que los costos fiscales y la apertura indiscriminada de importaciones provocaron el cierre de numerosos comercios.<\/p>\n<div class=\"visual__image\"><picture><source srcset=\"https:\/\/www.infobae.com\/resizer\/v2\/4S534NSHMFFYJBIJKT26GUXZGQ.png?auth=daca9d60fd8b34cb91247806ecb4d1ace4b1a5e3dfc6a1f7b2690cf17f9b74f3&amp;smart=true&amp;width=992&amp;height=544&amp;quality=85\" media=\"(min-width: 1000px)\"\/><source srcset=\"https:\/\/www.infobae.com\/resizer\/v2\/4S534NSHMFFYJBIJKT26GUXZGQ.png?auth=daca9d60fd8b34cb91247806ecb4d1ace4b1a5e3dfc6a1f7b2690cf17f9b74f3&amp;smart=true&amp;width=768&amp;height=421&amp;quality=85\" media=\"(min-width: 768px)\"\/><source srcset=\"https:\/\/www.infobae.com\/resizer\/v2\/4S534NSHMFFYJBIJKT26GUXZGQ.png?auth=daca9d60fd8b34cb91247806ecb4d1ace4b1a5e3dfc6a1f7b2690cf17f9b74f3&amp;smart=true&amp;width=577&amp;height=316&amp;quality=85\" media=\"(min-width: 580px)\"\/><source srcset=\"https:\/\/www.infobae.com\/resizer\/v2\/4S534NSHMFFYJBIJKT26GUXZGQ.png?auth=daca9d60fd8b34cb91247806ecb4d1ace4b1a5e3dfc6a1f7b2690cf17f9b74f3&amp;smart=true&amp;width=420&amp;height=230&amp;quality=85\" media=\"(min-width: 350px)\"\/><source srcset=\"https:\/\/www.infobae.com\/resizer\/v2\/4S534NSHMFFYJBIJKT26GUXZGQ.png?auth=daca9d60fd8b34cb91247806ecb4d1ace4b1a5e3dfc6a1f7b2690cf17f9b74f3&amp;smart=true&amp;width=350&amp;height=192&amp;quality=85\" media=\"(min-width: 80px)\"\/><img alt=\"La apertura de importaciones y la alta carga impositiva debilitan la competitividad de la moda argentina seg\u00fan Benito Fern\u00e1ndez (Captura de video)\" class=\"global-image\" decoding=\"async\" fetchpriority=\"low\" height=\"696\" loading=\"lazy\" src=\"https:\/\/www.infobae.com\/resizer\/v2\/4S534NSHMFFYJBIJKT26GUXZGQ.png?auth=daca9d60fd8b34cb91247806ecb4d1ace4b1a5e3dfc6a1f7b2690cf17f9b74f3&amp;smart=true&amp;width=350&amp;height=192&amp;quality=85\" width=\"1269\"\/><\/picture><figcaption class=\"article-figcaption-img\">La apertura de importaciones y la alta carga impositiva debilitan la competitividad de la moda argentina seg\u00fan Benito Fern\u00e1ndez (Captura de video)<\/figcaption><\/div>\n<p class=\"paragraph\">El dise\u00f1ador argument\u00f3 que <b>las condiciones impositivas dificultan la competitividad de las empresas argentinas<\/b>. \u201cNo podemos competir por el 52% de impuestos que tenemos y que dijeron que iban a bajar y no bajaron\u201d, remarc\u00f3. El dise\u00f1ador precis\u00f3 que, a\u00fan en el contexto de mayor presencia de marcas internacionales, los precios son mucho m\u00e1s elevados que en sus pa\u00edses de origen: \u201c<b>Te compr\u00e1s algo de <\/b><i><b>Victoria\u2019s Secret<\/b><\/i><b> y te sale m\u00e1s caro que en Estados Unidos\u201d<\/b>.<\/p>\n<p class=\"paragraph\">Por otra parte, Fern\u00e1ndez denunci\u00f3 las condiciones en las que operan algunos mercados internacionales. Apunt\u00f3 contra China y Rusia en relaci\u00f3n a los precios de exportaci\u00f3n: \u201c<b>Est\u00e1n vendiendo por debajo de sus costos para destrozarte las industrias y entrar ellos<\/b>\u201d.<\/p>\n<p class=\"paragraph\">Al mismo tiempo, critic\u00f3 las declaraciones del presidente argentino sobre el rol del dise\u00f1o en la competitividad textil. \u201cEl presidente sali\u00f3 a decir que Italia puede competir con China porque tiene dise\u00f1o. Yo le digo al se\u00f1or presidente: Italia tiene muy buen dise\u00f1o, <b>ac\u00e1 hay muy buen dise\u00f1o<\/b>, pero Italia no compite con China, Italia hace todo en China\u201d.<\/p>\n<div class=\"visual__image\"><picture><source srcset=\"https:\/\/www.infobae.com\/resizer\/v2\/XBGPPX3NMFD6LG2QRTQXM3LYR4.JPG?auth=cf72b0197e6d4245e3aa1793132c0d85509034438d20da32d63e4659b5533d3a&amp;smart=true&amp;width=992&amp;height=687&amp;quality=85\" media=\"(min-width: 1000px)\"\/><source srcset=\"https:\/\/www.infobae.com\/resizer\/v2\/XBGPPX3NMFD6LG2QRTQXM3LYR4.JPG?auth=cf72b0197e6d4245e3aa1793132c0d85509034438d20da32d63e4659b5533d3a&amp;smart=true&amp;width=768&amp;height=532&amp;quality=85\" media=\"(min-width: 768px)\"\/><source srcset=\"https:\/\/www.infobae.com\/resizer\/v2\/XBGPPX3NMFD6LG2QRTQXM3LYR4.JPG?auth=cf72b0197e6d4245e3aa1793132c0d85509034438d20da32d63e4659b5533d3a&amp;smart=true&amp;width=577&amp;height=400&amp;quality=85\" media=\"(min-width: 580px)\"\/><source srcset=\"https:\/\/www.infobae.com\/resizer\/v2\/XBGPPX3NMFD6LG2QRTQXM3LYR4.JPG?auth=cf72b0197e6d4245e3aa1793132c0d85509034438d20da32d63e4659b5533d3a&amp;smart=true&amp;width=420&amp;height=291&amp;quality=85\" media=\"(min-width: 350px)\"\/><source srcset=\"https:\/\/www.infobae.com\/resizer\/v2\/XBGPPX3NMFD6LG2QRTQXM3LYR4.JPG?auth=cf72b0197e6d4245e3aa1793132c0d85509034438d20da32d63e4659b5533d3a&amp;smart=true&amp;width=350&amp;height=243&amp;quality=85\" media=\"(min-width: 80px)\"\/><img alt=\"Benito Fern\u00e1ndez denunci\u00f3 pr\u00e1cticas desleales de pa\u00edses como China y Rusia, acus\u00e1ndolos de vender por debajo de sus costos para perjudicar la industria local REUTERS\/Samuel Rajkumar\/File Photo\" class=\"global-image\" decoding=\"async\" fetchpriority=\"low\" height=\"3476\" loading=\"lazy\" src=\"https:\/\/www.infobae.com\/resizer\/v2\/XBGPPX3NMFD6LG2QRTQXM3LYR4.JPG?auth=cf72b0197e6d4245e3aa1793132c0d85509034438d20da32d63e4659b5533d3a&amp;smart=true&amp;width=350&amp;height=243&amp;quality=85\" width=\"5016\"\/><\/picture><figcaption class=\"article-figcaption-img\">Benito Fern\u00e1ndez denunci\u00f3 pr\u00e1cticas desleales de pa\u00edses como China y Rusia, acus\u00e1ndolos de vender por debajo de sus costos para perjudicar la industria local REUTERS\/Samuel Rajkumar\/File Photo<\/figcaption><\/div>\n<p class=\"paragraph\">Asimismo, sostuvo que \u201cel golpe bajo es echarnos la culpa a los dise\u00f1adores, que nos pongamos las pilas para ser competitivos con China. Me parece de una perversidad que nunca he visto en mi vida\u201d, afirm\u00f3. Recalc\u00f3 que <b>la crisis no solo es por el dise\u00f1o, sino por las \u201cimportaciones perversas y el alto costo impositivo\u201d.<\/b><\/p>\n<p class=\"paragraph\">En cuanto a su experiencia personal cont\u00f3 que hace dos a\u00f1os tuvo que despedir empleados. \u201cTen\u00eda catorce personas. Me quedan tres juicios, que fueron<b> tres personas que no quisieron arreglar por situaciones personales. <\/b>Tuve que vender un departamento m\u00edo que ten\u00eda, me qued\u00e9 sin ning\u00fan departamento, hoy estoy alquilando, pero estoy con un mont\u00f3n de proyectos\u201d.<\/p>\n<p class=\"paragraph\">Entre otras cosas, Fern\u00e1ndez diferenci\u00f3 la situaci\u00f3n de las grandes empresas y las peque\u00f1as. Explic\u00f3 el caso de j\u00f3venes emprendedores que utilizan algod\u00f3n peruano o egipcio de alta calidad para sortear la competencia externa: \u201c<b>Hoy ellos pudieron reinventarse porque tuvieron cabezas, son gente joven, tuvieron cintura, no era una megaempresa <\/b>y hoy van a tener las remeras m\u00e1s caras, pero las remeras m\u00e1s lindas que vas a tocar\u201d.<\/p>\n<p class=\"paragraph\">Asimismo advirti\u00f3 sobre el cierre masivo de locales textiles: \u201cPeor que en la pandemia, porque <b>en la pandemia los locales cerraban de afuera para adentro<\/b>. Ahora est\u00e1n cerrando en el n\u00facleo\u201d.<\/p>\n<p class=\"paragraph\">&#8212;<\/p>\n<p class=\"paragraph\"><b>Infobae <\/b>te acompa\u00f1a cada d\u00eda en YouTube con entrevistas, an\u00e1lisis y la informaci\u00f3n m\u00e1s destacada, en un formato cercano y din\u00e1mico.<\/p>\n<p class=\"paragraph\">\u2022 De 7 a 9: <b>Infobae al Amanecer<\/b>: Nacho Giron, Luciana Rubinska y Bel\u00e9n Escobar.<\/p>\n<p class=\"paragraph\">\u2022 De 9 a 12: <b>Infobae a las Nueve<\/b>: Gonzalo S\u00e1nchez, Tatiana Schapiro, Ram\u00f3n Indart y Cecilia Boufflet.<\/p>\n<p class=\"paragraph\">\u2022 De 12 a 15: <b>Infobae al Mediodia<\/b>: Maru Duffard, Andrei Serbin Pont, Jimena Grandinetti, Fede Mayol y Facundo Kablan.<\/p>\n<p class=\"paragraph\">\u2022 De 15 a 18: <b>Infobae a la Tarde<\/b>: Manu Jove, Maia Jastreblansky y Paula Guardia Bourdin; rotan en la semana Marcos Shaw, Lara L\u00f3pez Calvo y Tom\u00e1s Trap\u00e9<\/p>\n<p class=\"paragraph\">\u2022 De 18 a 21: <b>Infobae al Regreso<\/b>: Gonzalo Aziz, Diego Iglesias, Malena de los R\u00edos y Mat\u00edas Barber\u00eda; rotan en la semana Gustavo Lazzari, Mart\u00edn Tetaz y Mica Mendelevich<\/p>\n<p class=\"paragraph\">Seguinos en nuestro canal de <b>YouTube <\/b>@infobae.<\/p>\n<\/div>\n<p><script defer=\"\">try{!function(f,b,e,v,n,t,s) {if(f.fbq)return;n=f.fbq=function(){n.callMethod? n.callMethod.apply(n,arguments):n.queue.push(arguments)}; if(!f._fbq)f._fbq=n;n.push=n;n.loaded=!0;n.version='2.0'; n.queue=[];t=b.createElement(e);t.async=!0; t.src=v;s=b.getElementsByTagName(e)[0]; s.parentNode.insertBefore(t,s)}(window, document,'script', ' fbq('init', '336383993555320'); fbq('track', 'PageView'); fbq('track', 'ViewContent');}catch(error){console.log(\"Error al inicializar facebookPixelRawCodeScript:\",error);}<\/script><\/p>\n","protected":false},"excerpt":{"rendered":"<p>La industria de la moda argentina atraviesa una crisis marcada por la apertura de importaciones, el aumento de la carga impositiva y la competencia internacional. Benito Fern\u00e1ndez, dise\u00f1ador de alta costura detall\u00f3 en Infobae en Vivo c\u00f3mo el contexto econ\u00f3mico actual y las pol\u00edticas de comercio impactan de manera directa en la producci\u00f3n, los precios [&hellip;]<\/p>\n","protected":false},"author":2,"featured_media":88048,"comment_status":"","ping_status":"","sticky":false,"template":"","format":"standard","meta":{"footnotes":""},"categories":[2],"tags":[],"_links":{"self":[{"href":"https:\/\/maxradio923.com.ar\/index.php\/wp-json\/wp\/v2\/posts\/88047"}],"collection":[{"href":"https:\/\/maxradio923.com.ar\/index.php\/wp-json\/wp\/v2\/posts"}],"about":[{"href":"https:\/\/maxradio923.com.ar\/index.php\/wp-json\/wp\/v2\/types\/post"}],"author":[{"embeddable":true,"href":"https:\/\/maxradio923.com.ar\/index.php\/wp-json\/wp\/v2\/users\/2"}],"replies":[{"embeddable":true,"href":"https:\/\/maxradio923.com.ar\/index.php\/wp-json\/wp\/v2\/comments?post=88047"}],"version-history":[{"count":0,"href":"https:\/\/maxradio923.com.ar\/index.php\/wp-json\/wp\/v2\/posts\/88047\/revisions"}],"wp:featuredmedia":[{"embeddable":true,"href":"https:\/\/maxradio923.com.ar\/index.php\/wp-json\/wp\/v2\/media\/88048"}],"wp:attachment":[{"href":"https:\/\/maxradio923.com.ar\/index.php\/wp-json\/wp\/v2\/media?parent=88047"}],"wp:term":[{"taxonomy":"category","embeddable":true,"href":"https:\/\/maxradio923.com.ar\/index.php\/wp-json\/wp\/v2\/categories?post=88047"},{"taxonomy":"post_tag","embeddable":true,"href":"https:\/\/maxradio923.com.ar\/index.php\/wp-json\/wp\/v2\/tags?post=88047"}],"curies":[{"name":"wp","href":"https:\/\/api.w.org\/{rel}","templated":true}]}}