{"id":88045,"date":"2026-04-30T11:08:05","date_gmt":"2026-04-30T14:08:05","guid":{"rendered":"https:\/\/maxradio923.com.ar\/index.php\/2026\/04\/30\/dolar-hoy-en-vivo-a-cuanto-se-negocian-todas-las-cotizaciones-minuto-a-minuto-este-jueves-30-de-abril\/"},"modified":"2026-04-30T11:08:05","modified_gmt":"2026-04-30T14:08:05","slug":"dolar-hoy-en-vivo-a-cuanto-se-negocian-todas-las-cotizaciones-minuto-a-minuto-este-jueves-30-de-abril","status":"publish","type":"post","link":"https:\/\/maxradio923.com.ar\/index.php\/2026\/04\/30\/dolar-hoy-en-vivo-a-cuanto-se-negocian-todas-las-cotizaciones-minuto-a-minuto-este-jueves-30-de-abril\/","title":{"rendered":"D\u00f3lar hoy en vivo: a cu\u00e1nto se negocian todas las cotizaciones minuto a minuto este jueves 30 de abril"},"content":{"rendered":"<p><\/p>\n<div style=\"grid-template:&quot;time title&quot; auto 'time content-0' auto \/ 147px auto\" id=\"parrafo_0\">\n<p><h2 class=\"text-align-left vertical-align-top line-height-100 header body-blogging-sub-header headline\" id=\"a-cuanto-es-ofrece-el-dolar-en-bancos\">\u00bfA cu\u00e1nto es ofrece el d\u00f3lar en bancos?<\/h2>\n<\/p>\n<div class=\"body-blogging-article \" style=\"grid-area:content-0\">\n<p class=\"paragraph\">El <b>d\u00f3lar al p\u00fablico es ofrecido este jueves a $1.415<\/b> para la venta en el Banco Naci\u00f3n. El BCRA inform\u00f3 que en las entidades financieras el d\u00f3lar minorista promedi\u00f3 $1.418,69 para la venta y $1.367,21 para la compra.<\/p>\n<\/div>\n<\/div>\n<div style=\"grid-template:&quot;time title&quot; auto 'time content-0' auto 'time content-1' auto \/ 147px auto\" id=\"parrafo_1\">\n<p><h2 class=\"text-align-left vertical-align-top line-height-100 header body-blogging-sub-header headline\" id=\"compra-de-dolares-y-caida-de-reservas\">Compra de d\u00f3lares y ca\u00edda de reservas<\/h2>\n<\/p>\n<div class=\"body-blogging-article \" style=\"grid-area:content-0\">\n<p class=\"paragraph\">El Banco Central absorbi\u00f3 el mi\u00e9rcoles unos USD 76 millones con su intervenci\u00f3n compradora en el mercado de cambios, para tomar el 14,1% e la oferta. En abril las compras de la entidad suman 2.562 millones de d\u00f3lares.<\/p>\n<\/div>\n<div class=\"body-blogging-article \" style=\"grid-area:content-1\">\n<p class=\"paragraph\">Las reservas internacionales brutas retrocedieron USD 667 millones, a USD 45.211 millones, debido a una ca\u00edda de USD 100 millones en cotizaciones de activos como el oro, m\u00e1s movimientos t\u00e9cnicos de bancos propios de fin de mes, que retiran divisas depositadas en cuentas del BCRA. Esos d\u00f3lares regresar\u00e1n a las arcas del Central a partir del lunes 4 de mayo con el comienzo del nuevo mes.<\/p>\n<\/div>\n<\/div>\n<div style=\"grid-template:&quot;time title&quot; auto 'time content-0' auto \/ 147px auto\" id=\"parrafo_3\">\n<p><h2 class=\"text-align-left vertical-align-top line-height-100 header body-blogging-sub-header headline\" id=\"el-dolar-blue-a-dollar1.415\">El d\u00f3lar blue, a $1.415<\/h2>\n<\/p>\n<div class=\"body-blogging-article \" style=\"grid-area:content-0\">\n<p class=\"paragraph\">El d\u00f3lar blue baj\u00f3 el mi\u00e9rcoles en la misma proporci\u00f3n que el minorista en bancos y recort\u00f3 15 pesos o 1,1%, para terminar ofrecido a 1.415 pesos.<\/p>\n<\/div>\n<\/div>\n<div style=\"grid-template:&quot;time title&quot; auto 'time content-0' auto \/ 147px auto\" id=\"parrafo_4\">\n<div class=\"body-blogging-article \" style=\"grid-area:content-0\">\n<div class=\"article-header article-headline-live-blogging with-follow-button-ctn\">\n<h2 id=\"caputo-consiguio-mas-de-usd-1.300-millones-en-abril-y-refuerza-la-estrategia-para-pagar-la-deuda\" class=\"display-block article-headline text-align-left article-headline-live-blogging\" style=\"margin-top:5px\">Caputo consigui\u00f3 m\u00e1s de USD 1.300 millones en abril y refuerza la estrategia para pagar la deuda<\/h2>\n<h3 class=\"article-subheadline text-align-left article-subheadline-live-blogging\">Esta semana, la Secretar\u00eda de Finanzas coloc\u00f3 m\u00e1s de USD 800 millones en dos bonos en el mercado local. Qu\u00e9 otras alternativas activ\u00f3 el equipo econ\u00f3mico para pagar los USD 4.300 millones de julio. El vencimiento con el FMI que podr\u00eda impactar en los dep\u00f3sitos del Tesoro<\/h3>\n<div class=\"display_flex align_items_center flex_row byline has-author byline-live-blogging follow-button-ctn\">\n<p class=\"display_flex authors-name-txt-ctn\"><span>Por <\/span>Lucrecia Eterovich<\/p>\n<p><svg xmlns=\"http:\/\/www.w3.org\/2000\/svg\" id=\"Capa_1\" viewbox=\"0 0 9.9 10\" width=\"16\" height=\"16\" class=\"follow-button-icon-more\"><g id=\"Grupo_9508\"><g id=\"Grupo_9506\"><path id=\"Uni\\xF3n_6\" fill=\"#707070\" d=\"M4.3,9.3v-3.7H.6c-.36-.03-.63-.34-.6-.7,.03-.32,.28-.57,.6-.6h3.7V.6c.03-.36,.34-.63,.7-.6,.32,.03,.57,.28,.6,.6v3.7h3.7c.36,.03,.63,.34,.6,.7-.03,.32-.28,.57-.6,.6h-3.69v3.7c.03,.36-.24,.67-.6,.7-.36,.03-.67-.24-.7-.6,0-.03,0-.07,0-.1h0Z\"\/><\/g><\/g><\/svg><span>Seguir en<\/span><img alt=\"Icono de Google para seguir en redes sociales\" class=\"follow-button-icon\" height=\"18\" src=\"https:\/\/www.infobae.com\/assets\/images\/icons\/IconGoogle.svg\" width=\"18\" fetchpriority=\"high\" loading=\"eager\" decoding=\"async\"\/><\/div>\n<\/div>\n<div class=\"visual-image\"><picture><source srcset=\"https:\/\/www.infobae.com\/resizer\/v2\/O53JKGVAZNBP5P3HJZG4NNIHXA.jpeg?auth=dc05e9b5bff621ab3c1c865d928f4b0d1f71d8ede57c10ba0fe7f562b682d731&amp;smart=true&amp;width=992&amp;height=674&amp;quality=85\" media=\"(min-width: 1000px)\"\/><source srcset=\"https:\/\/www.infobae.com\/resizer\/v2\/O53JKGVAZNBP5P3HJZG4NNIHXA.jpeg?auth=dc05e9b5bff621ab3c1c865d928f4b0d1f71d8ede57c10ba0fe7f562b682d731&amp;smart=true&amp;width=768&amp;height=522&amp;quality=85\" media=\"(min-width: 768px)\"\/><source srcset=\"https:\/\/www.infobae.com\/resizer\/v2\/O53JKGVAZNBP5P3HJZG4NNIHXA.jpeg?auth=dc05e9b5bff621ab3c1c865d928f4b0d1f71d8ede57c10ba0fe7f562b682d731&amp;smart=true&amp;width=577&amp;height=392&amp;quality=85\" media=\"(min-width: 580px)\"\/><source srcset=\"https:\/\/www.infobae.com\/resizer\/v2\/O53JKGVAZNBP5P3HJZG4NNIHXA.jpeg?auth=dc05e9b5bff621ab3c1c865d928f4b0d1f71d8ede57c10ba0fe7f562b682d731&amp;smart=true&amp;width=420&amp;height=285&amp;quality=85\" media=\"(min-width: 350px)\"\/><source srcset=\"https:\/\/www.infobae.com\/resizer\/v2\/O53JKGVAZNBP5P3HJZG4NNIHXA.jpeg?auth=dc05e9b5bff621ab3c1c865d928f4b0d1f71d8ede57c10ba0fe7f562b682d731&amp;smart=true&amp;width=350&amp;height=238&amp;quality=85\" media=\"(min-width: 80px)\"\/><img alt=\"Esta semana, el ministro de Econom\u00eda, Luis Caputo, consigui\u00f3 USD 848 millones con el Bonar 2027 y 2028. (Maximiliano Luna)\" class=\"global-image\" decoding=\"async\" fetchpriority=\"high\" height=\"870\" loading=\"eager\" src=\"https:\/\/www.infobae.com\/resizer\/v2\/O53JKGVAZNBP5P3HJZG4NNIHXA.jpeg?auth=dc05e9b5bff621ab3c1c865d928f4b0d1f71d8ede57c10ba0fe7f562b682d731&amp;smart=true&amp;width=350&amp;height=238&amp;quality=85\" width=\"1280\"\/><\/picture><figcaption class=\"blogbody-figcaption-img\">Esta semana, el ministro de Econom\u00eda, Luis Caputo, consigui\u00f3 USD 848 millones con el Bonar 2027 y 2028. (Maximiliano Luna)<\/figcaption><\/div>\n<p class=\"paragraph\">En medio de las negociaciones por garant\u00edas con el <b>Banco Mundial<\/b> y el <b>Banco Interamericano de Desarrollo (BID)<\/b>, el ministro de Econom\u00eda, <b>Luis Caputo<\/b>, avanz\u00f3 con nuevas colocaciones del <b>Bonar 2027<\/b> y <b>Bonar 2028<\/b>. Esta semana, la Secretar\u00eda de Finanzas adjudic\u00f3 <b>USD 848 millones<\/b> a trav\u00e9s de estos instrumentos y totaliza m\u00e1s de USD 1.300 millones en abril, lo que llev\u00f3 la proyecci\u00f3n de dep\u00f3sitos en moneda extranjera del Tesoro a cerca de<b> USD 1.400 millones <\/b>para el cierre de abril. Parte de esos fondos se utilizar\u00edan para cubrir un vencimiento por <b>USD 800 millones<\/b> con el <b>Fondo Monetario Internacional (FMI) <\/b>de comienzos de mayo.<\/p>\n<\/div>\n<\/div>\n<p><script defer=\"\">try{!function(f,b,e,v,n,t,s) {if(f.fbq)return;n=f.fbq=function(){n.callMethod? n.callMethod.apply(n,arguments):n.queue.push(arguments)}; if(!f._fbq)f._fbq=n;n.push=n;n.loaded=!0;n.version='2.0'; n.queue=[];t=b.createElement(e);t.async=!0; t.src=v;s=b.getElementsByTagName(e)[0]; s.parentNode.insertBefore(t,s)}(window, document,'script', ' fbq('init', '336383993555320'); fbq('track', 'PageView'); fbq('track', 'ViewContent');}catch(error){console.log(\"Error al inicializar facebookPixelRawCodeScript:\",error);}<\/script><\/p>\n","protected":false},"excerpt":{"rendered":"<p>\u00bfA cu\u00e1nto es ofrece el d\u00f3lar en bancos? El d\u00f3lar al p\u00fablico es ofrecido este jueves a $1.415 para la venta en el Banco Naci\u00f3n. El BCRA inform\u00f3 que en las entidades financieras el d\u00f3lar minorista promedi\u00f3 $1.418,69 para la venta y $1.367,21 para la compra. Compra de d\u00f3lares y ca\u00edda de reservas El Banco [&hellip;]<\/p>\n","protected":false},"author":2,"featured_media":87890,"comment_status":"","ping_status":"","sticky":false,"template":"","format":"standard","meta":{"footnotes":""},"categories":[2],"tags":[],"_links":{"self":[{"href":"https:\/\/maxradio923.com.ar\/index.php\/wp-json\/wp\/v2\/posts\/88045"}],"collection":[{"href":"https:\/\/maxradio923.com.ar\/index.php\/wp-json\/wp\/v2\/posts"}],"about":[{"href":"https:\/\/maxradio923.com.ar\/index.php\/wp-json\/wp\/v2\/types\/post"}],"author":[{"embeddable":true,"href":"https:\/\/maxradio923.com.ar\/index.php\/wp-json\/wp\/v2\/users\/2"}],"replies":[{"embeddable":true,"href":"https:\/\/maxradio923.com.ar\/index.php\/wp-json\/wp\/v2\/comments?post=88045"}],"version-history":[{"count":0,"href":"https:\/\/maxradio923.com.ar\/index.php\/wp-json\/wp\/v2\/posts\/88045\/revisions"}],"wp:featuredmedia":[{"embeddable":true,"href":"https:\/\/maxradio923.com.ar\/index.php\/wp-json\/wp\/v2\/media\/87890"}],"wp:attachment":[{"href":"https:\/\/maxradio923.com.ar\/index.php\/wp-json\/wp\/v2\/media?parent=88045"}],"wp:term":[{"taxonomy":"category","embeddable":true,"href":"https:\/\/maxradio923.com.ar\/index.php\/wp-json\/wp\/v2\/categories?post=88045"},{"taxonomy":"post_tag","embeddable":true,"href":"https:\/\/maxradio923.com.ar\/index.php\/wp-json\/wp\/v2\/tags?post=88045"}],"curies":[{"name":"wp","href":"https:\/\/api.w.org\/{rel}","templated":true}]}}