{"id":88039,"date":"2026-04-30T10:04:04","date_gmt":"2026-04-30T13:04:04","guid":{"rendered":"https:\/\/maxradio923.com.ar\/index.php\/2026\/04\/30\/de-cuanto-es-el-programa-acompanamiento-social-en-mayo-2026\/"},"modified":"2026-04-30T10:04:04","modified_gmt":"2026-04-30T13:04:04","slug":"de-cuanto-es-el-programa-acompanamiento-social-en-mayo-2026","status":"publish","type":"post","link":"https:\/\/maxradio923.com.ar\/index.php\/2026\/04\/30\/de-cuanto-es-el-programa-acompanamiento-social-en-mayo-2026\/","title":{"rendered":"De cu\u00e1nto es el programa Acompa\u00f1amiento Social en mayo 2026"},"content":{"rendered":"<p><\/p>\n<div>\n<div class=\"visual__image image-initial-width\"><picture><source srcset=\"https:\/\/www.infobae.com\/resizer\/v2\/NT2ZNBW4E5EZNJXACGJZTPFWPM.jpg?auth=2ddcfd6d7788cf4244ef3bba2eea4f319432580850abf5fde4685490c2418a18&amp;smart=true&amp;width=992&amp;height=558&amp;quality=85\" media=\"(min-width: 1000px)\"\/><source srcset=\"https:\/\/www.infobae.com\/resizer\/v2\/NT2ZNBW4E5EZNJXACGJZTPFWPM.jpg?auth=2ddcfd6d7788cf4244ef3bba2eea4f319432580850abf5fde4685490c2418a18&amp;smart=true&amp;width=768&amp;height=432&amp;quality=85\" media=\"(min-width: 768px)\"\/><source srcset=\"https:\/\/www.infobae.com\/resizer\/v2\/NT2ZNBW4E5EZNJXACGJZTPFWPM.jpg?auth=2ddcfd6d7788cf4244ef3bba2eea4f319432580850abf5fde4685490c2418a18&amp;smart=true&amp;width=577&amp;height=325&amp;quality=85\" media=\"(min-width: 580px)\"\/><source srcset=\"https:\/\/www.infobae.com\/resizer\/v2\/NT2ZNBW4E5EZNJXACGJZTPFWPM.jpg?auth=2ddcfd6d7788cf4244ef3bba2eea4f319432580850abf5fde4685490c2418a18&amp;smart=true&amp;width=420&amp;height=236&amp;quality=85\" media=\"(min-width: 350px)\"\/><source srcset=\"https:\/\/www.infobae.com\/resizer\/v2\/NT2ZNBW4E5EZNJXACGJZTPFWPM.jpg?auth=2ddcfd6d7788cf4244ef3bba2eea4f319432580850abf5fde4685490c2418a18&amp;smart=true&amp;width=350&amp;height=197&amp;quality=85\" media=\"(min-width: 80px)\"\/><img alt=\"anses y jubilados\" class=\"global-image\" decoding=\"async\" fetchpriority=\"high\" height=\"1080\" loading=\"eager\" src=\"https:\/\/www.infobae.com\/resizer\/v2\/NT2ZNBW4E5EZNJXACGJZTPFWPM.jpg?auth=2ddcfd6d7788cf4244ef3bba2eea4f319432580850abf5fde4685490c2418a18&amp;smart=true&amp;width=350&amp;height=197&amp;quality=85\" width=\"1920\"\/><\/picture><figcaption class=\"article-figcaption-img\">El PAS reemplaz\u00f3 desde 2024 al ex Potenciar Trabajo y es la \u00fanica transferencia directa de recursos vigente para sectores vulnerables (ANSES)<\/figcaption><\/div>\n<p class=\"paragraph\">A partir de mayo, el <b>Programa Acompa\u00f1amiento Social<\/b>, implementado por el <b>Ministerio de Capital Humano<\/b>,<b> <\/b>es la \u00fanica l\u00ednea vigente que reemplaza al ex <b>Potenciar Trabajo<\/b>, seg\u00fan informaci\u00f3n oficial del Ministerio. <\/p>\n<p class=\"paragraph\">El pago correspondiente a mayo ser\u00e1 acreditado el <b>viernes 8<\/b>, fecha que coincide con el quinto d\u00eda h\u00e1bil del mes. Esta transferencia econ\u00f3mica forma parte de la pol\u00edtica nacional destinada a asistir directamente a los sectores en condiciones de vulnerabilidad, priorizando la promoci\u00f3n de la autonom\u00eda y el desarrollo personal.<\/p>\n<p class=\"paragraph\">El monto del <b>Programa Acompa\u00f1amiento Social<\/b> en mayo de 2026 es de <b>$78.000<\/b>, tal como confirm\u00f3 el Ministerio de Capital Humano. Este valor se acredita en la cuenta bancaria de los beneficiarios el viernes 8 de mayo, cumpliendo con la pol\u00edtica de pago establecida. El PAS constituye una transferencia directa de recursos para cubrir necesidades b\u00e1sicas e impulsar la inclusi\u00f3n social dentro de los sectores contemplados en sus requisitos.<\/p>\n<p class=\"paragraph\">El Ministerio de Capital Humano inform\u00f3 que el programa <b>mantiene el mismo monto que en meses previos<\/b>, en l\u00ednea con las disposiciones presupuestarias vigentes. Esta cifra se actualiza peri\u00f3dicamente seg\u00fan las evaluaciones econ\u00f3micas y sociales efectuadas por el organismo responsable.<\/p>\n<p class=\"paragraph\">Quienes deseen confirmar si son beneficiarios del PAS pueden verificarlo a trav\u00e9s de la plataforma oficial de la <b>Administraci\u00f3n Nacional de la Seguridad Social <\/b>(<i>Mi ANSES<\/i>) o el portal <i>Mi Argentina<\/i>, ingresando su n\u00famero de CUIL y Clave de Seguridad Social en el apartado \u201cMis cobros\u201d. All\u00ed es posible consultar las prestaciones correspondientes al mes en curso.<\/p>\n<p class=\"paragraph\">El <b>PAS<\/b> est\u00e1 destinado a grupos definidos por criterios de vulnerabilidad social y econ\u00f3mica, conforme a la normativa oficial. Los beneficiarios directos son:<\/p>\n<ul data-icon=\"\u2b24\" class=\"list\">\n<li data-icon=\"\u2b24\"><span><b>Mujeres y hombres mayores de 50 a\u00f1os<\/b> que acrediten situaci\u00f3n de vulnerabilidad.<\/span><\/li>\n<li data-icon=\"\u2b24\"><span><b>Mujeres con cuatro o m\u00e1s hijos menores de 18 a\u00f1os<\/b>.<\/span><\/li>\n<li data-icon=\"\u2b24\"><span>Titulares provenientes de <b>Unidades de Gesti\u00f3n<\/b> dependientes del Poder Ejecutivo Nacional, vinculados a situaciones especiales relacionadas con la salud, la soledad o la seguridad financiera.<\/span><\/li>\n<\/ul>\n<p class=\"paragraph\">La selecci\u00f3n de los titulares se realiza en base a informaci\u00f3n socioecon\u00f3mica proporcionada por organismos estatales y corroborada por documentaci\u00f3n respaldatoria.<\/p>\n<p class=\"paragraph\">El acceso a este programa forma parte de la pol\u00edtica de inclusi\u00f3n social impulsada por el Gobierno nacional, con el objetivo de garantizar un <b>complemento econ\u00f3mico<\/b> y promover la autonom\u00eda de los grupos alcanzados.<\/p>\n<div class=\"visual__image\"><picture><source srcset=\"https:\/\/www.infobae.com\/resizer\/v2\/W4TMUV6R6FHR3OABUJYABPZZBI.jpg?auth=3959dfdfbdad83c2a4ee10ebbaef90bfc05d3f3a5268e0339aa1434083eae9c8&amp;smart=true&amp;width=992&amp;height=541&amp;quality=85\" media=\"(min-width: 1000px)\"\/><source srcset=\"https:\/\/www.infobae.com\/resizer\/v2\/W4TMUV6R6FHR3OABUJYABPZZBI.jpg?auth=3959dfdfbdad83c2a4ee10ebbaef90bfc05d3f3a5268e0339aa1434083eae9c8&amp;smart=true&amp;width=768&amp;height=419&amp;quality=85\" media=\"(min-width: 768px)\"\/><source srcset=\"https:\/\/www.infobae.com\/resizer\/v2\/W4TMUV6R6FHR3OABUJYABPZZBI.jpg?auth=3959dfdfbdad83c2a4ee10ebbaef90bfc05d3f3a5268e0339aa1434083eae9c8&amp;smart=true&amp;width=577&amp;height=315&amp;quality=85\" media=\"(min-width: 580px)\"\/><source srcset=\"https:\/\/www.infobae.com\/resizer\/v2\/W4TMUV6R6FHR3OABUJYABPZZBI.jpg?auth=3959dfdfbdad83c2a4ee10ebbaef90bfc05d3f3a5268e0339aa1434083eae9c8&amp;smart=true&amp;width=420&amp;height=229&amp;quality=85\" media=\"(min-width: 350px)\"\/><source srcset=\"https:\/\/www.infobae.com\/resizer\/v2\/W4TMUV6R6FHR3OABUJYABPZZBI.jpg?auth=3959dfdfbdad83c2a4ee10ebbaef90bfc05d3f3a5268e0339aa1434083eae9c8&amp;smart=true&amp;width=350&amp;height=191&amp;quality=85\" media=\"(min-width: 80px)\"\/><img alt=\"planes sociales ANSES fila\" class=\"global-image\" decoding=\"async\" fetchpriority=\"low\" height=\"1080\" loading=\"lazy\" src=\"https:\/\/www.infobae.com\/resizer\/v2\/W4TMUV6R6FHR3OABUJYABPZZBI.jpg?auth=3959dfdfbdad83c2a4ee10ebbaef90bfc05d3f3a5268e0339aa1434083eae9c8&amp;smart=true&amp;width=350&amp;height=191&amp;quality=85\" width=\"1980\"\/><\/picture><figcaption class=\"article-figcaption-img\">El Programa Acompa\u00f1amiento Social acreditar\u00e1 $78.000 el viernes 8 de mayo de 2026, seg\u00fan confirm\u00f3 el Ministerio de Capital Humano (ANCCOM)<\/figcaption><\/div>\n<p class=\"paragraph\">Para mantener la condici\u00f3n de beneficiario del <b>Programa Acompa\u00f1amiento Social<\/b>, se deben cumplir los requerimientos establecidos por el <b>Ministerio de Capital Humano<\/b>. Entre las principales obligaciones figuran:<\/p>\n<ul data-icon=\"\u2b24\" class=\"list\">\n<li data-icon=\"\u2b24\"><span>Presentar la documentaci\u00f3n que acredite cumplimiento de los <b>controles de salud<\/b> para mujeres embarazadas.<\/span><\/li>\n<li data-icon=\"\u2b24\"><span>Presentar la documentaci\u00f3n que certifique el cumplimiento del <b>Plan Nacional de Vacunaci\u00f3n<\/b> respecto de los menores a cargo.<\/span><\/li>\n<li data-icon=\"\u2b24\"><span>Acreditar la <b>regularidad escolar<\/b> de los ni\u00f1os y ni\u00f1as menores de 18 a\u00f1os a cargo.<\/span><\/li>\n<li data-icon=\"\u2b24\"><span>Realizar los cursos de capacitaci\u00f3n espec\u00edficos en la plataforma digital <i>Formando Capital Humano<\/i>.<\/span><\/li>\n<\/ul>\n<p class=\"paragraph\">El <b>Potenciar Trabajo<\/b>, programa que hasta 2024 integraba a un amplio universo de beneficiarios, fue desarticulado y sustituido por el <b>Programa Acompa\u00f1amiento Social<\/b> como \u00fanica l\u00ednea de transferencia directa vigente. Fuentes del <b>Ministerio de Capital Humano<\/b> indicaron que la modificaci\u00f3n respondi\u00f3 a la necesidad de focalizar la asistencia en los sectores con mayor grado de vulnerabilidad y mejorar el control y seguimiento de los beneficiarios.<\/p>\n<p class=\"paragraph\">El PAS <b>absorbi\u00f3 <\/b>a los titulares ajustados a los nuevos criterios definidos por la administraci\u00f3n nacional, mientras que quienes no se adecuaron a las condiciones establecidas <b>dejaron de percibir la ayuda<\/b>. El cambio supuso, adem\u00e1s, la introducci\u00f3n de nuevas obligaciones, como la acreditaci\u00f3n de vacunaci\u00f3n y escolaridad, y la realizaci\u00f3n de cursos de formaci\u00f3n digital obligatorios.<\/p>\n<p class=\"paragraph\">El Ministerio de Capital Humano habilit\u00f3 <b>canales de consulta y reclamo<\/b> tanto para quienes ya forman parte del programa como para quienes deseen iniciar un tr\u00e1mite de incorporaci\u00f3n o reportar irregularidades, a trav\u00e9s del sitio oficial del Gobierno argentino y de la plataforma oficial de la Administraci\u00f3n Nacional de la Seguridad Social (<i>Mi ANSES<\/i>). <\/p>\n<\/div>\n<p><script defer=\"\">try{!function(f,b,e,v,n,t,s) {if(f.fbq)return;n=f.fbq=function(){n.callMethod? n.callMethod.apply(n,arguments):n.queue.push(arguments)}; if(!f._fbq)f._fbq=n;n.push=n;n.loaded=!0;n.version='2.0'; n.queue=[];t=b.createElement(e);t.async=!0; t.src=v;s=b.getElementsByTagName(e)[0]; s.parentNode.insertBefore(t,s)}(window, document,'script', ' fbq('init', '336383993555320'); fbq('track', 'PageView'); fbq('track', 'ViewContent');}catch(error){console.log(\"Error al inicializar facebookPixelRawCodeScript:\",error);}<\/script><\/p>\n","protected":false},"excerpt":{"rendered":"<p>El PAS reemplaz\u00f3 desde 2024 al ex Potenciar Trabajo y es la \u00fanica transferencia directa de recursos vigente para sectores vulnerables (ANSES) A partir de mayo, el Programa Acompa\u00f1amiento Social, implementado por el Ministerio de Capital Humano, es la \u00fanica l\u00ednea vigente que reemplaza al ex Potenciar Trabajo, seg\u00fan informaci\u00f3n oficial del Ministerio. El pago [&hellip;]<\/p>\n","protected":false},"author":2,"featured_media":65887,"comment_status":"","ping_status":"","sticky":false,"template":"","format":"standard","meta":{"footnotes":""},"categories":[2],"tags":[],"_links":{"self":[{"href":"https:\/\/maxradio923.com.ar\/index.php\/wp-json\/wp\/v2\/posts\/88039"}],"collection":[{"href":"https:\/\/maxradio923.com.ar\/index.php\/wp-json\/wp\/v2\/posts"}],"about":[{"href":"https:\/\/maxradio923.com.ar\/index.php\/wp-json\/wp\/v2\/types\/post"}],"author":[{"embeddable":true,"href":"https:\/\/maxradio923.com.ar\/index.php\/wp-json\/wp\/v2\/users\/2"}],"replies":[{"embeddable":true,"href":"https:\/\/maxradio923.com.ar\/index.php\/wp-json\/wp\/v2\/comments?post=88039"}],"version-history":[{"count":0,"href":"https:\/\/maxradio923.com.ar\/index.php\/wp-json\/wp\/v2\/posts\/88039\/revisions"}],"wp:featuredmedia":[{"embeddable":true,"href":"https:\/\/maxradio923.com.ar\/index.php\/wp-json\/wp\/v2\/media\/65887"}],"wp:attachment":[{"href":"https:\/\/maxradio923.com.ar\/index.php\/wp-json\/wp\/v2\/media?parent=88039"}],"wp:term":[{"taxonomy":"category","embeddable":true,"href":"https:\/\/maxradio923.com.ar\/index.php\/wp-json\/wp\/v2\/categories?post=88039"},{"taxonomy":"post_tag","embeddable":true,"href":"https:\/\/maxradio923.com.ar\/index.php\/wp-json\/wp\/v2\/tags?post=88039"}],"curies":[{"name":"wp","href":"https:\/\/api.w.org\/{rel}","templated":true}]}}