{"id":88037,"date":"2026-04-30T09:43:02","date_gmt":"2026-04-30T12:43:02","guid":{"rendered":"https:\/\/maxradio923.com.ar\/index.php\/2026\/04\/30\/el-servicio-meteorologico-cambio-el-paro-por-una-jornada-de-protesta-y-los-vuelos-funcionaran-con-normalidad\/"},"modified":"2026-04-30T09:43:02","modified_gmt":"2026-04-30T12:43:02","slug":"el-servicio-meteorologico-cambio-el-paro-por-una-jornada-de-protesta-y-los-vuelos-funcionaran-con-normalidad","status":"publish","type":"post","link":"https:\/\/maxradio923.com.ar\/index.php\/2026\/04\/30\/el-servicio-meteorologico-cambio-el-paro-por-una-jornada-de-protesta-y-los-vuelos-funcionaran-con-normalidad\/","title":{"rendered":"El Servicio Meteorol\u00f3gico cambi\u00f3 el paro por una jornada de protesta y los vuelos funcionar\u00e1n con normalidad"},"content":{"rendered":"<p><\/p>\n<div>\n<div class=\"visual__image image-initial-width\"><picture><source srcset=\"https:\/\/www.infobae.com\/resizer\/v2\/72YZBADF2BBBFOWVKRZMLQEU3U.jpeg?auth=37266345d10d85a64606c200281b9829f5d5b9e9452c37bdf76a5d61e17c7144&amp;smart=true&amp;width=992&amp;height=872&amp;quality=85\" media=\"(min-width: 1000px)\"\/><source srcset=\"https:\/\/www.infobae.com\/resizer\/v2\/72YZBADF2BBBFOWVKRZMLQEU3U.jpeg?auth=37266345d10d85a64606c200281b9829f5d5b9e9452c37bdf76a5d61e17c7144&amp;smart=true&amp;width=768&amp;height=675&amp;quality=85\" media=\"(min-width: 768px)\"\/><source srcset=\"https:\/\/www.infobae.com\/resizer\/v2\/72YZBADF2BBBFOWVKRZMLQEU3U.jpeg?auth=37266345d10d85a64606c200281b9829f5d5b9e9452c37bdf76a5d61e17c7144&amp;smart=true&amp;width=577&amp;height=507&amp;quality=85\" media=\"(min-width: 580px)\"\/><source srcset=\"https:\/\/www.infobae.com\/resizer\/v2\/72YZBADF2BBBFOWVKRZMLQEU3U.jpeg?auth=37266345d10d85a64606c200281b9829f5d5b9e9452c37bdf76a5d61e17c7144&amp;smart=true&amp;width=420&amp;height=369&amp;quality=85\" media=\"(min-width: 350px)\"\/><source srcset=\"https:\/\/www.infobae.com\/resizer\/v2\/72YZBADF2BBBFOWVKRZMLQEU3U.jpeg?auth=37266345d10d85a64606c200281b9829f5d5b9e9452c37bdf76a5d61e17c7144&amp;smart=true&amp;width=350&amp;height=308&amp;quality=85\" media=\"(min-width: 80px)\"\/><img alt=\"servicio meteorologico nacional despidos\" class=\"global-image\" decoding=\"async\" fetchpriority=\"high\" height=\"1406\" loading=\"eager\" src=\"https:\/\/www.infobae.com\/resizer\/v2\/72YZBADF2BBBFOWVKRZMLQEU3U.jpeg?auth=37266345d10d85a64606c200281b9829f5d5b9e9452c37bdf76a5d61e17c7144&amp;smart=true&amp;width=350&amp;height=308&amp;quality=85\" width=\"1600\"\/><\/picture><\/div>\n<p class=\"paragraph\">La Asociaci\u00f3n Trabajadores del Estado (ATE) decidi\u00f3 flexibilizar el paro que hab\u00eda anunciado para este jueves en el Servicio Meteorol\u00f3gico Nacional (SMN) y hacer una jornada de protesta con asambleas. Se trata de una medida de fuerza sin cese de tareas de los trabajadores sindicalizados dentro de una franja horaria, entre las 5 y 12 horas. Por este motivo, <b>los vuelos funcionar\u00e1n con normalidad<\/b>.<\/p>\n<p class=\"paragraph\">D\u00edas atr\u00e1s, el sindicato estatal hab\u00eda anunciado un paro ante los recortes de personal en el organismo, lo cual pod\u00eda impactar en los vuelos, ya que la provisi\u00f3n de informaci\u00f3n por parte del SMN es esencial para la seguridad y la programaci\u00f3n de las operaciones a\u00e9reas.<\/p>\n<p class=\"paragraph\">Desde la Empresa Argentina de Navegaci\u00f3n A\u00e9rea (EANA), que requiere el Servicio Meteorol\u00f3gico para la Navegaci\u00f3n A\u00e9rea (MET), confirmaron que su actividad tambi\u00e9n se desarrollar\u00e1 normalmente.<\/p>\n<div class=\"visual__image\"><picture><source srcset=\"https:\/\/www.infobae.com\/resizer\/v2\/QZ3UWTBOTFBRVLKUH6J64ORVPM.jpg?auth=5ba4116ae88906089b2ddc127f3deb29439de6d5e206625681298dd3e76b00cc&amp;smart=true&amp;width=992&amp;height=496&amp;quality=85\" media=\"(min-width: 1000px)\"\/><source srcset=\"https:\/\/www.infobae.com\/resizer\/v2\/QZ3UWTBOTFBRVLKUH6J64ORVPM.jpg?auth=5ba4116ae88906089b2ddc127f3deb29439de6d5e206625681298dd3e76b00cc&amp;smart=true&amp;width=768&amp;height=384&amp;quality=85\" media=\"(min-width: 768px)\"\/><source srcset=\"https:\/\/www.infobae.com\/resizer\/v2\/QZ3UWTBOTFBRVLKUH6J64ORVPM.jpg?auth=5ba4116ae88906089b2ddc127f3deb29439de6d5e206625681298dd3e76b00cc&amp;smart=true&amp;width=577&amp;height=289&amp;quality=85\" media=\"(min-width: 580px)\"\/><source srcset=\"https:\/\/www.infobae.com\/resizer\/v2\/QZ3UWTBOTFBRVLKUH6J64ORVPM.jpg?auth=5ba4116ae88906089b2ddc127f3deb29439de6d5e206625681298dd3e76b00cc&amp;smart=true&amp;width=420&amp;height=210&amp;quality=85\" media=\"(min-width: 350px)\"\/><source srcset=\"https:\/\/www.infobae.com\/resizer\/v2\/QZ3UWTBOTFBRVLKUH6J64ORVPM.jpg?auth=5ba4116ae88906089b2ddc127f3deb29439de6d5e206625681298dd3e76b00cc&amp;smart=true&amp;width=350&amp;height=175&amp;quality=85\" media=\"(min-width: 80px)\"\/><img alt=\"Paro de controladores a\u00e9reos aeropuertos ATE\" class=\"global-image\" decoding=\"async\" fetchpriority=\"low\" height=\"960\" loading=\"lazy\" src=\"https:\/\/www.infobae.com\/resizer\/v2\/QZ3UWTBOTFBRVLKUH6J64ORVPM.jpg?auth=5ba4116ae88906089b2ddc127f3deb29439de6d5e206625681298dd3e76b00cc&amp;smart=true&amp;width=350&amp;height=175&amp;quality=85\" width=\"1920\"\/><\/picture><figcaption class=\"article-figcaption-img\">Se har\u00e1 una medida de fuerza sin cese de tareas de los trabajadores sindicalizados de ATE dentro de una franja horaria, entre las 5 y 12 horas<\/figcaption><\/div>\n<p class=\"paragraph\">Seg\u00fan fuentes vinculadas al SMN, la decisi\u00f3n de virtual suspensi\u00f3n del paro responde a que el equipo de meteor\u00f3logos es muy profesional y, en general, no tiene la costumbre de participar en medidas de fuerza o protestas. Y m\u00e1s all\u00e1 de ese contexto, hay temor de que haya m\u00e1s despidos.<\/p>\n<p class=\"paragraph\"><b>Ocurre que en un principio el recorte iba a alcanzar a 240 trabajadores y les lleg\u00f3 el preaviso de despido a 140<\/b>. \u201cComo que quedan 100 lugares para que te sumen\u201d, cuentan. Al mismo tiempo, no cobrar\u00edan indemnizaci\u00f3n ya que, pese a tener una larga trayectoria en el organismo, no est\u00e1n en planta permanente.<\/p>\n<p class=\"paragraph\">Al mismo tiempo, en ATE afirman que est\u00e1n en disputa con el Gobierno sobre qu\u00e9 entiende por servicio esencial.<\/p>\n<p class=\"paragraph\">En ese marco, este jueves se desarrollar\u00e1 una jornada de protesta con una asamblea, con ruidazos y reclamo a las autoridades para que se abra una mesa de negociaci\u00f3n para reincorporar a los empleados.<\/p>\n<p class=\"paragraph\">Desde ATE explican que a\u00fan no tienen respuesta del Gobierno y que hay amenaza de m\u00e1s recortes.<\/p>\n<p class=\"paragraph\">El Ejecutivo argumenta que la estructura del organismo est\u00e1 sobredimensionada frente a los avances tecnol\u00f3gicos. Por caso, el ministro de Desregulaci\u00f3n y Transformaci\u00f3n del Estado, <b>Federico Sturzenegger<\/b>, dijo a trav\u00e9s de su cuenta de X que el SMN cuenta con unas 100 estaciones meteorol\u00f3gicas en todo el pa\u00eds y unas 1.000 personas, de las cuales 20 son meteor\u00f3logos.<\/p>\n<div class=\"visual__image\"><picture><source srcset=\"https:\/\/www.infobae.com\/resizer\/v2\/U2LVGRI2HNGTBDH5U4GKBQCAOQ.jpg?auth=716efdb912bbabf0f862fab33cc66c75e8293bab7153a337b2fa9b5cb81c892f&amp;smart=true&amp;width=992&amp;height=558&amp;quality=85\" media=\"(min-width: 1000px)\"\/><source srcset=\"https:\/\/www.infobae.com\/resizer\/v2\/U2LVGRI2HNGTBDH5U4GKBQCAOQ.jpg?auth=716efdb912bbabf0f862fab33cc66c75e8293bab7153a337b2fa9b5cb81c892f&amp;smart=true&amp;width=768&amp;height=432&amp;quality=85\" media=\"(min-width: 768px)\"\/><source srcset=\"https:\/\/www.infobae.com\/resizer\/v2\/U2LVGRI2HNGTBDH5U4GKBQCAOQ.jpg?auth=716efdb912bbabf0f862fab33cc66c75e8293bab7153a337b2fa9b5cb81c892f&amp;smart=true&amp;width=577&amp;height=325&amp;quality=85\" media=\"(min-width: 580px)\"\/><source srcset=\"https:\/\/www.infobae.com\/resizer\/v2\/U2LVGRI2HNGTBDH5U4GKBQCAOQ.jpg?auth=716efdb912bbabf0f862fab33cc66c75e8293bab7153a337b2fa9b5cb81c892f&amp;smart=true&amp;width=420&amp;height=236&amp;quality=85\" media=\"(min-width: 350px)\"\/><source srcset=\"https:\/\/www.infobae.com\/resizer\/v2\/U2LVGRI2HNGTBDH5U4GKBQCAOQ.jpg?auth=716efdb912bbabf0f862fab33cc66c75e8293bab7153a337b2fa9b5cb81c892f&amp;smart=true&amp;width=350&amp;height=197&amp;quality=85\" media=\"(min-width: 80px)\"\/><img alt=\"Fachada del Servicio Meteorol\u00f3gico Nacional con una verja de metal en primer plano. En la verja, carteles de protesta con mensajes 'ACA' NO HAY NOQUIS!!' y 'SMN EN ALERTA'\" class=\"global-image\" decoding=\"async\" fetchpriority=\"low\" height=\"1080\" loading=\"lazy\" src=\"https:\/\/www.infobae.com\/resizer\/v2\/U2LVGRI2HNGTBDH5U4GKBQCAOQ.jpg?auth=716efdb912bbabf0f862fab33cc66c75e8293bab7153a337b2fa9b5cb81c892f&amp;smart=true&amp;width=350&amp;height=197&amp;quality=85\" width=\"1920\"\/><\/picture><figcaption class=\"article-figcaption-img\">Empleados del Servicio Meteorol\u00f3gico Nacional colocaron carteles de protesta en la sede central en Buenos Aires, denunciando anuncios de despidos masivos.<\/figcaption><\/div>\n<p class=\"paragraph\">\u201cLlama la atenci\u00f3n tanta gente de apoyo a 20 meteor\u00f3logos, pero resulta que los datos \u2013en la \u00e9poca de los sat\u00e9lites y las comunicaciones-se recogen manualmente (\u00bfc\u00f3mo?). Es que las estaciones no son un dechado de tecnolog\u00eda. La mayor\u00eda tiene m\u00e1s de 50 a\u00f1os y constan de un par de instrumentos muy sencillos\u201c, se\u00f1al\u00f3.<\/p>\n<p class=\"paragraph\">\u201cPodr\u00edamos modernizar dr\u00e1sticamente el SMN (necesario para emergencias y alertas), gastando solo una m\u00ednima fracci\u00f3n de lo que gastamos actualmente, ya que en vez de tener 1.000 personas, el servicio podr\u00eda ofrecer un mejor producto con mejor tecnolog\u00eda y unas 150 personas\u201d, sostuvo el funcionario en X, cuyas afirmaciones fueron rechazadas de forma inmediata en la misma red social por muchos expertos en meteorolog\u00eda y profesionales del Servicio Meteorol\u00f3gico.<\/p>\n<p class=\"paragraph\">En respuesta, <b>Rodolfo Aguiar,<\/b> Secretario General de ATE Nacional, se\u00f1al\u00f3: \u201cSturzenegger miente descaradamente. Todos los datos e informaci\u00f3n para intentar justificar el vaciamiento del Servicio Meteorol\u00f3gico Nacional son falsos. Las cesant\u00edas que pretenden no solo dejar\u00e1n a cientos de familias en las calles, sino que ponen en riesgo servicios vitales como las alertas tempranas, los vuelos, la navegaci\u00f3n mar\u00edtima y fluvial, y producci\u00f3n agropecuaria\u201d.<\/p>\n<p class=\"paragraph\">A su vez, precis\u00f3 que no hay 100 estaciones meteorol\u00f3gicas, hay 120 y que en su gesti\u00f3n ya cerraron 5. \u201cEs el desguace y la falta de financiamiento e inversi\u00f3n la que provoc\u00f3 que m\u00e1s de la mitad ya no observen de noche, dejando una ventana de entre 9 y 12 horas descubierta. El apag\u00f3n meteorol\u00f3gico lo comenz\u00f3 a realizar este gobierno el 10 de diciembre de 2023\u201d, afirm\u00f3 Aguiar.<\/p>\n<\/div>\n<p><script defer=\"\">try{!function(f,b,e,v,n,t,s) {if(f.fbq)return;n=f.fbq=function(){n.callMethod? n.callMethod.apply(n,arguments):n.queue.push(arguments)}; if(!f._fbq)f._fbq=n;n.push=n;n.loaded=!0;n.version='2.0'; n.queue=[];t=b.createElement(e);t.async=!0; t.src=v;s=b.getElementsByTagName(e)[0]; s.parentNode.insertBefore(t,s)}(window, document,'script', ' fbq('init', '336383993555320'); fbq('track', 'PageView'); fbq('track', 'ViewContent');}catch(error){console.log(\"Error al inicializar facebookPixelRawCodeScript:\",error);}<\/script><\/p>\n","protected":false},"excerpt":{"rendered":"<p>La Asociaci\u00f3n Trabajadores del Estado (ATE) decidi\u00f3 flexibilizar el paro que hab\u00eda anunciado para este jueves en el Servicio Meteorol\u00f3gico Nacional (SMN) y hacer una jornada de protesta con asambleas. Se trata de una medida de fuerza sin cese de tareas de los trabajadores sindicalizados dentro de una franja horaria, entre las 5 y 12 [&hellip;]<\/p>\n","protected":false},"author":2,"featured_media":88038,"comment_status":"","ping_status":"","sticky":false,"template":"","format":"standard","meta":{"footnotes":""},"categories":[2],"tags":[],"_links":{"self":[{"href":"https:\/\/maxradio923.com.ar\/index.php\/wp-json\/wp\/v2\/posts\/88037"}],"collection":[{"href":"https:\/\/maxradio923.com.ar\/index.php\/wp-json\/wp\/v2\/posts"}],"about":[{"href":"https:\/\/maxradio923.com.ar\/index.php\/wp-json\/wp\/v2\/types\/post"}],"author":[{"embeddable":true,"href":"https:\/\/maxradio923.com.ar\/index.php\/wp-json\/wp\/v2\/users\/2"}],"replies":[{"embeddable":true,"href":"https:\/\/maxradio923.com.ar\/index.php\/wp-json\/wp\/v2\/comments?post=88037"}],"version-history":[{"count":0,"href":"https:\/\/maxradio923.com.ar\/index.php\/wp-json\/wp\/v2\/posts\/88037\/revisions"}],"wp:featuredmedia":[{"embeddable":true,"href":"https:\/\/maxradio923.com.ar\/index.php\/wp-json\/wp\/v2\/media\/88038"}],"wp:attachment":[{"href":"https:\/\/maxradio923.com.ar\/index.php\/wp-json\/wp\/v2\/media?parent=88037"}],"wp:term":[{"taxonomy":"category","embeddable":true,"href":"https:\/\/maxradio923.com.ar\/index.php\/wp-json\/wp\/v2\/categories?post=88037"},{"taxonomy":"post_tag","embeddable":true,"href":"https:\/\/maxradio923.com.ar\/index.php\/wp-json\/wp\/v2\/tags?post=88037"}],"curies":[{"name":"wp","href":"https:\/\/api.w.org\/{rel}","templated":true}]}}