{"id":88027,"date":"2026-04-30T06:48:03","date_gmt":"2026-04-30T09:48:03","guid":{"rendered":"https:\/\/maxradio923.com.ar\/index.php\/2026\/04\/30\/anses-quienes-cobran-hoy-jueves-30-de-abril-de-2026\/"},"modified":"2026-04-30T06:48:03","modified_gmt":"2026-04-30T09:48:03","slug":"anses-quienes-cobran-hoy-jueves-30-de-abril-de-2026","status":"publish","type":"post","link":"https:\/\/maxradio923.com.ar\/index.php\/2026\/04\/30\/anses-quienes-cobran-hoy-jueves-30-de-abril-de-2026\/","title":{"rendered":"ANSES: qui\u00e9nes cobran hoy, jueves 30 de abril de 2026"},"content":{"rendered":"<p><\/p>\n<div>\n<div class=\"visual__image image-initial-width\"><picture><source srcset=\"https:\/\/www.infobae.com\/resizer\/v2\/4SORMEQJQFFWFBQRZOSNVVTNVU.png?auth=581ebc4e02b0b887fdde76b8ecbcd73dc1a8d18275e19f6a8518203876eeeed3&amp;smart=true&amp;width=992&amp;height=554&amp;quality=85\" media=\"(min-width: 1000px)\"\/><source srcset=\"https:\/\/www.infobae.com\/resizer\/v2\/4SORMEQJQFFWFBQRZOSNVVTNVU.png?auth=581ebc4e02b0b887fdde76b8ecbcd73dc1a8d18275e19f6a8518203876eeeed3&amp;smart=true&amp;width=768&amp;height=429&amp;quality=85\" media=\"(min-width: 768px)\"\/><source srcset=\"https:\/\/www.infobae.com\/resizer\/v2\/4SORMEQJQFFWFBQRZOSNVVTNVU.png?auth=581ebc4e02b0b887fdde76b8ecbcd73dc1a8d18275e19f6a8518203876eeeed3&amp;smart=true&amp;width=577&amp;height=322&amp;quality=85\" media=\"(min-width: 580px)\"\/><source srcset=\"https:\/\/www.infobae.com\/resizer\/v2\/4SORMEQJQFFWFBQRZOSNVVTNVU.png?auth=581ebc4e02b0b887fdde76b8ecbcd73dc1a8d18275e19f6a8518203876eeeed3&amp;smart=true&amp;width=420&amp;height=234&amp;quality=85\" media=\"(min-width: 350px)\"\/><source srcset=\"https:\/\/www.infobae.com\/resizer\/v2\/4SORMEQJQFFWFBQRZOSNVVTNVU.png?auth=581ebc4e02b0b887fdde76b8ecbcd73dc1a8d18275e19f6a8518203876eeeed3&amp;smart=true&amp;width=350&amp;height=195&amp;quality=85\" media=\"(min-width: 80px)\"\/><img alt=\"En una oficina, una empleada atiende a una pareja de adultos mayores, donde el hombre firma documentos. Otros jubilados esperan en una fila detr\u00e1s.\" class=\"global-image\" decoding=\"async\" fetchpriority=\"high\" height=\"1536\" loading=\"eager\" src=\"https:\/\/www.infobae.com\/resizer\/v2\/4SORMEQJQFFWFBQRZOSNVVTNVU.png?auth=581ebc4e02b0b887fdde76b8ecbcd73dc1a8d18275e19f6a8518203876eeeed3&amp;smart=true&amp;width=350&amp;height=195&amp;quality=85\" width=\"2752\"\/><\/picture><figcaption class=\"article-figcaption-img\">ANSES paga hoy, jueves 30 de abril de 2026, jubilaciones superiores al haber m\u00ednimo y prestaciones por desempleo seg\u00fan terminaci\u00f3n de DNI (Imagen Ilustrativa Infobae)<\/figcaption><\/div>\n<p class=\"paragraph\">En el \u00faltimo d\u00eda h\u00e1bil de abril, miles de beneficiarios de la <b>Administraci\u00f3n Nacional de la Seguridad Social (<\/b><b>ANSES<\/b><b>)<\/b> esperan su turno para cobrar las prestaciones sociales correspondientes. Este jueves<b> <\/b>es una jornada clave para quienes reciben<b> jubilaciones superiores al haber m\u00ednimo<\/b> y para titulares de la <b>Prestaci\u00f3n por Desempleo<\/b> cuya terminaci\u00f3n de DNI coincide con el calendario oficial.<\/p>\n<p class=\"paragraph\">Este jueves, los titulares de jubilaciones y pensiones que exceden el haber m\u00ednimo y cuyos <b>DNI terminan en 8 o 9<\/b> reciben su pago correspondiente. <\/p>\n<p class=\"paragraph\">El esquema de pagos escalonados permite que quienes tienen mayores ingresos previsionales cobren en las fechas finales de cada mes, mientras que los beneficiarios de haberes m\u00ednimos lo hacen en las primeras semanas. Esta organizaci\u00f3n facilita la gesti\u00f3n de fondos y reduce la congesti\u00f3n en las sucursales bancarias o puntos de pago.<\/p>\n<p class=\"paragraph\">Hoy tambi\u00e9n corresponde el pago de la <b>Prestaci\u00f3n por Desempleo<\/b> para beneficiarios cuyos <b>DNI terminan en 8 o 9<\/b>. El calendario de ANSES estipula que este grupo recibe su prestaci\u00f3n en la \u00faltima fecha del mes, permitiendo as\u00ed que los titulares accedan al beneficio sin superponerse con otros pagos masivos.<\/p>\n<div class=\"visual__image\"><picture><source srcset=\"https:\/\/www.infobae.com\/resizer\/v2\/QEJYIZLILFAPTF2OAOFICSM3VM.JPG?auth=f3f762da99e10f35bb146670dff07b8956878469e28c60f4563d17eb609a6e34&amp;smart=true&amp;width=992&amp;height=661&amp;quality=85\" media=\"(min-width: 1000px)\"\/><source srcset=\"https:\/\/www.infobae.com\/resizer\/v2\/QEJYIZLILFAPTF2OAOFICSM3VM.JPG?auth=f3f762da99e10f35bb146670dff07b8956878469e28c60f4563d17eb609a6e34&amp;smart=true&amp;width=768&amp;height=512&amp;quality=85\" media=\"(min-width: 768px)\"\/><source srcset=\"https:\/\/www.infobae.com\/resizer\/v2\/QEJYIZLILFAPTF2OAOFICSM3VM.JPG?auth=f3f762da99e10f35bb146670dff07b8956878469e28c60f4563d17eb609a6e34&amp;smart=true&amp;width=577&amp;height=385&amp;quality=85\" media=\"(min-width: 580px)\"\/><source srcset=\"https:\/\/www.infobae.com\/resizer\/v2\/QEJYIZLILFAPTF2OAOFICSM3VM.JPG?auth=f3f762da99e10f35bb146670dff07b8956878469e28c60f4563d17eb609a6e34&amp;smart=true&amp;width=420&amp;height=280&amp;quality=85\" media=\"(min-width: 350px)\"\/><source srcset=\"https:\/\/www.infobae.com\/resizer\/v2\/QEJYIZLILFAPTF2OAOFICSM3VM.JPG?auth=f3f762da99e10f35bb146670dff07b8956878469e28c60f4563d17eb609a6e34&amp;smart=true&amp;width=350&amp;height=233&amp;quality=85\" media=\"(min-width: 80px)\"\/><img alt=\"Jubilados y pensionados con haberes superiores al m\u00ednimo y DNI finalizado en 8 o 9 reciben sus pagos en la \u00faltima fecha del mes (REUTERS\/Francisco Loureiro)\" class=\"global-image\" decoding=\"async\" fetchpriority=\"low\" height=\"3666\" loading=\"lazy\" src=\"https:\/\/www.infobae.com\/resizer\/v2\/QEJYIZLILFAPTF2OAOFICSM3VM.JPG?auth=f3f762da99e10f35bb146670dff07b8956878469e28c60f4563d17eb609a6e34&amp;smart=true&amp;width=350&amp;height=233&amp;quality=85\" width=\"5500\"\/><\/picture><figcaption class=\"article-figcaption-img\">Jubilados y pensionados con haberes superiores al m\u00ednimo y DNI finalizado en 8 o 9 reciben sus pagos en la \u00faltima fecha del mes (REUTERS\/Francisco Loureiro)<\/figcaption><\/div>\n<p class=\"paragraph\">La prestaci\u00f3n por desempleo constituye un respaldo econ\u00f3mico para trabajadores que han perdido su empleo formal y cumplen con los requisitos establecidos. El pago escalonado por terminaci\u00f3n de DNI permite organizar la operatoria y asegurar la disponibilidad de fondos para cada beneficiario.<\/p>\n<p class=\"paragraph\">En abril de 2026, los montos de las jubilaciones y pensiones experimentan un nuevo ajuste. Seg\u00fan las resoluciones oficiales, el <b>haber m\u00ednimo garantizado <\/b>del Sistema Integrado Previsional Argentino (SIPA) se ubica en <b>$380.319,31<\/b>, mientras que el m\u00e1ximo alcanza los <b>$2.559.188,80<\/b>. Estos valores resultan de la aplicaci\u00f3n del aumento del <b>2,9%<\/b>, correspondiente a la variaci\u00f3n del \u00cdndice de Precios al Consumidor Nacional (IPC) de febrero.<\/p>\n<p class=\"paragraph\">Con el bono extraordinario confirmado por el Gobierno, la <b>jubilaci\u00f3n m\u00ednima <\/b>asciende a <b>$450.319,31<\/b>. La <b>Prestaci\u00f3n B\u00e1sica Universal (PBU) <\/b>se fija en <b>$173.978,72 <\/b>y la <b>Pensi\u00f3n Universal para el Adulto Mayor (PUAM) <\/b>se ubica en <b>$304.255,45<\/b>. Adem\u00e1s, para el per\u00edodo devengado de abril, la base imponible m\u00ednima para calcular aportes y contribuciones ser\u00e1 de <b>$128.091,45<\/b>, y la m\u00e1xima de <b>$4.162.912,57<\/b>.<\/p>\n<p class=\"paragraph\">Las <b>Asignaciones Familiares<\/b> y la <b>Asignaci\u00f3n Universal por Hijo (AUH)<\/b> tambi\u00e9n reciben un incremento del <b>2,9%<\/b> a partir de abril. Los nuevos montos, ya vigentes este mes, son los siguientes:<\/p>\n<ul data-icon=\"\u2b24\" class=\"list\">\n<li data-icon=\"\u2b24\"><span><b>Asignaci\u00f3n Universal por Hijo (AUH): $136.666<\/b>\u00a0por hijo.<\/span><\/li>\n<li data-icon=\"\u2b24\"><span><b>Asignaci\u00f3n Universal por Hijo con Discapacidad: $445.003<\/b>\u00a0por hijo.<\/span><\/li>\n<li data-icon=\"\u2b24\"><span><b>Asignaci\u00f3n Familiar por Hijo<\/b>\u00a0(primer rango de ingresos):\u00a0<b>$68.341<\/b>\u00a0por hijo.<\/span><\/li>\n<li data-icon=\"\u2b24\"><span><b>Asignaci\u00f3n Familiar por Hijo con Discapacidad<\/b>\u00a0(primer rango de ingresos):\u00a0<b>$222.511<\/b>\u00a0por hijo.<\/span><\/li>\n<\/ul>\n<div class=\"visual__image\"><picture><source srcset=\"https:\/\/www.infobae.com\/resizer\/v2\/CA4FVILEFZERVERTDXT4ZL53NI.jpg?auth=18f564e068b5b373df6928611cdd7367d939a9709dfa8b7944f5a59280823825&amp;smart=true&amp;width=992&amp;height=558&amp;quality=85\" media=\"(min-width: 1000px)\"\/><source srcset=\"https:\/\/www.infobae.com\/resizer\/v2\/CA4FVILEFZERVERTDXT4ZL53NI.jpg?auth=18f564e068b5b373df6928611cdd7367d939a9709dfa8b7944f5a59280823825&amp;smart=true&amp;width=768&amp;height=432&amp;quality=85\" media=\"(min-width: 768px)\"\/><source srcset=\"https:\/\/www.infobae.com\/resizer\/v2\/CA4FVILEFZERVERTDXT4ZL53NI.jpg?auth=18f564e068b5b373df6928611cdd7367d939a9709dfa8b7944f5a59280823825&amp;smart=true&amp;width=577&amp;height=325&amp;quality=85\" media=\"(min-width: 580px)\"\/><source srcset=\"https:\/\/www.infobae.com\/resizer\/v2\/CA4FVILEFZERVERTDXT4ZL53NI.jpg?auth=18f564e068b5b373df6928611cdd7367d939a9709dfa8b7944f5a59280823825&amp;smart=true&amp;width=420&amp;height=236&amp;quality=85\" media=\"(min-width: 350px)\"\/><source srcset=\"https:\/\/www.infobae.com\/resizer\/v2\/CA4FVILEFZERVERTDXT4ZL53NI.jpg?auth=18f564e068b5b373df6928611cdd7367d939a9709dfa8b7944f5a59280823825&amp;smart=true&amp;width=350&amp;height=197&amp;quality=85\" media=\"(min-width: 80px)\"\/><img alt=\"Fachadas ANSES\" class=\"global-image\" decoding=\"async\" fetchpriority=\"low\" height=\"2070\" loading=\"lazy\" src=\"https:\/\/www.infobae.com\/resizer\/v2\/CA4FVILEFZERVERTDXT4ZL53NI.jpg?auth=18f564e068b5b373df6928611cdd7367d939a9709dfa8b7944f5a59280823825&amp;smart=true&amp;width=350&amp;height=197&amp;quality=85\" width=\"3680\"\/><\/picture><figcaption class=\"article-figcaption-img\">Las Asignaciones Familiares y la Asignaci\u00f3n Universal por Hijo suben un 2,9% en abril 2026, con la AUH en $136.666 y la AUH con Discapacidad en $445.003 por hijo <\/figcaption><\/div>\n<p class=\"paragraph\">Estos valores se abonan de acuerdo al calendario de ANSES y var\u00edan seg\u00fan los ingresos del grupo familiar y la situaci\u00f3n particular de cada beneficiario. El ajuste mensual permite que las asignaciones mantengan su poder adquisitivo en l\u00ednea con la inflaci\u00f3n.<\/p>\n<p class=\"paragraph\">El ajuste previsto para mayo responde a la actualizaci\u00f3n mensual por inflaci\u00f3n. El incremento se fija en <b>3,4%<\/b> seg\u00fan el \u00cdndice de Precios al Consumidor de marzo, que determina la movilidad de jubilaciones y pensiones.<\/p>\n<p class=\"paragraph\">La <b>jubilaci\u00f3n m\u00ednima<\/b> pasa a <b>$393.250<\/b>. El monto puede alcanzar los <b>$463.250<\/b> en caso de sumarse el bono extraordinario.<\/p>\n<p class=\"paragraph\">La <b>jubilaci\u00f3n m\u00e1xima<\/b>, por su parte, aumentar\u00e1 a <b>$2.645.689,40<\/b>. El nuevo esquema de movilidad, implementado por el Decreto 274\/2024, asegura ajustes mensuales para acompa\u00f1ar la inflaci\u00f3n y reducir los retrasos que generaba el antiguo sistema trimestral.<\/p>\n<p class=\"paragraph\">En cuanto a otras prestaciones, la <b>PUAM <\/b>se actualizar\u00e1 a <b>$314.539,28<\/b>, y con el bono extraordinario podr\u00eda llegar a <b>$384.539,28<\/b>. Las <b>pensiones no contributivas <\/b>alcanzar\u00e1n <b>$275.221,87<\/b>, y si se suma el bono, el total ser\u00e1 de <b>$345.221,87<\/b>. <\/p>\n<p class=\"paragraph\">La <b>Pensi\u00f3n Madre de 7 Hijos <\/b>se equipara a la jubilaci\u00f3n m\u00ednima, con un haber de <b>$393.250 <\/b>y hasta <b>$463.250 <\/b>si se incluye el bono. La <b>Asignaci\u00f3n Universal por Hijo <\/b>ascender\u00e1 a <b>$141.285,31<\/b>, y la <b>AUH con Discapacidad <\/b>a <b>$460.044,10<\/b>.<\/p>\n<\/div>\n<p><script defer=\"\">try{!function(f,b,e,v,n,t,s) {if(f.fbq)return;n=f.fbq=function(){n.callMethod? n.callMethod.apply(n,arguments):n.queue.push(arguments)}; if(!f._fbq)f._fbq=n;n.push=n;n.loaded=!0;n.version='2.0'; n.queue=[];t=b.createElement(e);t.async=!0; t.src=v;s=b.getElementsByTagName(e)[0]; s.parentNode.insertBefore(t,s)}(window, document,'script', ' fbq('init', '336383993555320'); fbq('track', 'PageView'); fbq('track', 'ViewContent');}catch(error){console.log(\"Error al inicializar facebookPixelRawCodeScript:\",error);}<\/script><\/p>\n","protected":false},"excerpt":{"rendered":"<p>ANSES paga hoy, jueves 30 de abril de 2026, jubilaciones superiores al haber m\u00ednimo y prestaciones por desempleo seg\u00fan terminaci\u00f3n de DNI (Imagen Ilustrativa Infobae) En el \u00faltimo d\u00eda h\u00e1bil de abril, miles de beneficiarios de la Administraci\u00f3n Nacional de la Seguridad Social (ANSES) esperan su turno para cobrar las prestaciones sociales correspondientes. Este jueves [&hellip;]<\/p>\n","protected":false},"author":2,"featured_media":88028,"comment_status":"","ping_status":"","sticky":false,"template":"","format":"standard","meta":{"footnotes":""},"categories":[2],"tags":[],"_links":{"self":[{"href":"https:\/\/maxradio923.com.ar\/index.php\/wp-json\/wp\/v2\/posts\/88027"}],"collection":[{"href":"https:\/\/maxradio923.com.ar\/index.php\/wp-json\/wp\/v2\/posts"}],"about":[{"href":"https:\/\/maxradio923.com.ar\/index.php\/wp-json\/wp\/v2\/types\/post"}],"author":[{"embeddable":true,"href":"https:\/\/maxradio923.com.ar\/index.php\/wp-json\/wp\/v2\/users\/2"}],"replies":[{"embeddable":true,"href":"https:\/\/maxradio923.com.ar\/index.php\/wp-json\/wp\/v2\/comments?post=88027"}],"version-history":[{"count":0,"href":"https:\/\/maxradio923.com.ar\/index.php\/wp-json\/wp\/v2\/posts\/88027\/revisions"}],"wp:featuredmedia":[{"embeddable":true,"href":"https:\/\/maxradio923.com.ar\/index.php\/wp-json\/wp\/v2\/media\/88028"}],"wp:attachment":[{"href":"https:\/\/maxradio923.com.ar\/index.php\/wp-json\/wp\/v2\/media?parent=88027"}],"wp:term":[{"taxonomy":"category","embeddable":true,"href":"https:\/\/maxradio923.com.ar\/index.php\/wp-json\/wp\/v2\/categories?post=88027"},{"taxonomy":"post_tag","embeddable":true,"href":"https:\/\/maxradio923.com.ar\/index.php\/wp-json\/wp\/v2\/tags?post=88027"}],"curies":[{"name":"wp","href":"https:\/\/api.w.org\/{rel}","templated":true}]}}