{"id":88019,"date":"2026-04-30T01:03:06","date_gmt":"2026-04-30T04:03:06","guid":{"rendered":"https:\/\/maxradio923.com.ar\/index.php\/2026\/04\/30\/paro-en-el-servicio-meteorologico-como-afecta-a-los-vuelos-y-que-aeropuertos-tendran-demoras-y-cancelaciones\/"},"modified":"2026-04-30T01:03:06","modified_gmt":"2026-04-30T04:03:06","slug":"paro-en-el-servicio-meteorologico-como-afecta-a-los-vuelos-y-que-aeropuertos-tendran-demoras-y-cancelaciones","status":"publish","type":"post","link":"https:\/\/maxradio923.com.ar\/index.php\/2026\/04\/30\/paro-en-el-servicio-meteorologico-como-afecta-a-los-vuelos-y-que-aeropuertos-tendran-demoras-y-cancelaciones\/","title":{"rendered":"Paro en el Servicio Meteorol\u00f3gico: c\u00f3mo afecta a los vuelos y qu\u00e9 aeropuertos tendr\u00e1n demoras y cancelaciones"},"content":{"rendered":"<p><\/p>\n<div>\n<div class=\"visual__image image-initial-width\"><picture><source srcset=\"https:\/\/www.infobae.com\/resizer\/v2\/F5QDWIZPPZH5THPKKN5KH4UXTU.jpg?auth=0a0e3b87d8ac71ab19eb4470e644b18eae1e0342a298d5627b6f5fd4d8a4589c&amp;smart=true&amp;width=992&amp;height=558&amp;quality=85\" media=\"(min-width: 1000px)\"\/><source srcset=\"https:\/\/www.infobae.com\/resizer\/v2\/F5QDWIZPPZH5THPKKN5KH4UXTU.jpg?auth=0a0e3b87d8ac71ab19eb4470e644b18eae1e0342a298d5627b6f5fd4d8a4589c&amp;smart=true&amp;width=768&amp;height=432&amp;quality=85\" media=\"(min-width: 768px)\"\/><source srcset=\"https:\/\/www.infobae.com\/resizer\/v2\/F5QDWIZPPZH5THPKKN5KH4UXTU.jpg?auth=0a0e3b87d8ac71ab19eb4470e644b18eae1e0342a298d5627b6f5fd4d8a4589c&amp;smart=true&amp;width=577&amp;height=325&amp;quality=85\" media=\"(min-width: 580px)\"\/><source srcset=\"https:\/\/www.infobae.com\/resizer\/v2\/F5QDWIZPPZH5THPKKN5KH4UXTU.jpg?auth=0a0e3b87d8ac71ab19eb4470e644b18eae1e0342a298d5627b6f5fd4d8a4589c&amp;smart=true&amp;width=420&amp;height=236&amp;quality=85\" media=\"(min-width: 350px)\"\/><source srcset=\"https:\/\/www.infobae.com\/resizer\/v2\/F5QDWIZPPZH5THPKKN5KH4UXTU.jpg?auth=0a0e3b87d8ac71ab19eb4470e644b18eae1e0342a298d5627b6f5fd4d8a4589c&amp;smart=true&amp;width=350&amp;height=197&amp;quality=85\" media=\"(min-width: 80px)\"\/><img alt=\"Paro Controladores Aereos Aeroparque\" class=\"global-image\" decoding=\"async\" fetchpriority=\"high\" height=\"1080\" loading=\"eager\" src=\"https:\/\/www.infobae.com\/resizer\/v2\/F5QDWIZPPZH5THPKKN5KH4UXTU.jpg?auth=0a0e3b87d8ac71ab19eb4470e644b18eae1e0342a298d5627b6f5fd4d8a4589c&amp;smart=true&amp;width=350&amp;height=197&amp;quality=85\" width=\"1920\"\/><\/picture><figcaption class=\"article-figcaption-img\">El paro en el Servicio Meteorol\u00f3gico Nacional podr\u00eda complicar la operatoria de los principales aeropuertos del pa\u00eds en una fecha clave para el turismo<br \/>\n(Maximiliano Luna)<\/figcaption><\/div>\n<p class=\"paragraph\">La protesta anunciada por la Asociaci\u00f3n Trabajadores del Estado (ATE) para este jueves 30 de abril en el <b>Servicio Meteorol\u00f3gico Nacional<\/b> (SMN) impactar\u00e1 en la actividad a\u00e9rea de todo el pa\u00eds. Seg\u00fan anticiparon las autoridades, los aeropuertos de <b>Ezeiza<\/b> y <b>Aeroparque<\/b> podr\u00edan registrar demoras, cancelaciones y reprogramaciones de vuelos durante una jornada clave para el turismo, a ra\u00edz del aumento de la demanda por el fin de semana largo.<\/p>\n<p class=\"paragraph\">La reacci\u00f3n sindical lleg\u00f3 luego del cruce con el Gobierno nacional por la decisi\u00f3n de avanzar con el despido de 240 trabajadores, cifra que representa alrededor del <b>30% del personal civil<\/b> del organismo, una parte significativa de los recursos humanos necesarios para garantizar la seguridad de la navegaci\u00f3n a\u00e9rea. De este total, <b>130 empleados<\/b> se desempe\u00f1an en estaciones meteorol\u00f3gicas distribuidas en todo el pa\u00eds y <b>110<\/b> trabajan en la sede central del SMN.<\/p>\n<p class=\"paragraph\">El impacto concreto sobre los pasajeros se relaciona con la importancia de los informes meteorol\u00f3gicos en la planificaci\u00f3n de los despegues y aterrizajes. La ausencia o limitaci\u00f3n de estos informes compromete la operaci\u00f3n regular de los vuelos. En este contexto, se prev\u00e9n <b>demoras<\/b>, <b>reprogramaciones<\/b> e incluso <b>cancelaciones<\/b> de vuelos en todo el pa\u00eds. El impacto podr\u00eda sentirse con mayor fuerza debido al movimiento previo a un fin de semana largo, lo que incrementa la demanda de viajes.<\/p>\n<div class=\"visual__image\"><picture><source srcset=\"https:\/\/www.infobae.com\/resizer\/v2\/SZOTPUHZ7ZDWNEJL5632NN6WHA.jpg?auth=7e3ed85ac029694dc7e6392fc5313485dec56168bb048e92dae8c112a986418a&amp;smart=true&amp;width=992&amp;height=664&amp;quality=85\" media=\"(min-width: 1000px)\"\/><source srcset=\"https:\/\/www.infobae.com\/resizer\/v2\/SZOTPUHZ7ZDWNEJL5632NN6WHA.jpg?auth=7e3ed85ac029694dc7e6392fc5313485dec56168bb048e92dae8c112a986418a&amp;smart=true&amp;width=768&amp;height=514&amp;quality=85\" media=\"(min-width: 768px)\"\/><source srcset=\"https:\/\/www.infobae.com\/resizer\/v2\/SZOTPUHZ7ZDWNEJL5632NN6WHA.jpg?auth=7e3ed85ac029694dc7e6392fc5313485dec56168bb048e92dae8c112a986418a&amp;smart=true&amp;width=577&amp;height=386&amp;quality=85\" media=\"(min-width: 580px)\"\/><source srcset=\"https:\/\/www.infobae.com\/resizer\/v2\/SZOTPUHZ7ZDWNEJL5632NN6WHA.jpg?auth=7e3ed85ac029694dc7e6392fc5313485dec56168bb048e92dae8c112a986418a&amp;smart=true&amp;width=420&amp;height=281&amp;quality=85\" media=\"(min-width: 350px)\"\/><source srcset=\"https:\/\/www.infobae.com\/resizer\/v2\/SZOTPUHZ7ZDWNEJL5632NN6WHA.jpg?auth=7e3ed85ac029694dc7e6392fc5313485dec56168bb048e92dae8c112a986418a&amp;smart=true&amp;width=350&amp;height=234&amp;quality=85\" media=\"(min-width: 80px)\"\/><img alt=\"Aeroparque paro controladores\" class=\"global-image\" decoding=\"async\" fetchpriority=\"low\" height=\"1071\" loading=\"lazy\" src=\"https:\/\/www.infobae.com\/resizer\/v2\/SZOTPUHZ7ZDWNEJL5632NN6WHA.jpg?auth=7e3ed85ac029694dc7e6392fc5313485dec56168bb048e92dae8c112a986418a&amp;smart=true&amp;width=350&amp;height=234&amp;quality=85\" width=\"1600\"\/><\/picture><figcaption class=\"article-figcaption-img\">Las aerol\u00edneas instan a los pasajeros a consultar el estado de sus vuelos ante posibles demoras, reprogramaciones o cancelaciones por la protesta sindical<br \/>\nCr\u00e9ditos: NA<\/figcaption><\/div>\n<p class=\"paragraph\">Las aerol\u00edneas recomiendan chequear el estado de los servicios con anticipaci\u00f3n y mantenerse informados a trav\u00e9s de los canales oficiales de comunicaci\u00f3n de l\u00edneas a\u00e9reas y aeropuertos. Como respuesta preventiva, la autoridad aeron\u00e1utica declar\u00f3 que el servicio meteorol\u00f3gico aplicado a la aviaci\u00f3n es esencial, y estipul\u00f3 que en escenarios de huelga <b>no puede paralizarse m\u00e1s del 50% del servicio<\/b>.<\/p>\n<p class=\"paragraph\">Previo a esta medida, ATE, en representaci\u00f3n de los trabajadores del Servicio Meteorol\u00f3gico, hab\u00eda amenazado con realizar un reclamo el viernes de la semana pasada. Sin embargo, horas despu\u00e9s de que el paro se levantara, el Gobierno, a trav\u00e9s del <b>Decreto 274\/2026<\/b> transfiri\u00f3 a la <b>Empresa Argentina de Navegaci\u00f3n A\u00e9rea<\/b> (EANA) la facultad de garantizar la prestaci\u00f3n del <b>Servicio Meteorol\u00f3gico para la Navegaci\u00f3n A\u00e9rea (MET)<\/b>, ya sea de manera directa o a trav\u00e9s de terceros proveedores nacionales o internacionales. <\/p>\n<p class=\"paragraph\">El objetivo era asegurar la <b>prestaci\u00f3n ininterrumpida, regular y confiable<\/b> de este servicio estrat\u00e9gico para el pa\u00eds. El decreto define que la interrupci\u00f3n, prestaci\u00f3n deficiente o afectaci\u00f3n del servicio puede derivar inmediatamente en <b>demoras, cancelaciones, desv\u00edos y restricciones operativas<\/b> con impacto directo sobre usuarios, cargas, operadores y la actividad econ\u00f3mica vinculada.<\/p>\n<p class=\"paragraph\">En cuanto al horizonte operativo inmediato, la <b>Secretar\u00eda de Transporte<\/b> confirm\u00f3 a Infobae que el SMN continuar\u00e1 prestando servicios a EANA hasta por <b>180 d\u00edas h\u00e1biles<\/b> desde la puesta en vigor del decreto, plazo en el que podr\u00edan producirse cambios en el esquema de provisi\u00f3n de informaci\u00f3n meteorol\u00f3gica.<\/p>\n<p class=\"paragraph\">El ministro de Desregulaci\u00f3n y Transformaci\u00f3n del Estado, <b>Federico Sturzenegger<\/b>, public\u00f3 un descargo en su cuenta en X para justificar la reducci\u00f3n: expuso que el <b>SMN opera con cerca de 1.000 trabajadores y unas 100 estaciones meteorol\u00f3gicas<\/b> en todo el pa\u00eds, aunque s\u00f3lo 20 personas ser\u00edan meteor\u00f3logos. <\/p>\n<p class=\"paragraph\">El funcionario lament\u00f3 el elevado n\u00famero de personal de apoyo y critic\u00f3 la falta de modernizaci\u00f3n tecnol\u00f3gica en el organismo: \u201cLa mayor\u00eda de las estaciones tienen m\u00e1s de 50 a\u00f1os y constan de un par de instrumentos muy sencillos\u201d. Sturzenegger sostuvo que el servicio podr\u00eda cumplir su funci\u00f3n \u201cgastando solo una m\u00ednima fracci\u00f3n de lo que gastamos actualmente\u201d, y estim\u00f3 que se lograr\u00eda \u201cun mejor producto con mejor tecnolog\u00eda y unas 150 personas\u201d.<\/p>\n<p class=\"paragraph\">Declaraciones como estas recibieron un rechazo inmediato por parte de profesionales y especialistas en meteorolog\u00eda, e incluso generaron debate p\u00fablico en la red social. La pol\u00e9mica se profundiz\u00f3 con la respuesta de <b>Rodolfo Aguiar<\/b>, secretario general de <b>ATE Nacional<\/b>, quien desminti\u00f3 los datos del ministro y denunci\u00f3 un \u201cvaciamiento\u201d del SMN.<\/p>\n<p class=\"paragraph\">Seg\u00fan declaraciones del propio Aguiar, la cifra de <b>estaciones meteorol\u00f3gicas activas<\/b> asciende en realidad a <b>120<\/b>, contradiciendo la informaci\u00f3n oficial y sumando que en la actual gesti\u00f3n ya se cerraron cinco estaciones. \u201cEl desguace y la falta de financiamiento e inversi\u00f3n provocaron que m\u00e1s de la mitad ya no trabajen durante la noche, dejando una ventana de entre nueve y doce horas sin cobertura\u201d, afirm\u00f3.<\/p>\n<\/div>\n<p><script defer=\"\">try{!function(f,b,e,v,n,t,s) {if(f.fbq)return;n=f.fbq=function(){n.callMethod? n.callMethod.apply(n,arguments):n.queue.push(arguments)}; if(!f._fbq)f._fbq=n;n.push=n;n.loaded=!0;n.version='2.0'; n.queue=[];t=b.createElement(e);t.async=!0; t.src=v;s=b.getElementsByTagName(e)[0]; s.parentNode.insertBefore(t,s)}(window, document,'script', ' fbq('init', '336383993555320'); fbq('track', 'PageView'); fbq('track', 'ViewContent');}catch(error){console.log(\"Error al inicializar facebookPixelRawCodeScript:\",error);}<\/script><\/p>\n","protected":false},"excerpt":{"rendered":"<p>El paro en el Servicio Meteorol\u00f3gico Nacional podr\u00eda complicar la operatoria de los principales aeropuertos del pa\u00eds en una fecha clave para el turismo (Maximiliano Luna) La protesta anunciada por la Asociaci\u00f3n Trabajadores del Estado (ATE) para este jueves 30 de abril en el Servicio Meteorol\u00f3gico Nacional (SMN) impactar\u00e1 en la actividad a\u00e9rea de todo [&hellip;]<\/p>\n","protected":false},"author":2,"featured_media":88020,"comment_status":"","ping_status":"","sticky":false,"template":"","format":"standard","meta":{"footnotes":""},"categories":[2],"tags":[],"_links":{"self":[{"href":"https:\/\/maxradio923.com.ar\/index.php\/wp-json\/wp\/v2\/posts\/88019"}],"collection":[{"href":"https:\/\/maxradio923.com.ar\/index.php\/wp-json\/wp\/v2\/posts"}],"about":[{"href":"https:\/\/maxradio923.com.ar\/index.php\/wp-json\/wp\/v2\/types\/post"}],"author":[{"embeddable":true,"href":"https:\/\/maxradio923.com.ar\/index.php\/wp-json\/wp\/v2\/users\/2"}],"replies":[{"embeddable":true,"href":"https:\/\/maxradio923.com.ar\/index.php\/wp-json\/wp\/v2\/comments?post=88019"}],"version-history":[{"count":0,"href":"https:\/\/maxradio923.com.ar\/index.php\/wp-json\/wp\/v2\/posts\/88019\/revisions"}],"wp:featuredmedia":[{"embeddable":true,"href":"https:\/\/maxradio923.com.ar\/index.php\/wp-json\/wp\/v2\/media\/88020"}],"wp:attachment":[{"href":"https:\/\/maxradio923.com.ar\/index.php\/wp-json\/wp\/v2\/media?parent=88019"}],"wp:term":[{"taxonomy":"category","embeddable":true,"href":"https:\/\/maxradio923.com.ar\/index.php\/wp-json\/wp\/v2\/categories?post=88019"},{"taxonomy":"post_tag","embeddable":true,"href":"https:\/\/maxradio923.com.ar\/index.php\/wp-json\/wp\/v2\/tags?post=88019"}],"curies":[{"name":"wp","href":"https:\/\/api.w.org\/{rel}","templated":true}]}}