{"id":88010,"date":"2026-04-29T17:27:05","date_gmt":"2026-04-29T20:27:05","guid":{"rendered":"https:\/\/maxradio923.com.ar\/index.php\/2026\/04\/29\/en-medio-de-la-emergencia-y-la-caida-de-frecuencias-el-gobierno-se-reune-con-los-colectivos-y-evalua-aumentar-el-boleto\/"},"modified":"2026-04-29T17:27:05","modified_gmt":"2026-04-29T20:27:05","slug":"en-medio-de-la-emergencia-y-la-caida-de-frecuencias-el-gobierno-se-reune-con-los-colectivos-y-evalua-aumentar-el-boleto","status":"publish","type":"post","link":"https:\/\/maxradio923.com.ar\/index.php\/2026\/04\/29\/en-medio-de-la-emergencia-y-la-caida-de-frecuencias-el-gobierno-se-reune-con-los-colectivos-y-evalua-aumentar-el-boleto\/","title":{"rendered":"En medio de la emergencia y la ca\u00edda de frecuencias, el Gobierno se re\u00fane con los colectivos y eval\u00faa aumentar el boleto"},"content":{"rendered":"<p><\/p>\n<div>\n<div class=\"visual__image image-initial-width\"><picture><source srcset=\"https:\/\/www.infobae.com\/resizer\/v2\/RQIXDKE5OJFAFBICAXWF5MRBYI.jpg?auth=c5d10f07fe0bbaedc1439bd766f1fd85e4106f03c8a8f46e84c69f1558b92c51&amp;smart=true&amp;width=992&amp;height=662&amp;quality=85\" media=\"(min-width: 1000px)\"\/><source srcset=\"https:\/\/www.infobae.com\/resizer\/v2\/RQIXDKE5OJFAFBICAXWF5MRBYI.jpg?auth=c5d10f07fe0bbaedc1439bd766f1fd85e4106f03c8a8f46e84c69f1558b92c51&amp;smart=true&amp;width=768&amp;height=512&amp;quality=85\" media=\"(min-width: 768px)\"\/><source srcset=\"https:\/\/www.infobae.com\/resizer\/v2\/RQIXDKE5OJFAFBICAXWF5MRBYI.jpg?auth=c5d10f07fe0bbaedc1439bd766f1fd85e4106f03c8a8f46e84c69f1558b92c51&amp;smart=true&amp;width=577&amp;height=385&amp;quality=85\" media=\"(min-width: 580px)\"\/><source srcset=\"https:\/\/www.infobae.com\/resizer\/v2\/RQIXDKE5OJFAFBICAXWF5MRBYI.jpg?auth=c5d10f07fe0bbaedc1439bd766f1fd85e4106f03c8a8f46e84c69f1558b92c51&amp;smart=true&amp;width=420&amp;height=280&amp;quality=85\" media=\"(min-width: 350px)\"\/><source srcset=\"https:\/\/www.infobae.com\/resizer\/v2\/RQIXDKE5OJFAFBICAXWF5MRBYI.jpg?auth=c5d10f07fe0bbaedc1439bd766f1fd85e4106f03c8a8f46e84c69f1558b92c51&amp;smart=true&amp;width=350&amp;height=233&amp;quality=85\" media=\"(min-width: 80px)\"\/><img alt=\"Paro de colectivos en el AMBA - Estaci\u00f3n Constituci\u00f3n - 11\/04\/2024\" class=\"global-image\" decoding=\"async\" fetchpriority=\"high\" height=\"2345\" loading=\"eager\" src=\"https:\/\/www.infobae.com\/resizer\/v2\/RQIXDKE5OJFAFBICAXWF5MRBYI.jpg?auth=c5d10f07fe0bbaedc1439bd766f1fd85e4106f03c8a8f46e84c69f1558b92c51&amp;smart=true&amp;width=350&amp;height=233&amp;quality=85\" width=\"3516\"\/><\/picture><figcaption class=\"article-figcaption-img\">El secretario de Transporte, Mariano Plencovich, se reunir\u00e1 con empresarios en un encuentro clave para el futuro del transporte en el AMBA<\/figcaption><\/div>\n<p class=\"paragraph\">En las pr\u00f3ximas horas se definir\u00e1 el futuro del servicio de colectivos en el \u00c1rea Metropolitana de Buenos Aires (AMBA), tras semanas de alta tensi\u00f3n por la decisi\u00f3n de las empresas de reducir la frecuencia de varias l\u00edneas luego de haberse declarado en \u201cemergencia\u201d. <\/p>\n<p class=\"paragraph\">En este contexto, el flamante secretario de Transporte, <b>Mariano Plencovich<\/b>, tiene previsto recibir a las c\u00e1maras del sector este jueves, en un encuentro en el que se debatir\u00e1 el futuro del boleto, con grandes posibilidades de que Econom\u00eda habilite un aumento. As\u00ed pudo averiguar <b>Infobae <\/b>de altas fuentes del Ministerio de Econom\u00eda, aunque no precisaron de cu\u00e1nto podr\u00eda ser esa suba. <\/p>\n<p class=\"paragraph\">El conflicto entre el Gobierno y las empresas comenz\u00f3 a principios de abril, cuando el aumento del precio del combustible en Argentina, vinculado a la guerra en Oriente Medio, motiv\u00f3 el reclamo de mayores subsidios o una actualizaci\u00f3n tarifaria, adem\u00e1s del pago de deudas por montos millonarios. Ante la falta de respuestas, las compa\u00f1\u00edas redujeron la frecuencia de los servicios en un <b>15%<\/b>, lo que impact\u00f3 en miles de usuarios. Adem\u00e1s, <b>amenazaron que si para ma\u00f1ana no hay una respuesta, la circulaci\u00f3n bajar\u00eda a un 50 por ciento<\/b>. <\/p>\n<p class=\"paragraph\">No se trata, para el ministro de Econom\u00eda, <b>Luis Caputo<\/b>, de una decisi\u00f3n f\u00e1cil, ya que cualquier incremento tarifario atenta contra la desaceleraci\u00f3n de la inflaci\u00f3n que tanto busca el Gobierno. La suba de precios de marzo trep\u00f3 a <b>3,4%<\/b> y el Gobierno prometi\u00f3 una baja a partir de abril.<\/p>\n<p class=\"paragraph\">El objetivo central del encuentro entre los funcionarios de Transporte y las c\u00e1maras del sector ser\u00e1 abordar la situaci\u00f3n financiera del sector, que en las \u00faltimas semanas se vio afectado por una reducci\u00f3n del 20% en la frecuencia de los colectivos. Las empresas atribuyen esta ca\u00edda en el servicio a la demora del Estado en el pago de los subsidios, sumada al impacto directo del aumento de los combustibles.<\/p>\n<p class=\"paragraph\">Una fuente del sector empresario confirm\u00f3 que la <b>deuda total con las compa\u00f1\u00edas de colectivos ascendi\u00f3 a $130.000 millones<\/b>. El mismo referente anticip\u00f3 que <b>la provincia de Buenos Aires (PBA) ya las notific\u00f3 que ma\u00f1ana (jueves) abonar\u00e1 su parte<\/b>, lo que permitir\u00eda reducir la deuda a <b>$100.000 millones<\/b>, monto que quedar\u00eda bajo responsabilidad exclusiva del Gobierno Nacional. Este pago parcial aportar\u00eda cierto alivio a los operadores, aunque el n\u00facleo del conflicto persiste por el atraso de los fondos nacionales.<\/p>\n<div class=\"visual__image\"><picture><source srcset=\"https:\/\/www.infobae.com\/resizer\/v2\/PBQSSJNHHVADLPWK2GK3MCSJHA.jpg?auth=b9afd6da688b0b592fc0dc035e913aedf046037e14b9c7924903d34a7604b9ee&amp;smart=true&amp;width=992&amp;height=661&amp;quality=85\" media=\"(min-width: 1000px)\"\/><source srcset=\"https:\/\/www.infobae.com\/resizer\/v2\/PBQSSJNHHVADLPWK2GK3MCSJHA.jpg?auth=b9afd6da688b0b592fc0dc035e913aedf046037e14b9c7924903d34a7604b9ee&amp;smart=true&amp;width=768&amp;height=512&amp;quality=85\" media=\"(min-width: 768px)\"\/><source srcset=\"https:\/\/www.infobae.com\/resizer\/v2\/PBQSSJNHHVADLPWK2GK3MCSJHA.jpg?auth=b9afd6da688b0b592fc0dc035e913aedf046037e14b9c7924903d34a7604b9ee&amp;smart=true&amp;width=577&amp;height=385&amp;quality=85\" media=\"(min-width: 580px)\"\/><source srcset=\"https:\/\/www.infobae.com\/resizer\/v2\/PBQSSJNHHVADLPWK2GK3MCSJHA.jpg?auth=b9afd6da688b0b592fc0dc035e913aedf046037e14b9c7924903d34a7604b9ee&amp;smart=true&amp;width=420&amp;height=280&amp;quality=85\" media=\"(min-width: 350px)\"\/><source srcset=\"https:\/\/www.infobae.com\/resizer\/v2\/PBQSSJNHHVADLPWK2GK3MCSJHA.jpg?auth=b9afd6da688b0b592fc0dc035e913aedf046037e14b9c7924903d34a7604b9ee&amp;smart=true&amp;width=350&amp;height=233&amp;quality=85\" media=\"(min-width: 80px)\"\/><img alt=\"Paro de colectivos en el AMBA - Estaci\u00f3n Constituci\u00f3n - 11\/04\/2024\" class=\"global-image\" decoding=\"async\" fetchpriority=\"low\" height=\"3993\" loading=\"lazy\" src=\"https:\/\/www.infobae.com\/resizer\/v2\/PBQSSJNHHVADLPWK2GK3MCSJHA.jpg?auth=b9afd6da688b0b592fc0dc035e913aedf046037e14b9c7924903d34a7604b9ee&amp;smart=true&amp;width=350&amp;height=233&amp;quality=85\" width=\"5990\"\/><\/picture><figcaption class=\"article-figcaption-img\">La frecuencia de colectivos en el AMBA se redujo un 15 por ciento.<\/figcaption><\/div>\n<p class=\"paragraph\">El contexto econ\u00f3mico general influye sobre la coyuntura del transporte. Seg\u00fan datos p\u00fablicos del Tesoro Nacional, el Gobierno nacional posterg\u00f3 pagos para sostener el super\u00e1vit fiscal, lo que provoc\u00f3 que la deuda flotante del Tesoro se elevara casi<b> $2 billones<\/b> en marzo. Esta decisi\u00f3n de priorizar el equilibrio de las cuentas p\u00fablicas impact\u00f3 de lleno en los recursos disponibles para el sistema de transporte urbano, profundizando la tensi\u00f3n con las empresas prestadoras.<\/p>\n<p class=\"paragraph\">La crisis en el AMBA se agrav\u00f3 durante abril. El Gobierno nacional confirm\u00f3 el giro de fondos a las empresas de colectivos con el objetivo de evitar una mayor afectaci\u00f3n en el servicio, aunque voceros del sector se\u00f1alaron que el ritmo de los desembolsos result\u00f3 insuficiente frente a la escalada de los costos. Los empresarios insisten en que, mientras no se regularicen los pagos y se actualicen las tarifas, la prestaci\u00f3n seguir\u00e1 en riesgo.<\/p>\n<p class=\"paragraph\">Esta semana las <b>c\u00e1maras empresarias del transporte p\u00fablico <\/b>del AMBA pusieron un plazo al Gobierno: si el jueves 30 de abril no hay respuestas concretas sobre c\u00f3mo se cubrir\u00e1n los mayores costos operativos, la frecuencia de colectivos \u2014que hoy opera al 85% de lo habitual\u2014 podr\u00eda caer al 50%. La advertencia lleg\u00f3 con la difusi\u00f3n de un comunicado firmado por la C\u00e1mara<b> del Transporte de la Provincia de Buenos Aires (C.T.P.B.A.)<\/b>, la C\u00e1mara<b> Empresaria de Autotransporte de Pasajeros (C.E.A.P.)<\/b>, la <b>C\u00e1mara Empresaria del Transporte Urbano de Buenos Aires (C.E.T.U.B.A.) <\/b>y la <b>C\u00e1mara de Empresarios Unidos del Transporte Urbano de Pasajeros de Buenos Aires (CEUTUPBA)<\/b>. El documento declara al sector en \u201c<b>estado de emergencia<\/b>\u201d.<\/p>\n<p class=\"paragraph\">Desde el 1\u00b0 de abril, las mismas entidades vienen aplicando una reducci\u00f3n progresiva de servicios en reclamo por el alza del precio del gasoil, cuyo valor de mercado \u2014entre $2.100 y $2.444 por litro, seg\u00fan inform\u00f3 la Asociaci\u00f3n<b> Argentina de Empresas de Transporte Automotor (AAETA)<\/b>\u2014 supera ampliamente los<b> $1.750 <\/b>que reconoce la estructura de costos oficial vigente desde enero de 2026. Esa brecha, sostienen, genera un d\u00e9ficit que ning\u00fan ajuste tarifario ni anticipo de subsidios ha logrado compensar hasta ahora.<\/p>\n<p class=\"paragraph\">El sector empresario manifest\u00f3 que la incertidumbre sobre los pagos y el precio del boleto genera dificultades operativas y pone en riesgo la estabilidad del sistema. La expectativa est\u00e1 puesta en la reuni\u00f3n de ma\u00f1ana, donde los funcionarios y los representantes de las empresas buscar\u00e1n alcanzar un acuerdo que permita restaurar la frecuencia habitual de los servicios y evitar nuevas reducciones.<\/p>\n<\/div>\n<p><script defer=\"\">try{!function(f,b,e,v,n,t,s) {if(f.fbq)return;n=f.fbq=function(){n.callMethod? n.callMethod.apply(n,arguments):n.queue.push(arguments)}; if(!f._fbq)f._fbq=n;n.push=n;n.loaded=!0;n.version='2.0'; n.queue=[];t=b.createElement(e);t.async=!0; t.src=v;s=b.getElementsByTagName(e)[0]; s.parentNode.insertBefore(t,s)}(window, document,'script', ' fbq('init', '336383993555320'); fbq('track', 'PageView'); fbq('track', 'ViewContent');}catch(error){console.log(\"Error al inicializar facebookPixelRawCodeScript:\",error);}<\/script><\/p>\n","protected":false},"excerpt":{"rendered":"<p>El secretario de Transporte, Mariano Plencovich, se reunir\u00e1 con empresarios en un encuentro clave para el futuro del transporte en el AMBA En las pr\u00f3ximas horas se definir\u00e1 el futuro del servicio de colectivos en el \u00c1rea Metropolitana de Buenos Aires (AMBA), tras semanas de alta tensi\u00f3n por la decisi\u00f3n de las empresas de reducir [&hellip;]<\/p>\n","protected":false},"author":2,"featured_media":87063,"comment_status":"","ping_status":"","sticky":false,"template":"","format":"standard","meta":{"footnotes":""},"categories":[2],"tags":[],"_links":{"self":[{"href":"https:\/\/maxradio923.com.ar\/index.php\/wp-json\/wp\/v2\/posts\/88010"}],"collection":[{"href":"https:\/\/maxradio923.com.ar\/index.php\/wp-json\/wp\/v2\/posts"}],"about":[{"href":"https:\/\/maxradio923.com.ar\/index.php\/wp-json\/wp\/v2\/types\/post"}],"author":[{"embeddable":true,"href":"https:\/\/maxradio923.com.ar\/index.php\/wp-json\/wp\/v2\/users\/2"}],"replies":[{"embeddable":true,"href":"https:\/\/maxradio923.com.ar\/index.php\/wp-json\/wp\/v2\/comments?post=88010"}],"version-history":[{"count":0,"href":"https:\/\/maxradio923.com.ar\/index.php\/wp-json\/wp\/v2\/posts\/88010\/revisions"}],"wp:featuredmedia":[{"embeddable":true,"href":"https:\/\/maxradio923.com.ar\/index.php\/wp-json\/wp\/v2\/media\/87063"}],"wp:attachment":[{"href":"https:\/\/maxradio923.com.ar\/index.php\/wp-json\/wp\/v2\/media?parent=88010"}],"wp:term":[{"taxonomy":"category","embeddable":true,"href":"https:\/\/maxradio923.com.ar\/index.php\/wp-json\/wp\/v2\/categories?post=88010"},{"taxonomy":"post_tag","embeddable":true,"href":"https:\/\/maxradio923.com.ar\/index.php\/wp-json\/wp\/v2\/tags?post=88010"}],"curies":[{"name":"wp","href":"https:\/\/api.w.org\/{rel}","templated":true}]}}