{"id":88006,"date":"2026-04-29T16:44:03","date_gmt":"2026-04-29T19:44:03","guid":{"rendered":"https:\/\/maxradio923.com.ar\/index.php\/2026\/04\/29\/osvaldo-giordano-ex-titular-de-anses-persiste-la-perdida-de-empleo-por-distorsiones-que-el-gobierno-todavia-no-corrigio\/"},"modified":"2026-04-29T16:44:03","modified_gmt":"2026-04-29T19:44:03","slug":"osvaldo-giordano-ex-titular-de-anses-persiste-la-perdida-de-empleo-por-distorsiones-que-el-gobierno-todavia-no-corrigio","status":"publish","type":"post","link":"https:\/\/maxradio923.com.ar\/index.php\/2026\/04\/29\/osvaldo-giordano-ex-titular-de-anses-persiste-la-perdida-de-empleo-por-distorsiones-que-el-gobierno-todavia-no-corrigio\/","title":{"rendered":"Osvaldo Giordano, ex titular de Anses: \u201cPersiste la p\u00e9rdida de empleo por distorsiones que el Gobierno todav\u00eda no corrigi\u00f3\u201d"},"content":{"rendered":"<p><\/p>\n<div>\n<p class=\"paragraph\">La situaci\u00f3n del mercado laboral argentino se encuentra en el centro del debate econ\u00f3mico, con voces que insisten en la necesidad de avanzar hacia reformas profundas. <b>Osvaldo Giordano<\/b>, ex titular de Anses y presidente de <b>IERAL<\/b>, de la <b>Fundaci\u00f3n Mediterr\u00e1nea<\/b>, analiz\u00f3 en di\u00e1logo con <i>Infobae en Vivo<\/i> el impacto de las pol\u00edticas actuales y las tensiones entre los avances y las deudas que persisten en la econom\u00eda nacional. <\/p>\n<p class=\"paragraph\">En su evaluaci\u00f3n, Giordano destac\u00f3 que la adecuaci\u00f3n que atraviesa el pa\u00eds <b>\u201ces socialmente costosa y necesaria, pero tambi\u00e9n persisten factores no resueltos que explican la p\u00e9rdida de empleo\u201d<\/b>.<\/p>\n<p class=\"paragraph\">Durante su intervenci\u00f3n, <b>Giordano<\/b> plante\u00f3 que la discusi\u00f3n p\u00fablica parece girar en torno al cl\u00e1sico dilema del vaso medio lleno o medio vac\u00edo. Seg\u00fan el economista, existen fundamentos para ambas perspectivas. \u201cSe hicieron muchas cosas muy importantes por parte del Gobierno, como el equilibrio fiscal, la integraci\u00f3n al mundo, varias reformas importantes, aunque todav\u00eda quedan muchas por hacer\u201d, sostuvo. Para el titular de <b>IERAL<\/b>, el cambio de rumbo actual se alinea con pr\u00e1cticas de pa\u00edses que ya alcanzaron resultados positivos en materia de desarrollo.<\/p>\n<p class=\"paragraph\">No obstante, el especialista advirti\u00f3 sobre las dificultades inmediatas que enfrenta la econom\u00eda argentina, en particular la persistencia de la inflaci\u00f3n y el estancamiento de la actividad econ\u00f3mica. \u201cEl Gobierno pone \u00e9nfasis en la inflaci\u00f3n y en la ca\u00edda de la actividad econ\u00f3mica que ya lleva un a\u00f1o sin saltos\u201d, subray\u00f3. Seg\u00fan su visi\u00f3n, esta situaci\u00f3n afecta especialmente a un mercado de trabajo que ya exhib\u00eda debilidades estructurales previas: \u201cNo es un problema reciente, pero en los \u00faltimos dos a\u00f1os se acentu\u00f3 la baja en la calidad del empleo\u201d, remarc\u00f3 el economista.<\/p>\n<p class=\"paragraph\">El an\u00e1lisis de <b>Giordano<\/b> distingue entre el nivel global de empleo y lo que ocurre con el empleo de calidad. \u201cTal vez en el empleo total no es tanto el desempleo, pero cuando se desagrega el empleo de calidad, el formal, el que cumple con las normas, est\u00e1 cayendo y eso naturalmente repercute en la situaci\u00f3n social\u201d, puntualiz\u00f3. Para el presidente de <b>Fundaci\u00f3n Mediterr\u00e1nea<\/b>, la preocupaci\u00f3n central radica en la ca\u00edda del trabajo formal, que se traduce en mayor vulnerabilidad social.<\/p>\n<div class=\"visual__image\"><picture><source srcset=\"https:\/\/www.infobae.com\/resizer\/v2\/QEWX366KY5EQVNURDP57AD4IAA.jpg?auth=a24185bcb7915b7e5145f279d0e37ae8362f791398cf91b33a85d7896aa90618&amp;smart=true&amp;width=992&amp;height=558&amp;quality=85\" media=\"(min-width: 1000px)\"\/><source srcset=\"https:\/\/www.infobae.com\/resizer\/v2\/QEWX366KY5EQVNURDP57AD4IAA.jpg?auth=a24185bcb7915b7e5145f279d0e37ae8362f791398cf91b33a85d7896aa90618&amp;smart=true&amp;width=768&amp;height=432&amp;quality=85\" media=\"(min-width: 768px)\"\/><source srcset=\"https:\/\/www.infobae.com\/resizer\/v2\/QEWX366KY5EQVNURDP57AD4IAA.jpg?auth=a24185bcb7915b7e5145f279d0e37ae8362f791398cf91b33a85d7896aa90618&amp;smart=true&amp;width=577&amp;height=325&amp;quality=85\" media=\"(min-width: 580px)\"\/><source srcset=\"https:\/\/www.infobae.com\/resizer\/v2\/QEWX366KY5EQVNURDP57AD4IAA.jpg?auth=a24185bcb7915b7e5145f279d0e37ae8362f791398cf91b33a85d7896aa90618&amp;smart=true&amp;width=420&amp;height=236&amp;quality=85\" media=\"(min-width: 350px)\"\/><source srcset=\"https:\/\/www.infobae.com\/resizer\/v2\/QEWX366KY5EQVNURDP57AD4IAA.jpg?auth=a24185bcb7915b7e5145f279d0e37ae8362f791398cf91b33a85d7896aa90618&amp;smart=true&amp;width=350&amp;height=197&amp;quality=85\" media=\"(min-width: 80px)\"\/><img alt=\"Hombre de mediana edad, con gafas y traje oscuro, gesticula mientras habla frente a un vaso de agua; al fondo, una pantalla muestra texto y otras personas\" class=\"global-image\" decoding=\"async\" fetchpriority=\"low\" height=\"720\" loading=\"lazy\" src=\"https:\/\/www.infobae.com\/resizer\/v2\/QEWX366KY5EQVNURDP57AD4IAA.jpg?auth=a24185bcb7915b7e5145f279d0e37ae8362f791398cf91b33a85d7896aa90618&amp;smart=true&amp;width=350&amp;height=197&amp;quality=85\" width=\"1280\"\/><\/picture><figcaption class=\"article-figcaption-img\">Osvaldo Giordano, economista y presidente de IERAL, de la Fundaci\u00f3n Mediterr\u00e1nea<\/figcaption><\/div>\n<p class=\"paragraph\">En ese contexto, <b>Giordano<\/b> propuso avanzar en la discusi\u00f3n sobre c\u00f3mo mejorar la din\u00e1mica de la econom\u00eda sin perder los logros alcanzados en materia de equilibrio fiscal y estabilidad. \u201cLa pregunta es c\u00f3mo podr\u00edamos ser un poco m\u00e1s din\u00e1micos en la actividad econ\u00f3mica que no sea solo Neuqu\u00e9n, que arrastre a otras actividades y que esto lleve a una mejora en el empleo y, por lo tanto, en la situaci\u00f3n social\u201d, explic\u00f3 en di\u00e1logo con Infobae en Vivo.<\/p>\n<p class=\"paragraph\">En este sentido, el economista identific\u00f3 dos factores principales detr\u00e1s del deterioro laboral. \u201cHay una adecuaci\u00f3n que en muchos casos es socialmente costosa e imprescindible, pero tambi\u00e9n hay<b> una p\u00e9rdida de empleo fruto de que todav\u00eda subsisten un mont\u00f3n de distorsiones que el Gobierno no corrigi\u00f3. Y ese es el principal d\u00e9ficit\u201d, <\/b>afirm\u00f3. Para Giordano, la agenda p\u00fablica deber\u00eda priorizar la discusi\u00f3n de una reforma previsional, tributaria y de mejoras en la infraestructura, en lugar de debates legislativos coyunturales.<\/p>\n<p class=\"paragraph\">\u201cSi se resolvieran esos temas, estar\u00edamos hablando de una econom\u00eda m\u00e1s din\u00e1mica, con m\u00e1s empleo y con menos problemas sociales\u201d, consider\u00f3 el titular de <b>IERAL<\/b>. En su evaluaci\u00f3n, parte de las p\u00e9rdidas laborales responden a la reestructuraci\u00f3n de sectores ineficientes, pero otra parte obedece a la persistencia de reglas que dificultan la producci\u00f3n. Ejemplific\u00f3 con el caso Fate o con aquellas provincias petroleras que dependian de la explotaci\u00f3n convencional: \u201cProbablemente era necesario porque se trataba de estructuras productivas ineficientes que son inviables en las actuales condiciones\u201d. <\/p>\n<p class=\"paragraph\">Sin embargo, apunt\u00f3 contra la carga impositiva que afrontan las empresas locales y aclar\u00f3 que \u201csostener impuestos tan malos lleva a que muchas industrias se vuelvan menos competitivas no porque no sean eficientes, sino por la carga impositiva\u201d, puntualiz\u00f3. Entre los tributos que, seg\u00fan Giordano, afectan la competitividad se encuentran ingresos brutos, el impuesto al cheque, sellos y retenciones.<\/p>\n<p class=\"paragraph\">Finalmente, el presidente de <b>Fundaci\u00f3n Mediterr\u00e1nea<\/b> insisti\u00f3 respecto a los impuestos: \u201cEsa es producci\u00f3n que no hacemos, es empleo que no generamos. Hay una parte que es una adecuaci\u00f3n necesaria y otra parte que es todav\u00eda resabio de malas reglas que no se cambiaron y que <b>cuanto m\u00e1s demoren, m\u00e1s problemas va a generar\u201d<\/b>, finaliz\u00f3.<\/p>\n<p class=\"paragraph\"><b>Infobae <\/b>te acompa\u00f1a cada d\u00eda en YouTube con entrevistas, an\u00e1lisis y la informaci\u00f3n m\u00e1s destacada, en un formato cercano y din\u00e1mico.<\/p>\n<p class=\"paragraph\">\u2022 De 7 a 9: <b>Infobae al Amanecer<\/b>: Nacho Giron, Luciana Rubinska y Bel\u00e9n Escobar.<\/p>\n<p class=\"paragraph\">\u2022 De 9 a 12: <b>Infobae a las Nueve<\/b>: Gonzalo S\u00e1nchez, Tatiana Schapiro, Ram\u00f3n Indart y Cecilia Boufflet.<\/p>\n<p class=\"paragraph\">\u2022 De 12 a 15: <b>Infobae al Mediodia<\/b>: Maru Duffard, Andrei Serbin Pont, Jimena Grandinetti, Fede Mayol y Facundo Kablan.<\/p>\n<p class=\"paragraph\">\u2022 De 15 a 18: <b>Infobae a la Tarde<\/b>: Manu Jove, Maia Jastreblansky y Paula Guardia Bourdin; rotan en la semana Marcos Shaw, Lara L\u00f3pez Calvo y Tom\u00e1s Trap\u00e9<\/p>\n<p class=\"paragraph\">\u2022 De 18 a 21: <b>Infobae al Regreso<\/b>: Gonzalo Aziz, Diego Iglesias, Malena de los R\u00edos y Mat\u00edas Barber\u00eda; rotan en la semana Gustavo Lazzari, Mart\u00edn Tetaz y Mica Mendelevich<\/p>\n<p class=\"paragraph\">Seguinos en nuestro canal de <b>YouTube <\/b>@infobae.<\/p>\n<\/div>\n<p><script defer=\"\">try{!function(f,b,e,v,n,t,s) {if(f.fbq)return;n=f.fbq=function(){n.callMethod? n.callMethod.apply(n,arguments):n.queue.push(arguments)}; if(!f._fbq)f._fbq=n;n.push=n;n.loaded=!0;n.version='2.0'; n.queue=[];t=b.createElement(e);t.async=!0; t.src=v;s=b.getElementsByTagName(e)[0]; s.parentNode.insertBefore(t,s)}(window, document,'script', ' fbq('init', '336383993555320'); fbq('track', 'PageView'); fbq('track', 'ViewContent');}catch(error){console.log(\"Error al inicializar facebookPixelRawCodeScript:\",error);}<\/script><\/p>\n","protected":false},"excerpt":{"rendered":"<p>La situaci\u00f3n del mercado laboral argentino se encuentra en el centro del debate econ\u00f3mico, con voces que insisten en la necesidad de avanzar hacia reformas profundas. Osvaldo Giordano, ex titular de Anses y presidente de IERAL, de la Fundaci\u00f3n Mediterr\u00e1nea, analiz\u00f3 en di\u00e1logo con Infobae en Vivo el impacto de las pol\u00edticas actuales y las [&hellip;]<\/p>\n","protected":false},"author":2,"featured_media":88007,"comment_status":"","ping_status":"","sticky":false,"template":"","format":"standard","meta":{"footnotes":""},"categories":[2],"tags":[],"_links":{"self":[{"href":"https:\/\/maxradio923.com.ar\/index.php\/wp-json\/wp\/v2\/posts\/88006"}],"collection":[{"href":"https:\/\/maxradio923.com.ar\/index.php\/wp-json\/wp\/v2\/posts"}],"about":[{"href":"https:\/\/maxradio923.com.ar\/index.php\/wp-json\/wp\/v2\/types\/post"}],"author":[{"embeddable":true,"href":"https:\/\/maxradio923.com.ar\/index.php\/wp-json\/wp\/v2\/users\/2"}],"replies":[{"embeddable":true,"href":"https:\/\/maxradio923.com.ar\/index.php\/wp-json\/wp\/v2\/comments?post=88006"}],"version-history":[{"count":0,"href":"https:\/\/maxradio923.com.ar\/index.php\/wp-json\/wp\/v2\/posts\/88006\/revisions"}],"wp:featuredmedia":[{"embeddable":true,"href":"https:\/\/maxradio923.com.ar\/index.php\/wp-json\/wp\/v2\/media\/88007"}],"wp:attachment":[{"href":"https:\/\/maxradio923.com.ar\/index.php\/wp-json\/wp\/v2\/media?parent=88006"}],"wp:term":[{"taxonomy":"category","embeddable":true,"href":"https:\/\/maxradio923.com.ar\/index.php\/wp-json\/wp\/v2\/categories?post=88006"},{"taxonomy":"post_tag","embeddable":true,"href":"https:\/\/maxradio923.com.ar\/index.php\/wp-json\/wp\/v2\/tags?post=88006"}],"curies":[{"name":"wp","href":"https:\/\/api.w.org\/{rel}","templated":true}]}}