{"id":88004,"date":"2026-04-29T16:22:03","date_gmt":"2026-04-29T19:22:03","guid":{"rendered":"https:\/\/maxradio923.com.ar\/index.php\/2026\/04\/29\/premios-gardel-quienes-son-los-nominados-y-cuando-se-realizara-la-edicion-2026\/"},"modified":"2026-04-29T16:22:03","modified_gmt":"2026-04-29T19:22:03","slug":"premios-gardel-quienes-son-los-nominados-y-cuando-se-realizara-la-edicion-2026","status":"publish","type":"post","link":"https:\/\/maxradio923.com.ar\/index.php\/2026\/04\/29\/premios-gardel-quienes-son-los-nominados-y-cuando-se-realizara-la-edicion-2026\/","title":{"rendered":"Premios Gardel: qui\u00e9nes son los nominados y cuando se realizar\u00e1 la edici\u00f3n 2026"},"content":{"rendered":"<p><\/p>\n<div>\n<p class=\"com-paragraph  --capital --s\">Este mi\u00e9rcoles, la c\u00e1mara de la industria discogr\u00e1fica, <strong>Capif,<\/strong> anunci\u00f3 las nominaciones de los <strong>Premios Gardel a la m\u00fasica 2026<\/strong>, para la ceremonia que se realizar\u00e1 <strong>el pr\u00f3ximo martes 26 de mayo<\/strong>. <\/p>\n<p class=\"com-paragraph   --s\">Si bien el lugar todav\u00eda no ha sido anunciado, ya se pueden improvisar pron\u00f3sticos en base a aquellos artistas que m\u00e1s nominaciones reciben este a\u00f1o. <\/p>\n<p class=\"com-paragraph   --s\">En mayo, por <strong>\u00c1lbum del a\u00f1o<\/strong> compiten <strong>Cazzu<\/strong> (<em>Latinaje<\/em>), <strong>Milo J<\/strong> (<em>La vida era m\u00e1s corta<\/em>), <strong>Lali<\/strong> (<em>No vengas a atender cuando el demonio llama<\/em>), <strong>Babas\u00f3nicos <\/strong>(<em>Cuerpos, vol. 1<\/em>) y <strong>Marilina Bertoldi<\/strong> (<em>Para qui\u00e9n trabajas vol. 1<\/em>).<\/p>\n<p class=\"com-paragraph   --s\">En <strong>Canci\u00f3n del a\u00f1o<\/strong>, quienes buscar\u00e1n llevarse la estatuilla son <strong>Babas\u00f3nicos<\/strong>, por \u201cAdvertencia\u201d; <strong>Milo J<\/strong>, por \u201cNi\u00f1o\u201d; <strong>Lali &amp; Miranda!<\/strong>, que juntos hicieron \u201cMejor que vos\u201d; <strong>Cazzu<\/strong>, por su canci\u00f3n \u201cCon otra\u201d; <strong>\u00c1ngela Torres<\/strong>, por \u201cFavorita\u201d; <strong>Marilina Bertoldi <\/strong>por \u201cEl gordo\u201d; <strong>Yami Safdie <\/strong>con <strong>Camilo<\/strong> por \u201cQuerida Yo\u201d; Trueno, nominado por \u201cFresh\u201d, y <strong>Ca7riel &amp; Paco Amoroso<\/strong> de la mano de \u201c#Tetas\u201d.<\/p>\n<p class=\"com-paragraph   --s\">Este a\u00f1o son 53 las categor\u00edas que entran en competencia. \u201cComo evidencia de un a\u00f1o con marcada diversidad en la m\u00fasica argentina, los lanzamientos que compiten por \u00c1lbum del A\u00f1o y por Canci\u00f3n del A\u00f1o muestran una gran presencia de g\u00e9neros con fuerte tradici\u00f3n local como el rock, el folklore, el pop, y mixturas de todos ellos con ritmos urbanos -como el hip hop- y latinos, que hab\u00edan resultado los g\u00e9neros favoritos en las ediciones pasadas\u201d, dicen desde las oficinas de Capif.<\/p>\n<div class=\"content-media\">\n<section role=\"button\" class=\"mod-media   \">\n<figure role=\"button\" tabindex=\"0\" class=\"mod-figure \"><figcaption class=\"mod-figcaption\"><span class=\"com-text --caption --twoxs\">Ca7riel y Paco Amoroso<\/span><span class=\"com-text --credit --twoxs\">Gentileza Sony music<\/span><\/figcaption><\/figure>\n<\/section>\n<\/div>\n<p class=\"com-paragraph   --s\">\u201cPara Capif es un orgullo organizar cada a\u00f1o los Premios Gardel, el reconocimiento m\u00e1s importante a la excelencia y al talento de nuestros artistas y productores. La m\u00fasica argentina vive un gran momento: no solo representa nuestra identidad, sino que hoy es tambi\u00e9n una de nuestras exportaciones culturales m\u00e1s fuertes. Nuestros artistas trascienden fronteras y conectan con audiencias en todo el mundo, reflejando una escena diversa, creativa y en constante evoluci\u00f3n. En ese contexto, los Premios Gardel vuelven a ser el escenario en el que la m\u00fasica argentina celebra su presente, reconoce a sus protagonistas y proyecta su futuro\u201d asegura Guillermo Castellani, Presidente de CAPIF.<\/p>\n<p class=\"com-paragraph   --s\"><strong>Estos son algunos de los principales nominados.<\/strong><\/p>\n<p class=\"com-paragraph   --s\">Latinaje, Cazzu<\/p>\n<p class=\"com-paragraph   --s\">No vayas a atender cuando el demonio llama, Lali<\/p>\n<p class=\"com-paragraph   --s\">La Vida Era M\u00e1s Corta, Milo J<\/p>\n<p class=\"com-paragraph   --s\">Cuerpos, vol.1, Babas\u00f3nicos<\/p>\n<p class=\"com-paragraph   --s\">Para qui\u00e9n trabajas vol. I, Marilina Bertoldi<\/p>\n<p class=\"com-paragraph   --s\">\u201cAdvertencia\u201d <\/p>\n<p class=\"com-paragraph   --s\">Int\u00e9rprete: Babas\u00f3nicos<\/p>\n<p class=\"com-paragraph   --s\">Autor: Adri\u00e1n Rodr\u00edguez<\/p>\n<p class=\"com-paragraph   --s\">Compositor: Adri\u00e1n Rodr\u00edguez<\/p>\n<p class=\"com-paragraph   --s\">\u201cNi\u00f1o\u201d <\/p>\n<p class=\"com-paragraph   --s\">Int\u00e9rprete: Milo J<\/p>\n<p class=\"com-paragraph   --s\">Autores: Camilo Joaqu\u00edn Villarruel, Gregorio Armando Reinaldo Nelli, Mario Del Tr\u00e1nsito Cocomarola<\/p>\n<p class=\"com-paragraph   --s\">Compositores: Camilo Joaqu\u00edn Villarruel, Santiago Alvarado, Santiago Ruiz \u201ctatool\u201d, Gregorio Armando Reinaldo Nelli, Mario Del Tr\u00e1nsito Cocomarola<\/p>\n<p class=\"com-paragraph   --s\">\u201cMejor que vos\u201d <\/p>\n<p class=\"com-paragraph   --s\">Int\u00e9rpreteS: Lali &amp; Miranda!<\/p>\n<p class=\"com-paragraph   --s\">Autores: Mariana Esp\u00f3sito, Mauro De Tommaso, Martin D\u2019Agosto, Alejandro Sergi<\/p>\n<p class=\"com-paragraph   --s\">Compositores: Mariana Esp\u00f3sito, Mauro De Tommaso, Martin D\u2019Agosto, Alejandro Sergi<\/p>\n<p class=\"com-paragraph   --s\">\u201cCon Otra\u201d<\/p>\n<p class=\"com-paragraph   --s\">Int\u00e9rprete: Cazzu<\/p>\n<p class=\"com-paragraph   --s\">AutorA: Julieta Emilia Cazzuchelli<\/p>\n<p class=\"com-paragraph   --s\">Compositor: Nicol\u00e1s Cotton<\/p>\n<p class=\"com-paragraph   --s\">\u201cFavorita\u201d<\/p>\n<p class=\"com-paragraph   --s\">Int\u00e9rprete: Angela Torres<\/p>\n<p class=\"com-paragraph   --s\">Autores: \u00c1ngela Caccia Torres, Isabela Ter\u00e1n Lieban, Ferm\u00edn Ugarte, Mauro De Tommaso<\/p>\n<p class=\"com-paragraph   --s\">Compositores: \u00c1ngela Caccia Torres, Isabela Ter\u00e1n Lieban, Ferm\u00edn Ugarte, Mauro De Tommaso<\/p>\n<p class=\"com-paragraph   --s\">\u201cEl gordo\u201d<\/p>\n<p class=\"com-paragraph   --s\">Int\u00e9rprete: Marilina Bertoldi<\/p>\n<p class=\"com-paragraph   --s\">AutorA: Marilina Bertoldi<\/p>\n<p class=\"com-paragraph   --s\">CompositorA: Marilina Bertoldi<\/p>\n<p class=\"com-paragraph   --s\">\u201cQuerida Yo\u201d<\/p>\n<p class=\"com-paragraph   --s\">Int\u00e9rpreteS: Yami Safdie, Camilo<\/p>\n<p class=\"com-paragraph   --s\">AutorES: Yami Safdie, Camilo<\/p>\n<p class=\"com-paragraph   --s\">Compositores: Yami Safdie, Camilo<\/p>\n<p class=\"com-paragraph   --s\">\u201cFresh\u201d<\/p>\n<p class=\"com-paragraph   --s\">Int\u00e9rprete: Trueno<\/p>\n<p class=\"com-paragraph   --s\">Autor: Mateo Palacios Corazzina \u201cTrueno\u201d<\/p>\n<p class=\"com-paragraph   --s\">Compositores: Mateo Palacios Corazzina \u201cTrueno\u201d, Santiago Gabriel Ruiz \u201cTatool\u201d, Lukas Benjamin Leth Kroll<\/p>\n<p class=\"com-paragraph   --s\">\u201c#Tetas\u201d<\/p>\n<p class=\"com-paragraph   --s\">Int\u00e9rpreteS: Ca7riel &amp; Paco Amoroso<\/p>\n<p class=\"com-paragraph   --s\">AutorES: Catriel Guerreiro, Ulises Guerriero, Rafa Arcaute, Federico Vindver, Vicente Jim\u00e9nez \u201cVibarco\u201d\u201d, Gino Borri, Carolina Isabel Col\u00f3n Juarbe \u201cGALE\u201d<\/p>\n<p class=\"com-paragraph   --s\">Compositores: Catriel Guerreiro, Ulises Guerriero, Rafa Arcaute, Federico Vindver, Vicente Jim\u00e9nez \u201cVibarco\u201d, Gino Borri, Carolina Isabel Col\u00f3n Juarbe \u201cGALE\u201d<\/p>\n<p class=\"com-paragraph   --s\">In the City<\/p>\n<p class=\"com-paragraph   --s\">Int\u00e9rpreteS: Charly Garc\u00eda &amp; Sting<\/p>\n<p class=\"com-paragraph   --s\">IngenieroS: Matias Sznaider, Sting, Dominic Miller<\/p>\n<p class=\"com-paragraph   --s\">Productor: Charly Garc\u00eda<\/p>\n<p class=\"com-paragraph   --s\">Ni\u00f1o<\/p>\n<p class=\"com-paragraph   --s\">Int\u00e9rprete: Milo J<\/p>\n<p class=\"com-paragraph   --s\">Ingeniero: Luciano Nicolas Gordillo<\/p>\n<p class=\"com-paragraph   --s\">Productores: Milo J, Santiago Alvarado, Tatool<\/p>\n<p class=\"com-paragraph   --s\">Mejor que vos <\/p>\n<p class=\"com-paragraph   --s\">Int\u00e9rpretes: Lali &amp; Miranda!<\/p>\n<p class=\"com-paragraph   --s\">IngenieroS: Mauro De Tommaso, Federico Barreto<\/p>\n<p class=\"com-paragraph   --s\">Productores: Mauro De Tommaso, Don Barreto<\/p>\n<p class=\"com-paragraph   --s\">Papota <\/p>\n<p class=\"com-paragraph   --s\">Int\u00e9rpreteS: Ca7riel &amp; Paco Amoroso<\/p>\n<p class=\"com-paragraph   --s\">IngenieroS: Rafa Arcaute, Federico Vindver, LAMADRID, Josh Newell<\/p>\n<p class=\"com-paragraph   --s\">A tres d\u00edas de la tierra<\/p>\n<p class=\"com-paragraph   --s\">Int\u00e9rprete: Eruca Sativa<\/p>\n<p class=\"com-paragraph   --s\">Ingeniero: Facundo Rodr\u00edguez<\/p>\n<p class=\"com-paragraph   --s\">La Vida Era M\u00e1s Corta <\/p>\n<p class=\"com-paragraph   --s\">Int\u00e9rprete: Milo J<\/p>\n<p class=\"com-paragraph   --s\">Ingeniero: Luciano Nicolas Gordillo<\/p>\n<p class=\"com-paragraph   --s\">Mirarse en otros ojos, La Ferni<\/p>\n<p class=\"com-paragraph   --s\">D\u00e9cimas, Maggie Cullen<\/p>\n<p class=\"com-paragraph   --s\">Fuera de lugar, Liliana Herrero<\/p>\n<p class=\"com-paragraph   --s\">Mejor \u00c1lbum Artista de Rock <\/p>\n<p class=\"com-paragraph   --s\">Para qui\u00e9n trabajas vol. I, Marilina Bertoldi<\/p>\n<p class=\"com-paragraph   --s\">El retorno, Santiago Motorizado<\/p>\n<p class=\"com-paragraph   --s\">El (in) Correcto Uso de la Met\u00e1fora, Richard Coleman<\/p>\n<p class=\"com-paragraph   --s\">Continhuar\u00e1, Fernando Ruiz D\u00edaz<\/p>\n<p class=\"com-paragraph   --s\">Novela Fito Paez<\/p>\n<p class=\"com-paragraph   --s\">Canciones de dos puertos, Alfredo Piro Rinaldi<\/p>\n<p class=\"com-paragraph   --s\">Pratanguero: 4\u00ba Esquina <\/p>\n<p class=\"com-paragraph   --s\">Final, Ariel Prat<\/p>\n<p class=\"com-paragraph   --s\">Actos de gentileza, Florian<\/p>\n<p class=\"com-paragraph   --s\">Cuerpo Olivia, Wald<\/p>\n<p class=\"com-paragraph   --s\">Detalles, Zoe Gotusso<\/p>\n<p class=\"com-paragraph   --s\">Mi Norte &amp; Mi Sur, Diego Torres<\/p>\n<p class=\"com-paragraph   --s\">No vayas a atender cuando el demonio llama, Lali<\/p>\n<p class=\"com-paragraph   --s\">No me olvides, Angela Torres<\/p>\n<p class=\"com-paragraph   --s\">El Verdadero, Juan Ingaramo<\/p>\n<p class=\"com-paragraph   --s\">Perfectas, Emilia<\/p>\n<p class=\"com-paragraph   --s\">Homenaje al chino de la Nueva Luna, Daniel Cardozo<\/p>\n<p class=\"com-paragraph   --s\">Malportada, Nathy Peluso<\/p>\n<p class=\"com-paragraph   --s\">La Casa De La Cumbia vol.1, The La Planta<\/p>\n<p class=\"com-paragraph   --s\">Vol. 1, El Negro Tecla<\/p>\n<p class=\"com-paragraph   --s\">The Last of Us: Season 2 (Soundtrack from the HBO Original Series), Gustavo Santaolalla &amp; David Fleming<\/p>\n<p class=\"com-paragraph   --s\">La mujer de la fila (Banda de Sonido Original), Daniel Godfrid y Sebasti\u00e1n Esp\u00f3sito<\/p>\n<p class=\"com-paragraph   --s\">Los Mufas: Suerte para la desgracia, Juan Blas Caballero<\/p>\n<p class=\"com-paragraph   --s\">Gamurgatr\u00f3nica, Ruben Rada<\/p>\n<p class=\"com-paragraph   --s\">Querida Yo, Yami Safdie<\/p>\n<p class=\"com-paragraph   --s\">Vivir As\u00ed, Barbarita Palacios<\/p>\n<p class=\"com-paragraph   --s\">Serenata en Mi Mayor para un amor y un atardecer, Coti<\/p>\n<p class=\"com-paragraph   --s\">Amor de mi herida, Camil\u00fa<\/p>\n<p class=\"com-paragraph   --s\">Tucumano Soy, Juan Fal\u00fa<\/p>\n<p class=\"com-paragraph   --s\">La Vida Era M\u00e1s Corta, Milo J<\/p>\n<p class=\"com-paragraph   --s\">Sandro as\u00ed, Ariel Ardit<\/p>\n<p class=\"com-paragraph   --s\">Rompecabezas, Ulises Bueno<\/p>\n<p class=\"com-paragraph   --s\">Mejores Amigos de La Muela, Eugenia Quevedo<\/p>\n<p class=\"com-paragraph   --s\">Que sed, Luck Ra<\/p>\n<p class=\"com-paragraph   --s\">En Vivo Buenos Aires, La K\u2019onga<\/p>\n<p class=\"com-paragraph   --s\">Okupas, Little Boogie &amp; Stereo<\/p>\n<p class=\"com-paragraph   --s\">Bhavilonia, Bhavi<\/p>\n<p class=\"com-paragraph   --s\">Culto III, Neo Pistea<\/p>\n<p class=\"com-paragraph   --s\">Gauchos, Veeyam<\/p>\n<p class=\"com-paragraph   --s\">EUB Deluxe, Trueno<\/p>\n<p class=\"com-paragraph   --s\">Versus, Paulo Londra<\/p>\n<p class=\"com-paragraph   --s\">Apocalipsis, Pipi Piazzolla Trio <\/p>\n<p class=\"com-paragraph   --s\">Tom\u00e1s Sainz, Tom\u00e1s Sainz<\/p>\n<p class=\"com-paragraph   --s\">New York Sessions Vol. 1, Leo Genovese &#8211; Mariano Otero<\/p>\n<p class=\"com-paragraph   --s\">Nomads, Valentino Jazz Bazar &amp; Carrie Dianne Ward<\/p>\n<p class=\"com-paragraph   --s\">Todos los fuegos, Roxana Amed<\/p>\n<p class=\"com-paragraph   --s\">Compositores Argentinos, Grupo Vocal de Difusi\u00f3n &amp; Mariano Moruja<\/p>\n<p class=\"com-paragraph   --s\">Sergio Parotti: Cuartetos de Cuerdas Vol. 1, Sergio Parotti, Cuarteto Siglo XXII<\/p>\n<p class=\"com-paragraph   --s\">Murmullo en las aguas, Las Destrozzi<\/p>\n<p class=\"com-paragraph   --s\">El Terem\u00edn, la Serie y el Boxitracio, Mart\u00edn Proscia y Pablo Borr\u00e1s<\/p>\n<p class=\"com-paragraph   --s\">Mejor \u00c1lbum de M\u00fasica Global <\/p>\n<p class=\"com-paragraph   --s\">Huaucke Habibi, Los arcanos del desierto<\/p>\n<p class=\"com-paragraph   --s\">Latinaje , Cazzu<\/p>\n<p class=\"com-paragraph   --s\">Impulsa el C\u00edrculo, Brenda Martin<\/p>\n<p class=\"com-paragraph   --s\">Gracias a la Vida, Abel Pintos<\/p>\n<p class=\"com-paragraph   --s\">Alquimia, Patricia Sosa &amp; Mijares<\/p>\n<p class=\"com-paragraph   --s\">Su Amigo Dyango, Vol. 1, Dyango<\/p>\n<p class=\"com-paragraph   --s\">Polvo de estrellas, Turf<\/p>\n<p class=\"com-paragraph   --s\">El Regreso, Tan Bionica<\/p>\n<p class=\"com-paragraph   --s\">Los lobos, Estelares<\/p>\n<p class=\"com-paragraph   --s\">Ya No Estoy Aqu\u00ed, Rayos L\u00e1ser<\/p>\n<p class=\"com-paragraph   --s\">Alter ego, Silvestre y La Naranja<\/p>\n<p class=\"com-paragraph   --s\">Alfonsina y el mal, Se\u00f1or Flavio<\/p>\n<p class=\"com-paragraph   --s\">La Respuesta, Leonchalon<\/p>\n<p class=\"com-paragraph   --s\">Ra\u00edces muy fuertes, Fidel Nadal<\/p>\n<p class=\"com-paragraph   --s\">A Tempo, Dread Mar I<\/p>\n<p class=\"com-paragraph   --s\">Juegue Kuelgue, El Kuelgue<\/p>\n<p class=\"com-paragraph   --s\">Hilda Canta Charly 2 (En Vivo), Hilda Lizarazu<\/p>\n<p class=\"com-paragraph   --s\">Hecho en Jamaica &#8211; Vivo Movistar Arena, Nonpalidece<\/p>\n<p class=\"com-paragraph   --s\">Conociendo Rusia vuelve a casa (en vivo en Buenos Aires), Conociendo Rusia<\/p>\n<p class=\"com-paragraph   --s\">Trueno &#8211; Red Bull Symphonic, Trueno<\/p>\n<p class=\"com-paragraph   --s\">Signos 25 a\u00f1os Vivo, Los Nocheros<\/p>\n<p class=\"com-paragraph   --s\">En vivo volumen I, Cindy Cats<\/p>\n<p class=\"com-paragraph   --s\">Esencia En Vivo, Cruzando El Charco<\/p>\n<section class=\"container-center-100 mb-40 border border-bottom border-thin border-neutral-light-700\">\n<hr\/>\n<\/section>\n<\/div>\n<p><script id=\"facebookpixel\" defer=\"\" type=\"text\/javascript\">\n        !function(f,b,e,v,n,t,s)\n        {if(f.fbq)return;n=f.fbq=function(){n.callMethod?\n        n.callMethod.apply(n,arguments):n.queue.push(arguments)};\n        if(!f._fbq)f._fbq=n;n.push=n;n.loaded=!0;n.version='2.0';\n        n.queue=[];t=b.createElement(e);t.async=!0;\n        t.src=v;s=b.getElementsByTagName(e)[0];\n        s.parentNode.insertBefore(t,s)}(window, document,'script',\n        '\n        fbq('init', '492459597522335');\n        fbq('track', 'PageView');\n    <\/script><\/p>\n","protected":false},"excerpt":{"rendered":"<p>Este mi\u00e9rcoles, la c\u00e1mara de la industria discogr\u00e1fica, Capif, anunci\u00f3 las nominaciones de los Premios Gardel a la m\u00fasica 2026, para la ceremonia que se realizar\u00e1 el pr\u00f3ximo martes 26 de mayo. Si bien el lugar todav\u00eda no ha sido anunciado, ya se pueden improvisar pron\u00f3sticos en base a aquellos artistas que m\u00e1s nominaciones reciben [&hellip;]<\/p>\n","protected":false},"author":2,"featured_media":88005,"comment_status":"","ping_status":"","sticky":false,"template":"","format":"standard","meta":{"footnotes":""},"categories":[14],"tags":[],"_links":{"self":[{"href":"https:\/\/maxradio923.com.ar\/index.php\/wp-json\/wp\/v2\/posts\/88004"}],"collection":[{"href":"https:\/\/maxradio923.com.ar\/index.php\/wp-json\/wp\/v2\/posts"}],"about":[{"href":"https:\/\/maxradio923.com.ar\/index.php\/wp-json\/wp\/v2\/types\/post"}],"author":[{"embeddable":true,"href":"https:\/\/maxradio923.com.ar\/index.php\/wp-json\/wp\/v2\/users\/2"}],"replies":[{"embeddable":true,"href":"https:\/\/maxradio923.com.ar\/index.php\/wp-json\/wp\/v2\/comments?post=88004"}],"version-history":[{"count":0,"href":"https:\/\/maxradio923.com.ar\/index.php\/wp-json\/wp\/v2\/posts\/88004\/revisions"}],"wp:featuredmedia":[{"embeddable":true,"href":"https:\/\/maxradio923.com.ar\/index.php\/wp-json\/wp\/v2\/media\/88005"}],"wp:attachment":[{"href":"https:\/\/maxradio923.com.ar\/index.php\/wp-json\/wp\/v2\/media?parent=88004"}],"wp:term":[{"taxonomy":"category","embeddable":true,"href":"https:\/\/maxradio923.com.ar\/index.php\/wp-json\/wp\/v2\/categories?post=88004"},{"taxonomy":"post_tag","embeddable":true,"href":"https:\/\/maxradio923.com.ar\/index.php\/wp-json\/wp\/v2\/tags?post=88004"}],"curies":[{"name":"wp","href":"https:\/\/api.w.org\/{rel}","templated":true}]}}