{"id":87998,"date":"2026-04-29T15:38:03","date_gmt":"2026-04-29T18:38:03","guid":{"rendered":"https:\/\/maxradio923.com.ar\/index.php\/2026\/04\/29\/eduardo-costantini-vote-a-milei-y-tal-vez-lo-volveria-a-votar-porque-si-se-va-milei-que-viene\/"},"modified":"2026-04-29T15:38:03","modified_gmt":"2026-04-29T18:38:03","slug":"eduardo-costantini-vote-a-milei-y-tal-vez-lo-volveria-a-votar-porque-si-se-va-milei-que-viene","status":"publish","type":"post","link":"https:\/\/maxradio923.com.ar\/index.php\/2026\/04\/29\/eduardo-costantini-vote-a-milei-y-tal-vez-lo-volveria-a-votar-porque-si-se-va-milei-que-viene\/","title":{"rendered":"Eduardo Costantini: \u201cVot\u00e9 a Milei y tal vez lo volver\u00eda a votar, porque si se va Milei, \u00bfqu\u00e9 viene?\u201d"},"content":{"rendered":"<p><\/p>\n<div>\n<div class=\"visual__image image-initial-width\"><picture><source srcset=\"https:\/\/www.infobae.com\/resizer\/v2\/URDQFITOXJEXHEQZ5E5FE4SFLU.jpg?auth=9c1227ec97f33113cdfff6c47ea8f97b7cc34d478b3facc14a54ea46b8a3eb90&amp;smart=true&amp;width=992&amp;height=558&amp;quality=85\" media=\"(min-width: 1000px)\"\/><source srcset=\"https:\/\/www.infobae.com\/resizer\/v2\/URDQFITOXJEXHEQZ5E5FE4SFLU.jpg?auth=9c1227ec97f33113cdfff6c47ea8f97b7cc34d478b3facc14a54ea46b8a3eb90&amp;smart=true&amp;width=768&amp;height=432&amp;quality=85\" media=\"(min-width: 768px)\"\/><source srcset=\"https:\/\/www.infobae.com\/resizer\/v2\/URDQFITOXJEXHEQZ5E5FE4SFLU.jpg?auth=9c1227ec97f33113cdfff6c47ea8f97b7cc34d478b3facc14a54ea46b8a3eb90&amp;smart=true&amp;width=577&amp;height=325&amp;quality=85\" media=\"(min-width: 580px)\"\/><source srcset=\"https:\/\/www.infobae.com\/resizer\/v2\/URDQFITOXJEXHEQZ5E5FE4SFLU.jpg?auth=9c1227ec97f33113cdfff6c47ea8f97b7cc34d478b3facc14a54ea46b8a3eb90&amp;smart=true&amp;width=420&amp;height=236&amp;quality=85\" media=\"(min-width: 350px)\"\/><source srcset=\"https:\/\/www.infobae.com\/resizer\/v2\/URDQFITOXJEXHEQZ5E5FE4SFLU.jpg?auth=9c1227ec97f33113cdfff6c47ea8f97b7cc34d478b3facc14a54ea46b8a3eb90&amp;smart=true&amp;width=350&amp;height=197&amp;quality=85\" media=\"(min-width: 80px)\"\/><img alt=\"Eduardo Costantini, un hombre mayor con gafas, habla en un micr\u00f3fono sentado junto a otro hombre en el escenario de la ExpoEfi, con p\u00fablico al frente\" class=\"global-image\" decoding=\"async\" fetchpriority=\"high\" height=\"705\" loading=\"eager\" src=\"https:\/\/www.infobae.com\/resizer\/v2\/URDQFITOXJEXHEQZ5E5FE4SFLU.jpg?auth=9c1227ec97f33113cdfff6c47ea8f97b7cc34d478b3facc14a54ea46b8a3eb90&amp;smart=true&amp;width=350&amp;height=197&amp;quality=85\" width=\"1253\"\/><\/picture><figcaption class=\"article-figcaption-img\">Eduardo Costantini, fundador del MALBA y Consultatio, habla durante una sesi\u00f3n en la ExpoEfi<\/figcaption><\/div>\n<p class=\"paragraph\">\u201cAplaudo muchas cosas que hizo Milei. Yo lo vot\u00e9 y tal vez lo votar\u00eda de nuevo, aunque no coincido con todas sus medidas o con su perfil. Pero si Milei se va, \u00bfqu\u00e9 viene? Ese es el problema&#8221;, explic\u00f3 el empresario <b>Eduardo Costantini<\/b> durante su presentaci\u00f3n en el Congreso Econ\u00f3mico Argentina, en <b>ExpoEFI 2026<\/b>. <\/p>\n<p class=\"paragraph\">M\u00e1s all\u00e1 de su visi\u00f3n sobre el Presidente, Costantini consider\u00f3 que la Argentina tendr\u00eda que tener \u201cun sistema pol\u00edtico que fomente la gobernabilidad, la consistencia de una gobernabilidad donde la pol\u00edtica tenga menos protagonismo y que el pa\u00eds aprendiera a vivir con una sucesi\u00f3n de presidentes diferentes, con la alternancia pol\u00edtica, que es la base de la democracia\u201d.<\/p>\n<p class=\"paragraph\">El empresario destac\u00f3 que las elecciones del a\u00f1o pasado \u201cfueron sumamente traum\u00e1ticas\u201d y, a su juicio, responsables en una parte significativa \u201cdel baj\u00f3n del consumo y la desaceleraci\u00f3n de la econom\u00eda\u201d. <\/p>\n<p class=\"paragraph\">\u201cSi bien la econom\u00eda est\u00e1 creciendo, el aumento de tasas que produjo trajo una suba enorme de la mora y una reducci\u00f3n del cr\u00e9dito, con un impacto muy serio en la sociedad\u201d, dijo.<\/p>\n<div class=\"visual__image\"><picture><source srcset=\"https:\/\/www.infobae.com\/resizer\/v2\/G2ULJDI4JNFCZOC6KPSSFEVKXQ.jpg?auth=5b0fc8fe59f37c9cbb2457a594f3dfc5d8b8fa1d1ca073e00bb947b375d0325e&amp;smart=true&amp;width=992&amp;height=661&amp;quality=85\" media=\"(min-width: 1000px)\"\/><source srcset=\"https:\/\/www.infobae.com\/resizer\/v2\/G2ULJDI4JNFCZOC6KPSSFEVKXQ.jpg?auth=5b0fc8fe59f37c9cbb2457a594f3dfc5d8b8fa1d1ca073e00bb947b375d0325e&amp;smart=true&amp;width=768&amp;height=512&amp;quality=85\" media=\"(min-width: 768px)\"\/><source srcset=\"https:\/\/www.infobae.com\/resizer\/v2\/G2ULJDI4JNFCZOC6KPSSFEVKXQ.jpg?auth=5b0fc8fe59f37c9cbb2457a594f3dfc5d8b8fa1d1ca073e00bb947b375d0325e&amp;smart=true&amp;width=577&amp;height=385&amp;quality=85\" media=\"(min-width: 580px)\"\/><source srcset=\"https:\/\/www.infobae.com\/resizer\/v2\/G2ULJDI4JNFCZOC6KPSSFEVKXQ.jpg?auth=5b0fc8fe59f37c9cbb2457a594f3dfc5d8b8fa1d1ca073e00bb947b375d0325e&amp;smart=true&amp;width=420&amp;height=280&amp;quality=85\" media=\"(min-width: 350px)\"\/><source srcset=\"https:\/\/www.infobae.com\/resizer\/v2\/G2ULJDI4JNFCZOC6KPSSFEVKXQ.jpg?auth=5b0fc8fe59f37c9cbb2457a594f3dfc5d8b8fa1d1ca073e00bb947b375d0325e&amp;smart=true&amp;width=350&amp;height=233&amp;quality=85\" media=\"(min-width: 80px)\"\/><img alt=\"Eduardo Costantini sentado en el escenario de ExpoEfi, hablando por un micr\u00f3fono, con otro hombre sentado a su lado y pantallas de fondo\" class=\"global-image\" decoding=\"async\" fetchpriority=\"low\" height=\"1280\" loading=\"lazy\" src=\"https:\/\/www.infobae.com\/resizer\/v2\/G2ULJDI4JNFCZOC6KPSSFEVKXQ.jpg?auth=5b0fc8fe59f37c9cbb2457a594f3dfc5d8b8fa1d1ca073e00bb947b375d0325e&amp;smart=true&amp;width=350&amp;height=233&amp;quality=85\" width=\"1920\"\/><\/picture><figcaption class=\"article-figcaption-img\">Con respecto a la inflaci\u00f3n, el empresario dijo que \u201ces dif\u00edcil hacer futurolog\u00eda\u201d, pero estim\u00f3 que el \u00edndice mensual pasar\u00e1 \u201cde tres y pico a dos y pico\u201d<\/figcaption><\/div>\n<p class=\"paragraph\">Costantini consider\u00f3 que \u201cen general, se vota bien en la Argentina, pero a veces un tipo de pol\u00edtica econ\u00f3mica resulta mal y el votante elige otra alternativa y se pasa al otro extremo porque no hay un candidato m\u00e1s moderado. La competencia pol\u00edtica esta bien, pero debe basarse en un marco en el que el pa\u00eds tenga previsibilidad\u201d. <\/p>\n<p class=\"paragraph\">La Argentina, destac\u00f3, es \u201cun pa\u00eds chico que no jug\u00f3 con las reglas internacionales. Por eso hemos perdido muchas d\u00e9cadas. <b>Necesariamente, la Argentina tiene que atravesar un per\u00edodo largo de cierto sacrificio. <\/b>No podemos ser exitistas, tenemos algunas ineficiencias relativas que son complejas y van a necesitar mucho tiempo&#8221;.<\/p>\n<p class=\"paragraph\">Con respecto a la inflaci\u00f3n, aclar\u00f3 que \u201ces dif\u00edcil hacer futurolog\u00eda\u201d, pero estim\u00f3 que el \u00edndice mensual pasar\u00e1 \u201cde tres y pico a dos y pico\u201d. <\/p>\n<p class=\"paragraph\">\u201cMe gustar\u00eda que el Banco Central siga comprando d\u00f3lares y que el buen momento que estamos teniendo en el sector externo pueda prorrogarse. Si bien el segundo semestre es estacionalmente m\u00e1s bajo, las empresas y las provincias pueden seguir emitiendo. Eso puede ser una fuente de ingreso de d\u00f3lares para que el Banco Central pueda continuar comprando reservas con miras al a\u00f1o que viene\u201d, se\u00f1al\u00f3.<\/p>\n<div class=\"blockquote\">\n<blockquote class=\"color_figcaption\"><p>\u201cLa competencia pol\u00edtica esta bien, pero debe basarse en un marco en el que el pa\u00eds tenga previsibilidad\u201d <\/p><\/blockquote>\n<\/div>\n<p class=\"paragraph\">El empresario se\u00f1al\u00f3 que durante 2027 la Argentina deber\u00e1 poner en marcha soluciones para esquivar problemas en dos frentes econ\u00f3micos. El primero es el de los vencimientos de deuda externa, de gran importancia para fortalecer las expectativas. El segundo frente es el electoral. \u201cYo conf\u00edo en que haya m\u00e1s di\u00e1logo para que las propuestas no sean binarias y que, por otro lado, la Argentina pueda regresar al mercado internacional\u201d, expres\u00f3. <\/p>\n<p class=\"paragraph\">Al mismo tiempo, Costantini asegur\u00f3 que \u201cel proceso de transformaci\u00f3n en las estructuras econ\u00f3micas requiere crear un c\u00edrculo virtuoso que facilite el tr\u00e1nsito hacia ese cambio\u201d. <\/p>\n<p class=\"paragraph\">Explic\u00f3 que cuando la poblaci\u00f3n comienza a perder el miedo con el paso del tiempo, surge la posibilidad de que los dep\u00f3sitos en el sistema bancario argentino aumenten y haya mayor disponibilidad de d\u00f3lares para financiar tanto al Estado \u2014\u201cde un tama\u00f1o razonable\u201d\u2014 como al sector privado. Esto contribuye a reducir el costo de capital y eleva la base monetaria nacional en efectivo. <\/p>\n<p class=\"paragraph\">Todo esto solo resulta posible, asegur\u00f3, al establecer un marco de previsibilidad basado en pol\u00edticas de Estado s\u00f3lidas a lo largo de los a\u00f1os, despu\u00e9s de d\u00e9cadas sin ellas: moneda fuerte, banco central independiente, cumplimiento de compromisos y equilibrio fiscal, entre otros factores, permiten fortalecer la moneda y disminuir el riesgo pa\u00eds.<\/p>\n<\/div>\n<p><script defer=\"\">try{!function(f,b,e,v,n,t,s) {if(f.fbq)return;n=f.fbq=function(){n.callMethod? n.callMethod.apply(n,arguments):n.queue.push(arguments)}; if(!f._fbq)f._fbq=n;n.push=n;n.loaded=!0;n.version='2.0'; n.queue=[];t=b.createElement(e);t.async=!0; t.src=v;s=b.getElementsByTagName(e)[0]; s.parentNode.insertBefore(t,s)}(window, document,'script', ' fbq('init', '336383993555320'); fbq('track', 'PageView'); fbq('track', 'ViewContent');}catch(error){console.log(\"Error al inicializar facebookPixelRawCodeScript:\",error);}<\/script><\/p>\n","protected":false},"excerpt":{"rendered":"<p>Eduardo Costantini, fundador del MALBA y Consultatio, habla durante una sesi\u00f3n en la ExpoEfi \u201cAplaudo muchas cosas que hizo Milei. Yo lo vot\u00e9 y tal vez lo votar\u00eda de nuevo, aunque no coincido con todas sus medidas o con su perfil. Pero si Milei se va, \u00bfqu\u00e9 viene? Ese es el problema&#8221;, explic\u00f3 el empresario [&hellip;]<\/p>\n","protected":false},"author":2,"featured_media":87999,"comment_status":"","ping_status":"","sticky":false,"template":"","format":"standard","meta":{"footnotes":""},"categories":[2],"tags":[],"_links":{"self":[{"href":"https:\/\/maxradio923.com.ar\/index.php\/wp-json\/wp\/v2\/posts\/87998"}],"collection":[{"href":"https:\/\/maxradio923.com.ar\/index.php\/wp-json\/wp\/v2\/posts"}],"about":[{"href":"https:\/\/maxradio923.com.ar\/index.php\/wp-json\/wp\/v2\/types\/post"}],"author":[{"embeddable":true,"href":"https:\/\/maxradio923.com.ar\/index.php\/wp-json\/wp\/v2\/users\/2"}],"replies":[{"embeddable":true,"href":"https:\/\/maxradio923.com.ar\/index.php\/wp-json\/wp\/v2\/comments?post=87998"}],"version-history":[{"count":0,"href":"https:\/\/maxradio923.com.ar\/index.php\/wp-json\/wp\/v2\/posts\/87998\/revisions"}],"wp:featuredmedia":[{"embeddable":true,"href":"https:\/\/maxradio923.com.ar\/index.php\/wp-json\/wp\/v2\/media\/87999"}],"wp:attachment":[{"href":"https:\/\/maxradio923.com.ar\/index.php\/wp-json\/wp\/v2\/media?parent=87998"}],"wp:term":[{"taxonomy":"category","embeddable":true,"href":"https:\/\/maxradio923.com.ar\/index.php\/wp-json\/wp\/v2\/categories?post=87998"},{"taxonomy":"post_tag","embeddable":true,"href":"https:\/\/maxradio923.com.ar\/index.php\/wp-json\/wp\/v2\/tags?post=87998"}],"curies":[{"name":"wp","href":"https:\/\/api.w.org\/{rel}","templated":true}]}}