{"id":87994,"date":"2026-04-29T15:03:05","date_gmt":"2026-04-29T18:03:05","guid":{"rendered":"https:\/\/maxradio923.com.ar\/index.php\/2026\/04\/29\/san-juan-construye-el-futuro-con-politicas-integrales-que-protegen-y-mejoran-la-vida-de-las-familias\/"},"modified":"2026-04-29T15:03:05","modified_gmt":"2026-04-29T18:03:05","slug":"san-juan-construye-el-futuro-con-politicas-integrales-que-protegen-y-mejoran-la-vida-de-las-familias","status":"publish","type":"post","link":"https:\/\/maxradio923.com.ar\/index.php\/2026\/04\/29\/san-juan-construye-el-futuro-con-politicas-integrales-que-protegen-y-mejoran-la-vida-de-las-familias\/","title":{"rendered":"San Juan construye el futuro con pol\u00edticas integrales que protegen y mejoran la vida de las familias"},"content":{"rendered":"<p><\/p>\n<div>\n<p>Se reuni\u00f3 el Consejo Federal de Drogas (Cofedro) de la zona Cuyo, en La Rioja, y en representaci\u00f3n de la provincia de San Juan, estuvo la directora de Prevenci\u00f3n y Asistencia de los Consumos Problem\u00e1ticos, Daniela Merlo. Fue el primer encuentro del a\u00f1o y sirvi\u00f3 para exponer las pol\u00edticas p\u00fablicas que se trabajan bajo el marco del Plan Provincial para el Abordaje Integral de los Consumos Problem\u00e1ticos 2023-2027, en el que se articulan acciones con todos los ministerios y organismos del Estado sanjuanino adem\u00e1s de ONG\u2019s y entidades privadas.<\/p>\n<p>En la reuni\u00f3n se plantearon dos problem\u00e1ticas centrales para la zona Cuyo como los consumos en las etapas de gestaci\u00f3n, puerperio y maternidad; adem\u00e1s de los nuevos consumos adolescentes. Vinculado a \u00e9ste punto se presentaron y analizaron los resultados regionales del S\u00e9ptimo Estudio Nacional en Estudiantes de Ense\u00f1anza Secundaria, recabado por la Direcci\u00f3n Nacional de Estad\u00edstica y del Observatorio Argentino de Drogas del SEDRONAR (Secretar\u00eda de Pol\u00edticas Integrales sobre Drogas de la Naci\u00f3n Argentina), que entrevist\u00f3 a estudiantes de 2\u00b0, 4\u00b0 y 6\u00b0 a\u00f1o para estimar la magnitud y caracter\u00edsticas del consumo de sustancias psicoactivas y del uso de juegos de apuestas.<\/p>\n<p>En esta oportunidad, la funcionaria sanjuanina detall\u00f3 los ejes del trabajo conjunto entre el Ministerio de Familia y Desarrollo Humano -abarcando a la Direcci\u00f3n de Prevenci\u00f3n y Asistencia de los Consumos Problem\u00e1ticos, Direcci\u00f3n de G\u00e9nero y Direcci\u00f3n de Ni\u00f1ez, Adolescencia y Familia- y el Ministerio de Salud -con las \u00e1reas de Materno-Infancia y Neonatolog\u00eda hospitalarias- para el abordaje de la mam\u00e1 gestante y luego pu\u00e9rpera para alcanzar un acompa\u00f1amiento, contenci\u00f3n y cuidado tanto a la madre como al beb\u00e9. Puntualiz\u00f3 que desde el 2025 se han realizado capacitaciones con los equipos m\u00e9dicos y profesionales -entre otros ginec\u00f3logos, obstetras, neonat\u00f3logos, enfermeros- para que puedan recaudar en las primeras consultas informaci\u00f3n sobre posibles consumos maternos, c\u00f3mo hacer el interrogatorio a la paciente y completar historias cl\u00ednicas y tambi\u00e9n d\u00f3nde derivar a qui\u00e9n consume. De este modo se detectan casos en las primeras etapas del embarazo, se promueve el tratamiento y reduce el nacimiento de beb\u00e9s con consumo en sangre o con signos de abstinencia.<\/p>\n<p>A su vez, se ha hecho prevenci\u00f3n en distintos centros comunitarios y en la casa convivencial Mar\u00eda del Carmen -donde se hacen tratamiento mujeres, inclusive algunas con sus hijos- se han dado charlas sobre enfermedades de transmisi\u00f3n sexual, c\u00e1ncer, cuidado general de la salud y cuidado del reci\u00e9n nacido, importancia de la lactancia, entre otros.<\/p>\n<p>Respecto de los nuevos consumos adolescentes se detect\u00f3 en el relevamiento, que en la regi\u00f3n, la edad de inicio de los consumos es entre los 12 y 13 a\u00f1os y que en la mayor\u00eda de los casos, la prevalencia de consumos se concentra en el alcohol, las bebidas energizantes y el vapeo, seguido por el tabaco y las sustancias il\u00edcitas. Entre otros aspectos indagados, se expuso que los adolescentes que consumen indicaron que recurren en b\u00fasqueda de ayuda en los amigos y las madres fundamentalmente. Estas conclusiones fueron clave para acordar un compromiso de los funcionarios presentes por hacer campa\u00f1as de prevenci\u00f3n universal enfocadas en la importancia del acompa\u00f1amiento y el involucramiento de las familias y en la puesta de l\u00edmites en edades tempranas.<\/p>\n<p>En este aspecto, Merlo, destac\u00f3 el trabajo que se va a realizar este 2026 haciendo prevenci\u00f3n en \u00e1mbitos de las Escuelas de Iniciaci\u00f3n Deportiva -que dependen de la Secretar\u00eda de Deportes- en la poblaci\u00f3n de entre 9 y 14 a\u00f1os.<\/p>\n<p>A la convocatoria del Cofedro Cuyo concurrieron funcionarios de \u00e1reas vinculadas con los Consumos Problem\u00e1ticos de Mendoza, La Rioja, San Luis y autoridades nacionales de Sedronar.<\/p>\n<\/p><\/div>\n<p><script async defer crossorigin=\"anonymous\" src=\"https:\/\/connect.facebook.net\/es_ES\/sdk.js#xfbml=1&#038;version=v3.3\"><\/script><\/p>\n","protected":false},"excerpt":{"rendered":"<p>Se reuni\u00f3 el Consejo Federal de Drogas (Cofedro) de la zona Cuyo, en La Rioja, y en representaci\u00f3n de la provincia de San Juan, estuvo la directora de Prevenci\u00f3n y Asistencia de los Consumos Problem\u00e1ticos, Daniela Merlo. Fue el primer encuentro del a\u00f1o y sirvi\u00f3 para exponer las pol\u00edticas p\u00fablicas que se trabajan bajo el [&hellip;]<\/p>\n","protected":false},"author":2,"featured_media":87995,"comment_status":"","ping_status":"","sticky":false,"template":"","format":"standard","meta":{"footnotes":""},"categories":[8],"tags":[],"_links":{"self":[{"href":"https:\/\/maxradio923.com.ar\/index.php\/wp-json\/wp\/v2\/posts\/87994"}],"collection":[{"href":"https:\/\/maxradio923.com.ar\/index.php\/wp-json\/wp\/v2\/posts"}],"about":[{"href":"https:\/\/maxradio923.com.ar\/index.php\/wp-json\/wp\/v2\/types\/post"}],"author":[{"embeddable":true,"href":"https:\/\/maxradio923.com.ar\/index.php\/wp-json\/wp\/v2\/users\/2"}],"replies":[{"embeddable":true,"href":"https:\/\/maxradio923.com.ar\/index.php\/wp-json\/wp\/v2\/comments?post=87994"}],"version-history":[{"count":0,"href":"https:\/\/maxradio923.com.ar\/index.php\/wp-json\/wp\/v2\/posts\/87994\/revisions"}],"wp:featuredmedia":[{"embeddable":true,"href":"https:\/\/maxradio923.com.ar\/index.php\/wp-json\/wp\/v2\/media\/87995"}],"wp:attachment":[{"href":"https:\/\/maxradio923.com.ar\/index.php\/wp-json\/wp\/v2\/media?parent=87994"}],"wp:term":[{"taxonomy":"category","embeddable":true,"href":"https:\/\/maxradio923.com.ar\/index.php\/wp-json\/wp\/v2\/categories?post=87994"},{"taxonomy":"post_tag","embeddable":true,"href":"https:\/\/maxradio923.com.ar\/index.php\/wp-json\/wp\/v2\/tags?post=87994"}],"curies":[{"name":"wp","href":"https:\/\/api.w.org\/{rel}","templated":true}]}}